{"id":10058,"date":"2022-04-10T12:47:38","date_gmt":"2022-04-10T10:47:38","guid":{"rendered":"https:\/\/jteblogi.sivustamo.dev\/?p=10058"},"modified":"2022-12-30T08:46:05","modified_gmt":"2022-12-30T06:46:05","slug":"pohjois-espanjan-alkukevaista-lintumaailmaa","status":"publish","type":"post","link":"https:\/\/jteblogi.sivustamo.dev\/?p=10058","title":{"rendered":"Pohjois-Espanjan alkukev\u00e4ist\u00e4 lintumaailmaa"},"content":{"rendered":"<p>Torstaina 31.3.2022 l\u00e4hdin iltap\u00e4iv\u00e4ll\u00e4 ajelemaan kohti Helsingin lentoasemaa, edess\u00e4 on lintureissu Pohjois-Espanjan Navarraan. Outi ei ollut t\u00e4ll\u00e4 kertaa\u00a0matkassa. Auton ajoin lentoasemalla parkkitaloon ja y\u00f6vyin T2- terminaalin tutussa Glo-hotellissa. Illalla nautin lasin kuohuvaa ja s\u00f6in maittavat spagetit lentoaseman tuloaulassa. Y\u00f6uni j\u00e4i aika lyhyeksi, koska her\u00e4tys oli jo klo 03.40.<br \/>\nPerjantaina 1.4.2022 alkoi varsinainen matkamme, tapasimme porukalla lentoasemalla klo 04.15 ja siirryttiin ulkomaanterminaaliin nauttimaan pient\u00e4 aamupalaa ennen Lufthansan koneen l\u00e4ht\u00f6\u00e4 M\u00fcncheniin. Saksassa oli nopea koneenvaihto ja jatkolento Bilbaoon, johon saavuttiin aikataulun mukaan klo 10.45. Retki oli Kari Korhosen (<em>Skaftung Nature<\/em>) j\u00e4rjest\u00e4m\u00e4 ja lis\u00e4kseni reissussa oli Karin ohella mukana Jouni Rautanen, Kari Arom\u00e4ki, Ilkka Iivonen, Jyrki Erik\u00e4inen, Raimo Tyni, Petri ja Heli Turkki, Liisa Salonen, Anneli Lappalainen, Kirsi L\u00e4hdesm\u00e4ki ja Jaakko Asplund. Kahteen autoon mahdumme, toista kuskaa Kari ja toista paikallisoppaamme Gorka Gorospe. Bilbaon lentoasemalla jo saatiin k\u00e4sitys vallitsevasta s\u00e4\u00e4tilasta \u2013 l\u00e4mp\u00f6\u00e4 oli vain 3-5 astetta sek\u00e4 rankkoja lumi\/r\u00e4nt\u00e4kuuroja.<\/p>\n<div id=\"attachment_10059\" style=\"width: 610px\" class=\"wp-caption alignnone\"><img loading=\"lazy\" decoding=\"async\" aria-describedby=\"caption-attachment-10059\" class=\"size-large wp-image-10059\" src=\"https:\/\/jteblogi.sivustamo.dev\/wp-content\/uploads\/2022\/04\/lumisade_Espanja_04_22-600x450.jpg\" alt=\"ESPANJAN LUMINEN MAISEMA YLL\u00c4TTI TULOP\u00c4IV\u00c4N\u00c4\" width=\"600\" height=\"450\" srcset=\"https:\/\/jteblogi.sivustamo.dev\/wp-content\/uploads\/2022\/04\/lumisade_Espanja_04_22-600x450.jpg 600w, https:\/\/jteblogi.sivustamo.dev\/wp-content\/uploads\/2022\/04\/lumisade_Espanja_04_22-300x225.jpg 300w, https:\/\/jteblogi.sivustamo.dev\/wp-content\/uploads\/2022\/04\/lumisade_Espanja_04_22.jpg 1000w\" sizes=\"auto, (max-width: 600px) 100vw, 600px\" \/><p id=\"caption-attachment-10059\" class=\"wp-caption-text\">ESPANJAN LUMINEN MAISEMA YLL\u00c4TTI TULOP\u00c4IV\u00c4N\u00c4<\/p><\/div>\n<p>Ei annettu s\u00e4\u00e4n h\u00e4irit\u00e4 vaan ajeltiin m\u00e4rill\u00e4 ja sohjoisilla teill\u00e4 n. 2 tunnin matka hotellimme, Ekai\u2019hin, Longidassa, Navarran maakunnassa melko l\u00e4hell\u00e4 Pamplonan kaupunkia. Matkalla pys\u00e4hdyttiin lounastamaan ja saavuttiin mukavaan hotellimme klo 14 aikoihin. Tavarat sis\u00e4\u00e4n ja nopeasti retkelle, jonka p\u00e4\u00e4kohde nyt iltap\u00e4iv\u00e4ll\u00e4-illalla oli lumikuurojen\u00a0 s\u00e4vytt\u00e4m\u00e4 Lumbierin rotkolaakso. N\u00e4htiin mm. harmaahaikara, <strong>mustahaikara<\/strong>, 20 haarahaukkaa, 15 isohaarahaukkaa, 2 pikkukorppikotkaa, n. 100 hanhikorppikotkaa, 2 k\u00e4\u00e4rmekotkaa, 3 sinisuohaukkaa, 5 hiirihaukkaa, 5 pikkukotkaa, 3 tuulihaukkaa, 2 muuttohaukkaa ja kalas\u00e4\u00e4ski.<\/p>\n<div id=\"attachment_10064\" style=\"width: 610px\" class=\"wp-caption alignnone\"><img loading=\"lazy\" decoding=\"async\" aria-describedby=\"caption-attachment-10064\" class=\"size-large wp-image-10064\" src=\"https:\/\/jteblogi.sivustamo.dev\/wp-content\/uploads\/2022\/04\/harjalintu_01_Espanja_04_22-600x343.jpg\" alt=\"LUMIPYRY OLI YLL\u00c4TT\u00c4NYT HARJALINNUTKIN\" width=\"600\" height=\"343\" srcset=\"https:\/\/jteblogi.sivustamo.dev\/wp-content\/uploads\/2022\/04\/harjalintu_01_Espanja_04_22-600x343.jpg 600w, https:\/\/jteblogi.sivustamo.dev\/wp-content\/uploads\/2022\/04\/harjalintu_01_Espanja_04_22-300x171.jpg 300w, https:\/\/jteblogi.sivustamo.dev\/wp-content\/uploads\/2022\/04\/harjalintu_01_Espanja_04_22.jpg 1050w\" sizes=\"auto, (max-width: 600px) 100vw, 600px\" \/><p id=\"caption-attachment-10064\" class=\"wp-caption-text\">LUMIPYRY OLI YLL\u00c4TT\u00c4NYT HARJALINNUTKIN<\/p><\/div>\n<p>&nbsp;<\/p>\n<div id=\"attachment_10060\" style=\"width: 610px\" class=\"wp-caption alignnone\"><img loading=\"lazy\" decoding=\"async\" aria-describedby=\"caption-attachment-10060\" class=\"size-large wp-image-10060\" src=\"https:\/\/jteblogi.sivustamo.dev\/wp-content\/uploads\/2022\/04\/isohaarahaukka_01_Espanja_04_22-600x400.jpg\" alt=\"ISOHAARAHAUKKOJA KIERTELI HOTELLINKIN YMP\u00c4RILL\u00c4\" width=\"600\" height=\"400\" srcset=\"https:\/\/jteblogi.sivustamo.dev\/wp-content\/uploads\/2022\/04\/isohaarahaukka_01_Espanja_04_22-600x400.jpg 600w, https:\/\/jteblogi.sivustamo.dev\/wp-content\/uploads\/2022\/04\/isohaarahaukka_01_Espanja_04_22-300x200.jpg 300w, https:\/\/jteblogi.sivustamo.dev\/wp-content\/uploads\/2022\/04\/isohaarahaukka_01_Espanja_04_22.jpg 1050w\" sizes=\"auto, (max-width: 600px) 100vw, 600px\" \/><p id=\"caption-attachment-10060\" class=\"wp-caption-text\">ISOHAARAHAUKKOJA KIERTELI HOTELLINKIN YMP\u00c4RILL\u00c4<\/p><\/div>\n<p>Lis\u00e4ksi n\u00e4htiin mm. 3 pikkutylli\u00e4, <strong>40 alppikiit\u00e4j\u00e4\u00e4<\/strong>, 35 alppivarista, 2 tulip\u00e4\u00e4hippi\u00e4ist\u00e4, pyrst\u00f6tiainen, 50 kalliop\u00e4\u00e4sky\u00e4, 2 tiltalttia, 7 mustap\u00e4\u00e4kerttua, 3 peukaloista, 10 mustalepp\u00e4lintua, 2 lepp\u00e4lintua, 5 mustap\u00e4\u00e4taskua, kivitasku, j\u00e4rripeippo, 3 pensassirkkua ja harmaasirkku. Hotellilla nautittiin mainio illallinen ennen pitk\u00e4n matkap\u00e4iv\u00e4n vaihtumista y\u00f6uniin.<\/p>\n<div id=\"attachment_10061\" style=\"width: 610px\" class=\"wp-caption alignnone\"><img loading=\"lazy\" decoding=\"async\" aria-describedby=\"caption-attachment-10061\" class=\"size-large wp-image-10061\" src=\"https:\/\/jteblogi.sivustamo.dev\/wp-content\/uploads\/2022\/04\/Gorka_Lumbierin_sola-600x450.jpg\" alt=\"PAIKALLISOPPAAMME GORKA LUMBIERIN LAAKSOSSA\" width=\"600\" height=\"450\" srcset=\"https:\/\/jteblogi.sivustamo.dev\/wp-content\/uploads\/2022\/04\/Gorka_Lumbierin_sola-600x450.jpg 600w, https:\/\/jteblogi.sivustamo.dev\/wp-content\/uploads\/2022\/04\/Gorka_Lumbierin_sola-300x225.jpg 300w, https:\/\/jteblogi.sivustamo.dev\/wp-content\/uploads\/2022\/04\/Gorka_Lumbierin_sola.jpg 1000w\" sizes=\"auto, (max-width: 600px) 100vw, 600px\" \/><p id=\"caption-attachment-10061\" class=\"wp-caption-text\">PAIKALLISOPPAAMME GORKA GOROSPE LUMBIERIN LAAKSOSSA<\/p><\/div>\n<p>Lauantaina 2.4.2022 aamu valkeni lumisena ja puolipilvisen\u00e4, l\u00e4mp\u00f6\u00e4 oli vain 1 aste. Aamiaisen j\u00e4lkeen l\u00e4hdettiin reippaasti koko p\u00e4iv\u00e4n retkelle ja s\u00e4\u00e4 parani pitkin p\u00e4iv\u00e4\u00e4 \u2013 sateet loppuivat, lumi suli terhakkaasti (l\u00e4mp\u00f6\u00e4 oli enimmill\u00e4\u00e4n 7 astetta), mutta pohjoistuuli oli edelleen navakkaa ja koleaa. Ajettiin aamun sohjokeliss\u00e4 runsaan tunnin matka Ablitaksen pelto- ja niittyalueille, josta l\u00f6ytyi mm. <strong>19 isotrappia<\/strong>, <strong>paksujalka<\/strong> ja runsaasti petolintuja. Harmillisen kaukana olivat trapit kuvausta ajatellen.<\/p>\n<div id=\"attachment_10062\" style=\"width: 610px\" class=\"wp-caption alignnone\"><img loading=\"lazy\" decoding=\"async\" aria-describedby=\"caption-attachment-10062\" class=\"size-large wp-image-10062\" src=\"https:\/\/jteblogi.sivustamo.dev\/wp-content\/uploads\/2022\/04\/isotrappi_01_Espanja_04_22-600x343.jpg\" alt=\"KAUKAA OTETTU DOKUMENTTIKUVA ISOTRAPISTA\" width=\"600\" height=\"343\" srcset=\"https:\/\/jteblogi.sivustamo.dev\/wp-content\/uploads\/2022\/04\/isotrappi_01_Espanja_04_22-600x343.jpg 600w, https:\/\/jteblogi.sivustamo.dev\/wp-content\/uploads\/2022\/04\/isotrappi_01_Espanja_04_22-300x171.jpg 300w, https:\/\/jteblogi.sivustamo.dev\/wp-content\/uploads\/2022\/04\/isotrappi_01_Espanja_04_22.jpg 1050w\" sizes=\"auto, (max-width: 600px) 100vw, 600px\" \/><p id=\"caption-attachment-10062\" class=\"wp-caption-text\">KAUKAA OTETTU DOKUMENTTIKUVA ISOTRAPISTA<\/p><\/div>\n<p>Siirryttiin hiljalleen Marzillaan, jossa k\u00e4ytiin p\u00e4iv\u00e4kahvilla, ja sielt\u00e4 edelleen Lagunas dos Reinos\u2019in j\u00e4rvelle ja sen j\u00e4lkeen viel\u00e4 Laguna de Pitillaksen opastuskeskukseen ja j\u00e4rve\u00e4 ymp\u00e4r\u00f6iv\u00e4lle hiekkatielle. Viihdyttiin siell\u00e4 my\u00f6h\u00e4\u00e4n iltap\u00e4iv\u00e4\u00e4n, kunnes ajettiin illaksi takaisin hotellille ja maittavalle illalliselle. P\u00e4iv\u00e4n muita havaintoja olivat mm. 10 kyhmyjoutsenta, 2 merihanhea, 3 harmaasorsaa, 50 lapasorsaa, 16 punasotkaa, 10 harmaahaikaraa, 10 kattohaikaraa, 15 pikku-uikkua ja petolintuja mm. 15 haarahaukkaa, 5 isohaarahaukkaa, 3 pikkukorppikotkaa, 130 hanhikorppikotkaa, 3 k\u00e4\u00e4rmekotkaa, 45 ruskosuohaukkaa, 2 sinisuohaukkaa, pikkukotka, 5 hiirihaukkaa, ampuhaukka ja 10 tuulihaukkaa. Lis\u00e4ksi n\u00e4htiin mm. 5 pitk\u00e4jalkaa, 70 mustapyrst\u00f6kuiria, 40 suokukkoa, 2 mets\u00e4vikloa, 3 valkovikloa, 3 punajalkavikloa, minervanp\u00f6ll\u00f6 ja 5 harjalintua.<\/p>\n<div id=\"attachment_10063\" style=\"width: 610px\" class=\"wp-caption alignnone\"><img loading=\"lazy\" decoding=\"async\" aria-describedby=\"caption-attachment-10063\" class=\"size-large wp-image-10063\" src=\"https:\/\/jteblogi.sivustamo.dev\/wp-content\/uploads\/2022\/04\/minervanp\u00f6ll\u00f6_01_Espanja_04_22-600x400.jpg\" alt=\"MINERVANP\u00d6LL\u00d6J\u00c4 N\u00c4HTIIN KOKO RETKELL\u00c4 VAIN KAKSI\" width=\"600\" height=\"400\" srcset=\"https:\/\/jteblogi.sivustamo.dev\/wp-content\/uploads\/2022\/04\/minervanp\u00f6ll\u00f6_01_Espanja_04_22-600x400.jpg 600w, https:\/\/jteblogi.sivustamo.dev\/wp-content\/uploads\/2022\/04\/minervanp\u00f6ll\u00f6_01_Espanja_04_22-300x200.jpg 300w, https:\/\/jteblogi.sivustamo.dev\/wp-content\/uploads\/2022\/04\/minervanp\u00f6ll\u00f6_01_Espanja_04_22.jpg 1050w\" sizes=\"auto, (max-width: 600px) 100vw, 600px\" \/><p id=\"caption-attachment-10063\" class=\"wp-caption-text\">MINERVANP\u00d6LL\u00d6J\u00c4 N\u00c4HTIIN KOKO RETKELL\u00c4 VAIN KAKSI<\/p><\/div>\n<p>Pikkulinnuista mainittakoon mm. viiksitimali, 40 arokiurua, 4 t\u00f6rm\u00e4p\u00e4\u00e4sky\u00e4, 300 r\u00e4yst\u00e4sp\u00e4\u00e4sky\u00e4, 4 silkkikerttua, 25 mustalepp\u00e4lintua, 2 lepp\u00e4lintua, 10 mustap\u00e4\u00e4taskua, 3 komeaa <strong>rusotaskua<\/strong>, 10 keltav\u00e4st\u00e4r\u00e4kki\u00e4, 7 keltahemppoa, 40 harmaasirkkua ja v\u00e4h\u00e4n yll\u00e4tt\u00e4en <strong>2 vuorisirkkua<\/strong>. P\u00e4iv\u00e4 parani hiljalleen iltaa kohti, my\u00f6s lintujen osalta, vaikka kev\u00e4tmuutto on t\u00e4\u00e4ll\u00e4 selv\u00e4sti jumissa kylmien s\u00e4iden ja pohjoisvirtauksen takia.<\/p>\n<div id=\"attachment_10065\" style=\"width: 610px\" class=\"wp-caption alignnone\"><img loading=\"lazy\" decoding=\"async\" aria-describedby=\"caption-attachment-10065\" class=\"size-large wp-image-10065\" src=\"https:\/\/jteblogi.sivustamo.dev\/wp-content\/uploads\/2022\/04\/rusotasku_02_Espanja_04_22-600x314.jpg\" alt=\"RUSOTASKU ON KAUNIS TASKULAJI\" width=\"600\" height=\"314\" srcset=\"https:\/\/jteblogi.sivustamo.dev\/wp-content\/uploads\/2022\/04\/rusotasku_02_Espanja_04_22-600x314.jpg 600w, https:\/\/jteblogi.sivustamo.dev\/wp-content\/uploads\/2022\/04\/rusotasku_02_Espanja_04_22-300x157.jpg 300w, https:\/\/jteblogi.sivustamo.dev\/wp-content\/uploads\/2022\/04\/rusotasku_02_Espanja_04_22.jpg 1050w\" sizes=\"auto, (max-width: 600px) 100vw, 600px\" \/><p id=\"caption-attachment-10065\" class=\"wp-caption-text\">RUSOTASKU ON KAUNIS TASKULAJI<\/p><\/div>\n<p>Sunnuntaina 3.4.2022 s\u00e4\u00e4 jo v\u00e4h\u00e4n rauhoittui \u2013 ei sadetta, aurinkoa, l\u00e4mp\u00f6\u00e4 4-5 astetta, mutta kovaa pohjoistuulta edelleen. Aamiaisen j\u00e4lkeen l\u00e4hdettiin taas runsaan tunnin ajomatkalle Ablitakseen, nyt kuitenkin ns. kiurualueille. Siell\u00e4 vier\u00e4hti muutama tunti, sitten p\u00e4iv\u00e4piknikin j\u00e4lkeen siirryttiin Laguna de Lor\u2019ille ja sielt\u00e4 Pulgueriin. Illansuussa ajettiin takaisin hotellille, mutta matkalla viel\u00e4 otettiin kunnon pys\u00e4hdys ja staiji Monreal Balsa del Canalilla. Kiurualueella (ja ymp\u00e4rist\u00f6ss\u00e4) n\u00e4htiin mm. 5 punapyyt\u00e4, <strong>pikkutuulihaukka<\/strong>, ampuhaukka, <strong>3 jouhihietakyyhky\u00e4<\/strong>, 3 huuhkajaa (<em>ad<\/em>, 2 <em>pull<\/em>), minervanp\u00f6ll\u00f6, 2 etel\u00e4nisolepink\u00e4ist\u00e4, 5 alppivarista, 3 rusotaskua, 3 kivikkot\u00f6yht\u00f6kiurua, 30 lyhytvarvaskiurua, 250 arokiurua, 8 pikkukiurua ja kaikkiaan 5 enemm\u00e4n tai v\u00e4hemm\u00e4n aktiivisesti laulavaa <strong>kaitanokkakiurua<\/strong>. Lyhyit\u00e4 vilauksia lukuun ottamatta kaitanokkakiuruja ei saatu kameran eteen, niin taitavasti ne lajityypillisesti piilottelevat. V\u00e4h\u00e4n harmitti, olenhan t\u00e4t\u00e4 k\u00e4hmyilev\u00e4\u00e4 lajia ennenkin yritt\u00e4nyt kuvata yht\u00e4 laihoin tuloksin..<\/p>\n<div id=\"attachment_10066\" style=\"width: 610px\" class=\"wp-caption alignnone\"><img loading=\"lazy\" decoding=\"async\" aria-describedby=\"caption-attachment-10066\" class=\"size-large wp-image-10066\" src=\"https:\/\/jteblogi.sivustamo.dev\/wp-content\/uploads\/2022\/04\/keltahemppo_01_Espanja_04_22-600x343.jpg\" alt=\"KELTAHAMPPO OLI VARSIN YLEINEN\" width=\"600\" height=\"343\" srcset=\"https:\/\/jteblogi.sivustamo.dev\/wp-content\/uploads\/2022\/04\/keltahemppo_01_Espanja_04_22-600x343.jpg 600w, https:\/\/jteblogi.sivustamo.dev\/wp-content\/uploads\/2022\/04\/keltahemppo_01_Espanja_04_22-300x171.jpg 300w, https:\/\/jteblogi.sivustamo.dev\/wp-content\/uploads\/2022\/04\/keltahemppo_01_Espanja_04_22.jpg 1050w\" sizes=\"auto, (max-width: 600px) 100vw, 600px\" \/><p id=\"caption-attachment-10066\" class=\"wp-caption-text\">KELTAHAMPPO OLI VARSIN YLEINEN<\/p><\/div>\n<p>Muita p\u00e4iv\u00e4n havaintoja olivat mm. 9 punap\u00e4\u00e4narskua, 15 lehm\u00e4haikaraa, 20 kattohaikaraa, 4 silkkiuikkua, 20 haarahaukkaa, 10 isohaarahaukkaa, pikkukorppikotka, 30 hanhikorppikotkaa, k\u00e4\u00e4rmekotka, pikkukotka, kalas\u00e4\u00e4ski, 8 tuulihaukkaa, 20 ruskosuohaukkaa, sinisuohaukka ja 5 hiirihaukkaa. Lis\u00e4ksi n\u00e4htiin 2 liejukanaa, 2 kurkea, pitk\u00e4jalka, <strong>12 hietakyyhky\u00e4<\/strong>, 8 harjalintua, pikkupensaskerttu, 10 mustap\u00e4\u00e4taskua, virtav\u00e4st\u00e4r\u00e4kki, 3 vuorikirvist\u00e4, 4 pensassirkkua, 5 keltahemppoa ja kymmeni\u00e4 harmaasirkkuja. Illallinen oli taas eritt\u00e4in hyv\u00e4 ja runsas.<\/p>\n<div id=\"attachment_10067\" style=\"width: 610px\" class=\"wp-caption alignnone\"><img loading=\"lazy\" decoding=\"async\" aria-describedby=\"caption-attachment-10067\" class=\"size-large wp-image-10067\" src=\"https:\/\/jteblogi.sivustamo.dev\/wp-content\/uploads\/2022\/04\/vuorikirvinen_01_Espanja_04_22-600x314.jpg\" alt=\"VUORIKIRVISI\u00c4 N\u00c4HTIIN L\u00c4HES P\u00c4IVITT\u00c4IN\" width=\"600\" height=\"314\" srcset=\"https:\/\/jteblogi.sivustamo.dev\/wp-content\/uploads\/2022\/04\/vuorikirvinen_01_Espanja_04_22-600x314.jpg 600w, https:\/\/jteblogi.sivustamo.dev\/wp-content\/uploads\/2022\/04\/vuorikirvinen_01_Espanja_04_22-300x157.jpg 300w, https:\/\/jteblogi.sivustamo.dev\/wp-content\/uploads\/2022\/04\/vuorikirvinen_01_Espanja_04_22.jpg 1050w\" sizes=\"auto, (max-width: 600px) 100vw, 600px\" \/><p id=\"caption-attachment-10067\" class=\"wp-caption-text\">VUORIKIRVISI\u00c4 N\u00c4HTIIN L\u00c4HES P\u00c4IVITT\u00c4IN<\/p><\/div>\n<p>Maanantaina 4.4.2022 oli vaihteeksi kev\u00e4isen kaunis p\u00e4iv\u00e4. Tuuli oli heikentynyt, ilma oli l\u00e4mmennyt (12 astetta) ja taivas oli nyt pilvet\u00f6n. Aamulla l\u00e4hdimme ennen auringonnousua hotellin l\u00e4hiseudun kierrokselle ja palattiin klo 09.30 sy\u00f6m\u00e4\u00e4n aamiainen. Sen j\u00e4lkeen vuorossa oli k\u00e4ynti uudelleen Lumbierin rotkolaaksossa ja nyt paljon edellist\u00e4 lumikuurovisiitti\u00e4 tuottoisimmissa merkeiss\u00e4. Sielt\u00e4 jatkettiin toiseen rotkolaaksoon, Foz de Arabaiumiin, jossa pidettiin kahvi-\u00a0 ja pikniktauko ennen siirtymist\u00e4 Salgueza Puradoran altaille. K\u00e4ytiin viel\u00e4 Galli Pienzon sillan tuntumassa ennen paluuta hotellille ja pikku porukalla tehtiin viel\u00e4 illansuussa k\u00e4vely hotellialueen reunametsiss\u00e4. Lumbierin k\u00e4ynti oli tuloksekas, n\u00e4htiin mm. <strong>2 vuorikotkaa<\/strong>, <strong>kalliokiipij\u00e4<\/strong> (kaukaa ja melko l\u00e4helt\u00e4), koskikara, 40 alppivarista, 3 sinirastasta ja 2 tulip\u00e4\u00e4hippi\u00e4ist\u00e4.<\/p>\n<div id=\"attachment_10068\" style=\"width: 610px\" class=\"wp-caption alignnone\"><img loading=\"lazy\" decoding=\"async\" aria-describedby=\"caption-attachment-10068\" class=\"size-large wp-image-10068\" src=\"https:\/\/jteblogi.sivustamo.dev\/wp-content\/uploads\/2022\/04\/kalliokiipij\u00e4_04_Espanja_04_22-600x314.jpg\" alt=\"MONIEN TOIVOMA KALLIOKIIPIJ\u00c4 L\u00d6YTYI LUMBIERISTA\" width=\"600\" height=\"314\" srcset=\"https:\/\/jteblogi.sivustamo.dev\/wp-content\/uploads\/2022\/04\/kalliokiipij\u00e4_04_Espanja_04_22-600x314.jpg 600w, https:\/\/jteblogi.sivustamo.dev\/wp-content\/uploads\/2022\/04\/kalliokiipij\u00e4_04_Espanja_04_22-300x157.jpg 300w, https:\/\/jteblogi.sivustamo.dev\/wp-content\/uploads\/2022\/04\/kalliokiipij\u00e4_04_Espanja_04_22.jpg 1050w\" sizes=\"auto, (max-width: 600px) 100vw, 600px\" \/><p id=\"caption-attachment-10068\" class=\"wp-caption-text\">MONIEN TOIVOMA KALLIOKIIPIJ\u00c4 L\u00d6YTYI LUMBIERISTA<\/p><\/div>\n<p>Muualla n\u00e4htiin mm. 2 punapyyt\u00e4, silkkihaikara, <strong>mustahaikara<\/strong>, 2 kattohaikaraa, 8 pikku-uikkua, 30 haarahaukkaa, 8 isohaarahaukkaa, pikkukorppikotka, n. 100 hanhikorppikotkaa, k\u00e4\u00e4rmekotka, pikkukotka, tylli, suosirri, 2 mets\u00e4vikloa, \u00a08 harjalintua, kuningaskalastaja, 4 iberianvihertikkaa ja k\u00e4enpiika. Pikkulinnuista mainittakoon mm. 2 pyrst\u00f6tiaista, 7 silkkikerttua, n. 300 mustap\u00e4\u00e4kerttua, 3 samettip\u00e4\u00e4kerttua, koiras <strong>l\u00e4nnenrusokerttu<\/strong> Puradoran altailla, 2 p\u00e4hkin\u00e4nakkelia, 3 etel\u00e4npuukiipij\u00e4\u00e4, 10 peukaloista, kulorastas, 4 kalliovarpusta, 5 vuorikirvist\u00e4, virtav\u00e4st\u00e4r\u00e4kki, 6 pensassirkkua ja 20 keltahemppoa. Lis\u00e4ksi aamulla n\u00e4htiin hotellin l\u00e4hell\u00e4 <strong>2 sepelrastasta<\/strong>, <em>alpestris<\/em>-tyyppisi\u00e4. Mainion illallisen my\u00f6t\u00e4 todettiin, ett\u00e4 olipa ihan hyv\u00e4 lintup\u00e4iv\u00e4.<\/p>\n<div id=\"attachment_10069\" style=\"width: 610px\" class=\"wp-caption alignnone\"><img loading=\"lazy\" decoding=\"async\" aria-describedby=\"caption-attachment-10069\" class=\"size-large wp-image-10069\" src=\"https:\/\/jteblogi.sivustamo.dev\/wp-content\/uploads\/2022\/04\/l\u00e4nnenrusokerttu_01_Espanja_04_22-600x314.jpg\" alt=\"L\u00c4NNENRUSOKERTTU OLI VILKAS JA HANKALASTI KUVATTAVISSA\" width=\"600\" height=\"314\" srcset=\"https:\/\/jteblogi.sivustamo.dev\/wp-content\/uploads\/2022\/04\/l\u00e4nnenrusokerttu_01_Espanja_04_22-600x314.jpg 600w, https:\/\/jteblogi.sivustamo.dev\/wp-content\/uploads\/2022\/04\/l\u00e4nnenrusokerttu_01_Espanja_04_22-300x157.jpg 300w, https:\/\/jteblogi.sivustamo.dev\/wp-content\/uploads\/2022\/04\/l\u00e4nnenrusokerttu_01_Espanja_04_22.jpg 1050w\" sizes=\"auto, (max-width: 600px) 100vw, 600px\" \/><p id=\"caption-attachment-10069\" class=\"wp-caption-text\">L\u00c4NNENRUSOKERTTU OLI VILKAS JA HANKALASTI KUVATTAVISSA<\/p><\/div>\n<p>Tiistaina 5.4.2022 jatkui hieno s\u00e4\u00e4 \u2013 pilvet\u00f6nt\u00e4, l\u00e4hes tyynt\u00e4 ja l\u00e4mp\u00f6\u00e4 12 astetta. L\u00e4hdettiin v\u00e4h\u00e4n aikaistetun aamiaisen j\u00e4lkeen kohti Pyrenneiden vuoristoa, kohteena Larra Belaguen alue l\u00e4hes 2000 m korkeudessa aivan Ranskan rajalla. Viivyttiin siell\u00e4 lumisten maisemien keskell\u00e4 pitk\u00e4\u00e4n ja paluumatkalla k\u00e4ytiin Isaban ja Rocalin pikkukyliss\u00e4 ja pidempi aika Foz de Burgen jokilaaksossa. Takaisin hotellilla oltiin klo 18.30.<\/p>\n<div id=\"attachment_10070\" style=\"width: 610px\" class=\"wp-caption alignnone\"><img loading=\"lazy\" decoding=\"async\" aria-describedby=\"caption-attachment-10070\" class=\"size-large wp-image-10070\" src=\"https:\/\/jteblogi.sivustamo.dev\/wp-content\/uploads\/2022\/04\/jouni-ja-m\u00e4-600x400.jpg\" alt=\"JOUNI JA MIN\u00c4 TYYTYV\u00c4ISIN\u00c4 LUMIVARPUSIIN\" width=\"600\" height=\"400\" srcset=\"https:\/\/jteblogi.sivustamo.dev\/wp-content\/uploads\/2022\/04\/jouni-ja-m\u00e4-600x400.jpg 600w, https:\/\/jteblogi.sivustamo.dev\/wp-content\/uploads\/2022\/04\/jouni-ja-m\u00e4-300x200.jpg 300w, https:\/\/jteblogi.sivustamo.dev\/wp-content\/uploads\/2022\/04\/jouni-ja-m\u00e4.jpg 1050w\" sizes=\"auto, (max-width: 600px) 100vw, 600px\" \/><p id=\"caption-attachment-10070\" class=\"wp-caption-text\">JOUNI JA MIN\u00c4 TYYTYV\u00c4ISIN\u00c4 LUMIVARPUSIIN<\/p><\/div>\n<p>N\u00e4htiin t\u00e4n\u00e4\u00e4n mm. 3 punapyyt\u00e4, 3 alppikiit\u00e4j\u00e4\u00e4, harjalintu, n\u00e4rhi, 70 alppivarista ja 20 kalliop\u00e4\u00e4sky\u00e4. Pikkulinnuista mainittavia olivat mm. p\u00e4hkin\u00e4nakkeli, per\u00e4ti 9 <em>alpestris<\/em>-tyyppist\u00e4 <strong>sepelrastasta<\/strong> (osa my\u00f6s lauloi innokkaasti), 2 kulorastasta, 10 mustap\u00e4\u00e4taskua, <strong>2 alppirautiaista<\/strong>, 12 vuorikirvist\u00e4, mets\u00e4kirvinen, 4 virtav\u00e4st\u00e4r\u00e4kki\u00e4, 7 pikkuk\u00e4pylintua, <strong>5 sitruunahemppoa<\/strong> ja per\u00e4ti <strong>17 lumivarpusta<\/strong>. Viime mainitut olivat kaikki hyvin korkealla, kolmessa pikku parvessa, mutta niin hankalissa paikoissa, ett\u00e4 harmikseni kuvia ei saatu \u2013 tulipahan kuitenkin kaikille lajista elis. Hienoja!<\/p>\n<p><img loading=\"lazy\" decoding=\"async\" class=\"alignnone size-large wp-image-10071\" src=\"https:\/\/jteblogi.sivustamo.dev\/wp-content\/uploads\/2022\/04\/sepelrastas_01_Espanja_04_22-600x371.jpg\" alt=\"sepelrastas_01_Espanja_04_22\" width=\"600\" height=\"371\" srcset=\"https:\/\/jteblogi.sivustamo.dev\/wp-content\/uploads\/2022\/04\/sepelrastas_01_Espanja_04_22-600x371.jpg 600w, https:\/\/jteblogi.sivustamo.dev\/wp-content\/uploads\/2022\/04\/sepelrastas_01_Espanja_04_22-300x186.jpg 300w, https:\/\/jteblogi.sivustamo.dev\/wp-content\/uploads\/2022\/04\/sepelrastas_01_Espanja_04_22.jpg 1050w\" sizes=\"auto, (max-width: 600px) 100vw, 600px\" \/><\/p>\n<div id=\"attachment_10072\" style=\"width: 610px\" class=\"wp-caption alignnone\"><img loading=\"lazy\" decoding=\"async\" aria-describedby=\"caption-attachment-10072\" class=\"size-large wp-image-10072\" src=\"https:\/\/jteblogi.sivustamo.dev\/wp-content\/uploads\/2022\/04\/sepelrastas_02_Espanja_04_22-600x371.jpg\" alt=\"ALPESTRIS-TYYPPISET SEPELRASTAAT LAULOIVAT HIENOSTI LUMISILLA ALUEILLA\" width=\"600\" height=\"371\" srcset=\"https:\/\/jteblogi.sivustamo.dev\/wp-content\/uploads\/2022\/04\/sepelrastas_02_Espanja_04_22-600x371.jpg 600w, https:\/\/jteblogi.sivustamo.dev\/wp-content\/uploads\/2022\/04\/sepelrastas_02_Espanja_04_22-300x186.jpg 300w, https:\/\/jteblogi.sivustamo.dev\/wp-content\/uploads\/2022\/04\/sepelrastas_02_Espanja_04_22.jpg 1050w\" sizes=\"auto, (max-width: 600px) 100vw, 600px\" \/><p id=\"caption-attachment-10072\" class=\"wp-caption-text\"><em>ALPESTRIS<\/em>-TYYPPISET SEPELRASTAAT LAULOIVAT HIENOSTI LUMISILLA ALUEILLA<\/p><\/div>\n<p>Petolintujakin n\u00e4htiin komeasti, 10 haarahaukkaa, 14 isohaarahaukkaa, 12 pikkukorppikotkaa, n. 60 hanhikorppikotkaa, 4 k\u00e4\u00e4rmekotkaa, ruskosuohaukka, 3 varpushaukkaa, 5 hiirihaukkaa, 3 pikkukotkaa, komea 2kv maakotka, 5 tuulihaukkaa, muuttohaukka ja sek\u00e4 <em>ad<\/em> ett\u00e4 <em>juv<\/em> <strong>partakorppikotka<\/strong> Foz de Burgessa. Monille \u201dlammeri\u201d oli yksi retken toivelajeista. Isaban vanhalla kirkolla talvehtineet kalliokiipij\u00e4t puolestaan olivat t\u00e4n\u00e4\u00e4n poissa. Illalla nautittiin j\u00e4lleen aivan mainio yhteinen illallinen, auringon ahavoittamien hymyilevien kasvojen kera.<\/p>\n<div id=\"attachment_10073\" style=\"width: 610px\" class=\"wp-caption alignnone\"><img loading=\"lazy\" decoding=\"async\" aria-describedby=\"caption-attachment-10073\" class=\"size-large wp-image-10073\" src=\"https:\/\/jteblogi.sivustamo.dev\/wp-content\/uploads\/2022\/04\/maakotka_01_Espanja_04_22-600x343.jpg\" alt=\"NUORI MAAKOTKA PYRENNEILL\u00c4\" width=\"600\" height=\"343\" srcset=\"https:\/\/jteblogi.sivustamo.dev\/wp-content\/uploads\/2022\/04\/maakotka_01_Espanja_04_22-600x343.jpg 600w, https:\/\/jteblogi.sivustamo.dev\/wp-content\/uploads\/2022\/04\/maakotka_01_Espanja_04_22-300x171.jpg 300w, https:\/\/jteblogi.sivustamo.dev\/wp-content\/uploads\/2022\/04\/maakotka_01_Espanja_04_22.jpg 1050w\" sizes=\"auto, (max-width: 600px) 100vw, 600px\" \/><p id=\"caption-attachment-10073\" class=\"wp-caption-text\">NUORI MAAKOTKA PYRENNEILL\u00c4<\/p><\/div>\n<div id=\"attachment_10074\" style=\"width: 610px\" class=\"wp-caption alignnone\"><img loading=\"lazy\" decoding=\"async\" aria-describedby=\"caption-attachment-10074\" class=\"size-large wp-image-10074\" src=\"https:\/\/jteblogi.sivustamo.dev\/wp-content\/uploads\/2022\/04\/partakorppikotka_02_Espanja_04_22-600x314.jpg\" alt=\"..JA NUORI PARTAKORPPIKOTKA\" width=\"600\" height=\"314\" srcset=\"https:\/\/jteblogi.sivustamo.dev\/wp-content\/uploads\/2022\/04\/partakorppikotka_02_Espanja_04_22-600x314.jpg 600w, https:\/\/jteblogi.sivustamo.dev\/wp-content\/uploads\/2022\/04\/partakorppikotka_02_Espanja_04_22-300x157.jpg 300w, https:\/\/jteblogi.sivustamo.dev\/wp-content\/uploads\/2022\/04\/partakorppikotka_02_Espanja_04_22.jpg 1050w\" sizes=\"auto, (max-width: 600px) 100vw, 600px\" \/><p id=\"caption-attachment-10074\" class=\"wp-caption-text\">..JA NUORI PARTAKORPPIKOTKA<\/p><\/div>\n<p>Keskiviikkona 6.4.2022 oli mets\u00e4retkip\u00e4iv\u00e4. S\u00e4\u00e4 oli puolipilvinen, iltap\u00e4iv\u00e4ll\u00e4 v\u00e4h\u00e4n tihkusumuakin, tuuli heikkoa ja l\u00e4mp\u00f6\u00e4 yli 10 astetta. Aamiaisen j\u00e4lkeen tehtiin taas tunnin kierros hotellin l\u00e4hialueella ja sen j\u00e4lkeen ajettiin eka kohteeseemme eli Los Paraisos-Erlan\u2019in ns. tikkamets\u00e4\u00e4n. Pitk\u00e4hk\u00f6 kierros tuotti parille (Liisa &amp; Raimo) porukastamme <strong>valkoselk\u00e4tikan<\/strong>, meille muille j\u00e4i mm. tavallinen puukiipij\u00e4, 5 viitatiaista, 2 t\u00f6yht\u00f6tiaista, muutama p\u00e4hkin\u00e4nakkeli ja 5 tulip\u00e4\u00e4hippi\u00e4ist\u00e4. Seuraava kohde oli Ariztokian mets\u00e4, josta l\u00f6ytyi mm. <strong>3 tammitikkaa<\/strong>, iberianvihertikka ja muutama p\u00e4hkin\u00e4nakkeli. Jatkettiin matkaa Zaldvaan ja Rio Urrobille, joissa n\u00e4htiin mm. 5 koskikaraa ja 2 virtav\u00e4st\u00e4r\u00e4kki\u00e4.<\/p>\n<div id=\"attachment_10075\" style=\"width: 610px\" class=\"wp-caption alignnone\"><img loading=\"lazy\" decoding=\"async\" aria-describedby=\"caption-attachment-10075\" class=\"size-large wp-image-10075\" src=\"https:\/\/jteblogi.sivustamo.dev\/wp-content\/uploads\/2022\/04\/k\u00e4\u00e4rmekotka_02_Espanja_04_22-600x371.jpg\" alt=\"K\u00c4\u00c4RMEKOTKIA N\u00c4HTIIN MUUTAMA YKSIL\u00d6\" width=\"600\" height=\"371\" srcset=\"https:\/\/jteblogi.sivustamo.dev\/wp-content\/uploads\/2022\/04\/k\u00e4\u00e4rmekotka_02_Espanja_04_22-600x371.jpg 600w, https:\/\/jteblogi.sivustamo.dev\/wp-content\/uploads\/2022\/04\/k\u00e4\u00e4rmekotka_02_Espanja_04_22-300x186.jpg 300w, https:\/\/jteblogi.sivustamo.dev\/wp-content\/uploads\/2022\/04\/k\u00e4\u00e4rmekotka_02_Espanja_04_22.jpg 1050w\" sizes=\"auto, (max-width: 600px) 100vw, 600px\" \/><p id=\"caption-attachment-10075\" class=\"wp-caption-text\">K\u00c4\u00c4RMEKOTKIA N\u00c4HTIIN MUUTAMA YKSIL\u00d6<\/p><\/div>\n<p>Illan viimeinen staiji tehtiin Inarben j\u00e4rven rannalla, jossa n\u00e4htiin mm. 3 pikkukorppikotkaa ja <strong>2 partakorppikotkaa<\/strong>. Muita p\u00e4iv\u00e4n havaintoja olivat mm. 7 haarahaukkaa, 4 isohaarahaukkaa, <strong>vuorikotka<\/strong>, 2 ruskosuohaukkaa, 6 hiirihaukkaa, 2 varpushaukkaa, maakotka ja tuulihaukka. Lis\u00e4ksi havaittiin mm. 2 taivaanvuohta, 2 harjalintua, 2 k\u00e4enpiikaa, 2 iberianvihertikkaa, 2 n\u00e4rhe\u00e4, 5 kuusitiaista, 3 pyrst\u00f6tiaista, 6 silkkikerttua, 2 k\u00e4enpiikaa, kirjosieppo, 8 etel\u00e4npuukiipij\u00e4\u00e4, 3 kulorastasta, 2 lepp\u00e4lintua, rautiainen, 15 vuorikirvist\u00e4 ja 3 pensassirkkua. Illallisella maisteltiin taas paikallisia erikoisuuksia ja hyvi\u00e4 viinej\u00e4.<\/p>\n<div id=\"attachment_10076\" style=\"width: 610px\" class=\"wp-caption alignnone\"><img loading=\"lazy\" decoding=\"async\" aria-describedby=\"caption-attachment-10076\" class=\"size-large wp-image-10076\" src=\"https:\/\/jteblogi.sivustamo.dev\/wp-content\/uploads\/2022\/04\/mustap\u00e4\u00e4tasku_01_Espanja_04_22-600x371.jpg\" alt=\"MUSTAP\u00c4\u00c4TASKUJA N\u00c4HTIIN LIKI P\u00c4IVITT\u00c4IN\" width=\"600\" height=\"371\" srcset=\"https:\/\/jteblogi.sivustamo.dev\/wp-content\/uploads\/2022\/04\/mustap\u00e4\u00e4tasku_01_Espanja_04_22-600x371.jpg 600w, https:\/\/jteblogi.sivustamo.dev\/wp-content\/uploads\/2022\/04\/mustap\u00e4\u00e4tasku_01_Espanja_04_22-300x186.jpg 300w, https:\/\/jteblogi.sivustamo.dev\/wp-content\/uploads\/2022\/04\/mustap\u00e4\u00e4tasku_01_Espanja_04_22.jpg 1050w\" sizes=\"auto, (max-width: 600px) 100vw, 600px\" \/><p id=\"caption-attachment-10076\" class=\"wp-caption-text\">MUSTAP\u00c4\u00c4TASKUJA N\u00c4HTIIN LIKI P\u00c4IVITT\u00c4IN<\/p><\/div>\n<p>Torstaina 7.4.2022 oli edess\u00e4 paikan vaihto \u2013 aamiaisen j\u00e4lkeen pakattiin tavarat autoon ja l\u00e4hdettiin ajamaan kohti pohjoista, suuntana Biskajanlahden perukka. S\u00e4\u00e4 oli edelleen hyv\u00e4 \u2013 puolipilvist\u00e4, heikkoa tuulta ja l\u00e4mp\u00f6tila kohosi iltap\u00e4iv\u00e4ll\u00e4 jopa 22,5 asteeseen! Ensimm\u00e4inen pys\u00e4hdys tehtiin Senorio de Bertiz\u2019in puistoalueella, josta yritimme \u2013 turhaan \u2013 l\u00f6yt\u00e4\u00e4 paikalle asettautunutta pient\u00e4 tulirintatimalien populaatiota. T\u00e4m\u00e4 laji on levinnyt Koillis-Espanjassa luonnonvaraiseksi populaatioksi ja harmi ettemme l\u00f6yt\u00e4neet niit\u00e4 t\u00e4ll\u00e4 pikavisiitill\u00e4. Jatkoimme matkaa rannikolle, Hondarribian pikkukaupunkiin aivan Ranskan rajalle n. 20 km it\u00e4\u00e4n San Sebastianista. Veimme tavarat hotelliimme, Hotel Urbanibiaan, ja jatkoimme saman tien retke\u00e4 Plaiaundin merenrantapuistoon. Sielt\u00e4 siirryimme runsaan tunnin stajille Higer Cabon majakalle, toki ensin k\u00e4ytiin p\u00e4iv\u00e4kahvilla.<\/p>\n<div id=\"attachment_10077\" style=\"width: 610px\" class=\"wp-caption alignnone\"><img loading=\"lazy\" decoding=\"async\" aria-describedby=\"caption-attachment-10077\" class=\"size-large wp-image-10077\" src=\"https:\/\/jteblogi.sivustamo.dev\/wp-content\/uploads\/2022\/04\/staijia-600x400.jpg\" alt=\"STAIJIA HIGER CAPOLLA\" width=\"600\" height=\"400\" srcset=\"https:\/\/jteblogi.sivustamo.dev\/wp-content\/uploads\/2022\/04\/staijia-600x400.jpg 600w, https:\/\/jteblogi.sivustamo.dev\/wp-content\/uploads\/2022\/04\/staijia-300x200.jpg 300w, https:\/\/jteblogi.sivustamo.dev\/wp-content\/uploads\/2022\/04\/staijia.jpg 1050w\" sizes=\"auto, (max-width: 600px) 100vw, 600px\" \/><p id=\"caption-attachment-10077\" class=\"wp-caption-text\">STAIJIA HIGER CAPOLLA<\/p><\/div>\n<p>Ilta p\u00e4\u00e4tettiin Irunin kaupungin reunalla, Osinbiribilin kosteikkoalueella. P\u00e4iv\u00e4n mainittavia havaintoja olivat mm. 70 suulaa, 20 harmaasorsaa, 19 punasotkaa, 2 karimetsoa, 5 selk\u00e4lokkia (<em>graellsii<\/em>-tyyppisi\u00e4), 90 lehm\u00e4haikaraa, 2 silkkihaikaraa, 2 harmaahaikaraa, 3 pikku-uikkua, 2 isohaarahaukkaa, 4 hiirihaukkaa, 2 pitk\u00e4jalkaa, punakuiri, pikkukuovi, 5 suosirri\u00e4, 3 taivaanvuohta ja yksi <strong>j\u00e4nk\u00e4kurppa<\/strong> \u2013 viimemainittua saatiin jopa kuvattua Irunin kosteikolla. Paikalla oli my\u00f6s yll\u00e4tt\u00e4v\u00e4n avoimesti <strong>luhtakana<\/strong>, mukava yll\u00e4tys.<\/p>\n<div id=\"attachment_10078\" style=\"width: 610px\" class=\"wp-caption alignnone\"><img loading=\"lazy\" decoding=\"async\" aria-describedby=\"caption-attachment-10078\" class=\"size-large wp-image-10078\" src=\"https:\/\/jteblogi.sivustamo.dev\/wp-content\/uploads\/2022\/04\/j\u00e4nk\u00e4kurppa_02_Espanja_04_22-600x342.jpg\" alt=\"JAAKKO L\u00d6YSI HIENOSTI J\u00c4NK\u00c4KURPAN\" width=\"600\" height=\"342\" srcset=\"https:\/\/jteblogi.sivustamo.dev\/wp-content\/uploads\/2022\/04\/j\u00e4nk\u00e4kurppa_02_Espanja_04_22-600x342.jpg 600w, https:\/\/jteblogi.sivustamo.dev\/wp-content\/uploads\/2022\/04\/j\u00e4nk\u00e4kurppa_02_Espanja_04_22-300x171.jpg 300w, https:\/\/jteblogi.sivustamo.dev\/wp-content\/uploads\/2022\/04\/j\u00e4nk\u00e4kurppa_02_Espanja_04_22.jpg 1050w\" sizes=\"auto, (max-width: 600px) 100vw, 600px\" \/><p id=\"caption-attachment-10078\" class=\"wp-caption-text\">JAAKKO L\u00d6YSI HIENOSTI J\u00c4NK\u00c4KURPAN<\/p><\/div>\n<div id=\"attachment_10079\" style=\"width: 610px\" class=\"wp-caption alignnone\"><img loading=\"lazy\" decoding=\"async\" aria-describedby=\"caption-attachment-10079\" class=\"size-large wp-image-10079\" src=\"https:\/\/jteblogi.sivustamo.dev\/wp-content\/uploads\/2022\/04\/luhtakana_02_Espanja_04_22-600x343.jpg\" alt=\".. JA HETKE\u00c4 MY\u00d6HEMMIN L\u00d6YTYI AVOIMESTI RUOKAILEVA LUHTAKANA\" width=\"600\" height=\"343\" srcset=\"https:\/\/jteblogi.sivustamo.dev\/wp-content\/uploads\/2022\/04\/luhtakana_02_Espanja_04_22-600x343.jpg 600w, https:\/\/jteblogi.sivustamo.dev\/wp-content\/uploads\/2022\/04\/luhtakana_02_Espanja_04_22-300x171.jpg 300w, https:\/\/jteblogi.sivustamo.dev\/wp-content\/uploads\/2022\/04\/luhtakana_02_Espanja_04_22.jpg 1050w\" sizes=\"auto, (max-width: 600px) 100vw, 600px\" \/><p id=\"caption-attachment-10079\" class=\"wp-caption-text\">.. JA HETKE\u00c4 MY\u00d6HEMMIN L\u00d6YTYI AVOIMESTI RUOKAILEVA LUHTAKANA<\/p><\/div>\n<p>Muita p\u00e4iv\u00e4n havaintoja olivat mm. iberianvihertikka, n\u00e4rhi, 2 tulip\u00e4\u00e4hippi\u00e4ist\u00e4, 2 pyrst\u00f6tiaista. silkkikerttu, 2 samettip\u00e4\u00e4kerttua, 10 etel\u00e4npuukiipij\u00e4\u00e4, 10 p\u00e4hkin\u00e4nakkelia, 2 rautiaista, 3 vuorikirvist\u00e4, 2 virtav\u00e4st\u00e4r\u00e4kki\u00e4, 2 punatulkkua ja Plaiaundin puistossa aktiivisesti laulanut <strong>iberiantiltaltti<\/strong>. Viime mainittu oli itselleni uusi laji ja samalla ns. WP-kuvapinna (599), vaikka harmillisen korkealla puissa liikkuneesta linnusta en kovin ihmeellisi\u00e4 kuvia saanutkaan. Sin\u00e4ns\u00e4 odotettu havainto jo t\u00e4h\u00e4n aikaan kev\u00e4\u00e4st\u00e4. Illallinen hotellilla oli taas mukava hetki koko porukalla.<\/p>\n<div id=\"attachment_10080\" style=\"width: 610px\" class=\"wp-caption alignnone\"><img loading=\"lazy\" decoding=\"async\" aria-describedby=\"caption-attachment-10080\" class=\"size-large wp-image-10080\" src=\"https:\/\/jteblogi.sivustamo.dev\/wp-content\/uploads\/2022\/04\/iberiantiltaltti_04_Espanja_04_22-600x371.jpg\" alt=\"IBERIANTILTALTTI LAULOI VARSIN AHKERASTI\" width=\"600\" height=\"371\" srcset=\"https:\/\/jteblogi.sivustamo.dev\/wp-content\/uploads\/2022\/04\/iberiantiltaltti_04_Espanja_04_22-600x371.jpg 600w, https:\/\/jteblogi.sivustamo.dev\/wp-content\/uploads\/2022\/04\/iberiantiltaltti_04_Espanja_04_22-300x186.jpg 300w, https:\/\/jteblogi.sivustamo.dev\/wp-content\/uploads\/2022\/04\/iberiantiltaltti_04_Espanja_04_22.jpg 1050w\" sizes=\"auto, (max-width: 600px) 100vw, 600px\" \/><p id=\"caption-attachment-10080\" class=\"wp-caption-text\">IBERIANTILTALTTI LAULOI VARSIN AHKERASTI<\/p><\/div>\n<p>Perjantaina 8.4.2022 oli edess\u00e4 paluup\u00e4iv\u00e4 Suomeen. Aamiaisen j\u00e4lkeen l\u00e4hdimme kuitenkin viel\u00e4 retkelle pilvipoutaiseen keliin, l\u00e4mp\u00f6\u00e4 oli enimmill\u00e4\u00e4n 18 astetta ja lounastuuli v\u00e4h\u00e4n voimistunut. Ensimm\u00e4isen\u00e4 oli vuorossa tunnin staiji Higer Cabon majakalla, sielt\u00e4 ajettiin kohti Bilbaota ja k\u00e4ytiin Urdaibain lahdella sek\u00e4 viel\u00e4 vajaan tunnin meristaiji El Cabo Matxitxakon majakalla. P\u00e4iv\u00e4n saalista olivat mm. merihanhi, 3 jouhisorsaa, 95 lehm\u00e4haikaraa, 4 silkkihaikaraa, 5 kapustahaikaraa, 5 pikku-uikkua, 5 haarahaukkaa, muuttohaukka, 2 pitk\u00e4jalkaa, 2 samettip\u00e4\u00e4kerttua, tulip\u00e4\u00e4hippi\u00e4inen ja 5 etel\u00e4npuukiipij\u00e4\u00e4. Merell\u00e4 n\u00e4htiin mm. noin 200 suulaa, <strong>15 baleaarienliit\u00e4j\u00e4\u00e4<\/strong>, kalatiira ja karimetso.<\/p>\n<div id=\"attachment_10081\" style=\"width: 610px\" class=\"wp-caption alignnone\"><img loading=\"lazy\" decoding=\"async\" aria-describedby=\"caption-attachment-10081\" class=\"size-large wp-image-10081\" src=\"https:\/\/jteblogi.sivustamo.dev\/wp-content\/uploads\/2022\/04\/suula_01_Espanja_04_22-600x371.jpg\" alt=\"SUULA OLI YLEISIN MERILINTU\" width=\"600\" height=\"371\" srcset=\"https:\/\/jteblogi.sivustamo.dev\/wp-content\/uploads\/2022\/04\/suula_01_Espanja_04_22-600x371.jpg 600w, https:\/\/jteblogi.sivustamo.dev\/wp-content\/uploads\/2022\/04\/suula_01_Espanja_04_22-300x186.jpg 300w, https:\/\/jteblogi.sivustamo.dev\/wp-content\/uploads\/2022\/04\/suula_01_Espanja_04_22.jpg 1050w\" sizes=\"auto, (max-width: 600px) 100vw, 600px\" \/><p id=\"caption-attachment-10081\" class=\"wp-caption-text\">SUULA OLI YLEISIN MERILINTU<\/p><\/div>\n<p>Iltap\u00e4iv\u00e4ll\u00e4 luovutettiin autot pois ja vietettiin aikaa Bilbaon lentoasemalla koneen l\u00e4ht\u00f6\u00e4 odotellen. Lento Frankfurtiin l\u00e4hti tunnin my\u00f6h\u00e4ss\u00e4 klo 19.50 ja 45 min vaihtoaikamme Saksassa tuntui h\u00e4vinneen. Frankfurtiin tullessa ilmeni kuitenkin ett\u00e4 Lufthansan kone Helsinkiin on viel\u00e4 paikalla ja juoksuksi meni pitk\u00e4 matka pitkin lentoaseman k\u00e4yt\u00e4vi\u00e4. Ehdittiin kuitenkin ja Hesaan saavuttiin lauantain puolella klo 01.30, useimmille matkatavaratkin tulivat. Ajelin y\u00f6ll\u00e4 lentoasemalta Outin luo Lauttasaareen, jossa olin klo 02.30. Uni maittoi.\u00a0 Lauantain 9.4.2022 vietimme Larussa ja sunnuntaina 10.4. ajeltiin Turkuun.<\/p>\n<div id=\"attachment_10082\" style=\"width: 610px\" class=\"wp-caption alignnone\"><img loading=\"lazy\" decoding=\"async\" aria-describedby=\"caption-attachment-10082\" class=\"size-large wp-image-10082\" src=\"https:\/\/jteblogi.sivustamo.dev\/wp-content\/uploads\/2022\/04\/harmaasirkku_01_Espanja_04_22-600x343.jpg\" alt=\"HARMAASIRKKUJA OLI V\u00c4H\u00c4N &quot;JOKA PAIKASSA&quot;\" width=\"600\" height=\"343\" srcset=\"https:\/\/jteblogi.sivustamo.dev\/wp-content\/uploads\/2022\/04\/harmaasirkku_01_Espanja_04_22-600x343.jpg 600w, https:\/\/jteblogi.sivustamo.dev\/wp-content\/uploads\/2022\/04\/harmaasirkku_01_Espanja_04_22-300x171.jpg 300w, https:\/\/jteblogi.sivustamo.dev\/wp-content\/uploads\/2022\/04\/harmaasirkku_01_Espanja_04_22.jpg 1050w\" sizes=\"auto, (max-width: 600px) 100vw, 600px\" \/><p id=\"caption-attachment-10082\" class=\"wp-caption-text\">HARMAASIRKKUJA OLI V\u00c4H\u00c4N &#8221;JOKA PAIKASSA&#8221;<\/p><\/div>\n<p>&nbsp;<\/p>\n<p><strong>Epilogi<\/strong>.<\/p>\n<p>Olen ollut l\u00e4hes 20:ll\u00e4 linturetkell\u00e4 Espanjassa, mutta maan koillisosassa Ranskan rajan tuntumassa oleva Navarran alue oli kokematta. Hienoa aluetta, maisemat upeita, maasto monipuolista ja lintulajistokin varsin kiinnostava. Yhteens\u00e4 n\u00e4imme viikon aikana 163 lajia, mutta Navarran viereinen meren rannikko oli vaatimattomampi linnustollisesti kuin kuvittelin. Ehk\u00e4 Biskajanlahden perukka on merilintujen kannalta v\u00e4h\u00e4n syrj\u00e4ss\u00e4 ja talvehtivat kahlaajatkin olivat jo p\u00e4\u00e4osin l\u00e4hteneet. Alue on laaja ja ajomatkat ovat siksi v\u00e4h\u00e4n turhankin pitki\u00e4, meille kertyi viikossa l\u00e4hes 1600 km. Hotellimme oli erinomainen ja viihtyis\u00e4 ja onneksi melko keskeinen sijainniltaan. N\u00e4it\u00e4 matkoja varten aina viritt\u00e4\u00e4 henkil\u00f6kohtaisia odotuksia lintujen suhteen \u2013 itse toivoin saavani jonkin kelvollisen kuvan kaitanokkakiurusta, iberianvihertikasta, iberiantiltaltista, lumivarpusesta tai tulirintatimalista, mutta n\u00e4ist\u00e4 vain yksi onnistui (iberiantiltaltti). Siksi ehk\u00e4 pieni pettymys minulle, mutta tuskin kenellek\u00e4\u00e4n muulle! Toisaalta n\u00e4in kaksi uutta lajia, lumivarpusen ja iberiantiltaltin. Korhosen Kari hoitaa retket aina leppoisan tyylikk\u00e4\u00e4sti ja olihan taas mukava retkiporukkakin matkassa \u2013 siit\u00e4 kiitos kaikille! Unohtaa ei sovi my\u00f6sk\u00e4\u00e4n mainioita ruokia ja espanjalaisia viinej\u00e4..<\/p>\n<div id=\"attachment_10083\" style=\"width: 610px\" class=\"wp-caption alignnone\"><img loading=\"lazy\" decoding=\"async\" aria-describedby=\"caption-attachment-10083\" class=\"size-large wp-image-10083\" src=\"https:\/\/jteblogi.sivustamo.dev\/wp-content\/uploads\/2022\/04\/Foz-de-Arabaium-600x450.jpg\" alt=\"FOZ DE ARABAIUMIN KANJONI\" width=\"600\" height=\"450\" srcset=\"https:\/\/jteblogi.sivustamo.dev\/wp-content\/uploads\/2022\/04\/Foz-de-Arabaium-600x450.jpg 600w, https:\/\/jteblogi.sivustamo.dev\/wp-content\/uploads\/2022\/04\/Foz-de-Arabaium-300x225.jpg 300w, https:\/\/jteblogi.sivustamo.dev\/wp-content\/uploads\/2022\/04\/Foz-de-Arabaium.jpg 1000w\" sizes=\"auto, (max-width: 600px) 100vw, 600px\" \/><p id=\"caption-attachment-10083\" class=\"wp-caption-text\">FOZ DE ARABAIUMIN KANJONI<\/p><\/div>\n<p>Retken lintukuvia isompina tiedostoina (klikkaa kuvat auki) <em>exif<\/em>-tietoineen l\u00f6ytyy t\u00e4\u00e4lt\u00e4:<br \/>\n<strong><a href=\"https:\/\/jtenovuo.1g.fi\/kuvat\/Uusimmat+ulkomailta++-+Latest+abroad\/\">https:\/\/jtenovuo.1g.fi\/kuvat\/Uusimmat+ulkomailta++-+Latest+abroad\/<\/a><\/strong><\/p>\n<p>&nbsp;<\/p>\n<p>&nbsp;<\/p>\n","protected":false},"excerpt":{"rendered":"<p>Torstaina 31.3.2022 l\u00e4hdin iltap\u00e4iv\u00e4ll\u00e4 ajelemaan kohti Helsingin lentoasemaa, edess\u00e4 on lintureissu Pohjois-Espanjan Navarraan. Outi ei ollut t\u00e4ll\u00e4 kertaa\u00a0matkassa. Auton ajoin lentoasemalla parkkitaloon ja y\u00f6vyin T2- terminaalin tutussa Glo-hotellissa. Illalla nautin lasin kuohuvaa ja s\u00f6in maittavat spagetit lentoaseman tuloaulassa. Y\u00f6uni j\u00e4i &hellip; <a href=\"https:\/\/jteblogi.sivustamo.dev\/?p=10058\">Lue loppuun <span class=\"meta-nav\">&rarr;<\/span><\/a><\/p>\n","protected":false},"author":3,"featured_media":0,"comment_status":"closed","ping_status":"open","sticky":false,"template":"","format":"standard","meta":{"footnotes":""},"categories":[1,3,6],"tags":[],"class_list":["post-10058","post","type-post","status-publish","format-standard","hentry","category-ajankohtaista-linturetkilta","category-digikuvia-luonnosta","category-matkaraportit"],"_links":{"self":[{"href":"https:\/\/jteblogi.sivustamo.dev\/index.php?rest_route=\/wp\/v2\/posts\/10058","targetHints":{"allow":["GET"]}}],"collection":[{"href":"https:\/\/jteblogi.sivustamo.dev\/index.php?rest_route=\/wp\/v2\/posts"}],"about":[{"href":"https:\/\/jteblogi.sivustamo.dev\/index.php?rest_route=\/wp\/v2\/types\/post"}],"author":[{"embeddable":true,"href":"https:\/\/jteblogi.sivustamo.dev\/index.php?rest_route=\/wp\/v2\/users\/3"}],"replies":[{"embeddable":true,"href":"https:\/\/jteblogi.sivustamo.dev\/index.php?rest_route=%2Fwp%2Fv2%2Fcomments&post=10058"}],"version-history":[{"count":4,"href":"https:\/\/jteblogi.sivustamo.dev\/index.php?rest_route=\/wp\/v2\/posts\/10058\/revisions"}],"predecessor-version":[{"id":10761,"href":"https:\/\/jteblogi.sivustamo.dev\/index.php?rest_route=\/wp\/v2\/posts\/10058\/revisions\/10761"}],"wp:attachment":[{"href":"https:\/\/jteblogi.sivustamo.dev\/index.php?rest_route=%2Fwp%2Fv2%2Fmedia&parent=10058"}],"wp:term":[{"taxonomy":"category","embeddable":true,"href":"https:\/\/jteblogi.sivustamo.dev\/index.php?rest_route=%2Fwp%2Fv2%2Fcategories&post=10058"},{"taxonomy":"post_tag","embeddable":true,"href":"https:\/\/jteblogi.sivustamo.dev\/index.php?rest_route=%2Fwp%2Fv2%2Ftags&post=10058"}],"curies":[{"name":"wp","href":"https:\/\/api.w.org\/{rel}","templated":true}]}}