{"id":10835,"date":"2023-02-06T21:41:04","date_gmt":"2023-02-06T19:41:04","guid":{"rendered":"https:\/\/jteblogi.sivustamo.dev\/?p=10835"},"modified":"2023-02-07T18:39:39","modified_gmt":"2023-02-07T16:39:39","slug":"lintuja-ja-kaupunkielamaa-espanjan-itarannikolla","status":"publish","type":"post","link":"https:\/\/jteblogi.sivustamo.dev\/?p=10835","title":{"rendered":"Lintuja ja kaupunkiel\u00e4m\u00e4\u00e4 Espanjan it\u00e4rannikolla"},"content":{"rendered":"<p style=\"font-weight: 400;\">Lauantaina 28.1.2023 l\u00e4hdimme Outin kanssa lintu- ja lomareissulle, suuntana t\u00e4ll\u00e4 kertaa meille kokonaan uusi kohde eli Espanjan it\u00e4-kaakkoisosassa olevat Alicanten ja Valencian alueet. L\u00e4ht\u00f6 Turusta oli klo 10 aikaan ja ajettiin ensin Outin kotitalolle Nummelle , jossa juotiin makoisat kahvit. Piharuokinnalla oli koiras harmaap\u00e4\u00e4tikka ja matkalla Muurlassa n\u00e4kyi hiirihaukka. Nummelta jatkettiin Helsingin lentoasemalle, jossa oltiin klo 13.30 aikoihin. Ennen lentoa nautittiin traditionaaliset kuohuviinit, Norwegianin lentomme Alicanteen l\u00e4hti lumipyryn takia l\u00e4hes tunnin my\u00f6h\u00e4ss\u00e4. T\u00e4p\u00f6t\u00e4ysi kone laskeutui kuitenkin perille l\u00e4hes aikataulun mukaan, klo 20.10 paikallista aikaa. Matkatavarat l\u00f6ytyiv\u00e4t ja matkattiin taksilla hotelli La Miragrosaan, korkean linnoitusvuoren (Castello Santa Barbara) kylkeen. Hieno paikka, parvekkeemme edess\u00e4 oli my\u00f6s Basilica de Santa Marian vanha kirkko vain n. 30 metrin p\u00e4\u00e4ss\u00e4! Iltaa istuttiin kirkkaassa t\u00e4htiy\u00f6ss\u00e4 hotellin kattoterassilla, nautittiin viini\u00e4 ja tapaksia.<\/p>\n<div id=\"attachment_10836\" style=\"width: 610px\" class=\"wp-caption alignnone\"><img loading=\"lazy\" decoding=\"async\" aria-describedby=\"caption-attachment-10836\" class=\"size-large wp-image-10836\" src=\"https:\/\/jteblogi.sivustamo.dev\/wp-content\/uploads\/2023\/02\/Alicante-600x372.jpg\" alt=\"ALICANTEN SATAMAA JA LINNOITUSVUORI CASTELLO SANTA BARBARA\" width=\"600\" height=\"372\" srcset=\"https:\/\/jteblogi.sivustamo.dev\/wp-content\/uploads\/2023\/02\/Alicante-600x372.jpg 600w, https:\/\/jteblogi.sivustamo.dev\/wp-content\/uploads\/2023\/02\/Alicante-300x186.jpg 300w, https:\/\/jteblogi.sivustamo.dev\/wp-content\/uploads\/2023\/02\/Alicante.jpg 1200w\" sizes=\"auto, (max-width: 600px) 100vw, 600px\" \/><p id=\"caption-attachment-10836\" class=\"wp-caption-text\">ALICANTEN SATAMAA JA LINNOITUSVUORI CASTELLO SANTA BARBARA (Kuva: Outi Sarjakoski)<\/p><\/div>\n<p style=\"font-weight: 400;\">Sunnuntai 29.1.2023 vietettiin Alicantessa paikkaan tutustuen. S\u00e4\u00e4 oli puolipilvinen, tuuli oli p\u00e4\u00e4osin heikkoa, mutta ilma viile\u00e4, varjossa oli vain 12 astetta. Auringossa oli toki l\u00e4mmint\u00e4. Retkeiltiin aamup\u00e4iv\u00e4 Castello Santa Barbaran vuorella ja linnoituksessa. Kiipe\u00e4mist\u00e4 riitti, mutta paikka ja maisemat olivat upeita. Iltap\u00e4iv\u00e4 oltiin alhaalla kaupungissa ja p\u00e4\u00e4asiassa kuljettiin rannalla ja huvivenesataman tuntumassa \u2013 lounasta ja kahvia unohtamatta. Lintuja n\u00e4htiin mm. 6 samettip\u00e4\u00e4kerttua, n. 12 mustap\u00e4\u00e4kerttua, 15 mustakottaraista, 22 mustalepp\u00e4lintua ja \u201dmustasarjan\u201d parhaana <strong>mustatasku<\/strong>. Lis\u00e4ksi n\u00e4htiin mm. 2 suulaa ja 5 riuttatiiraa. Kuviakin syntyi jo t\u00e4n\u00e4\u00e4n kohtalaisesti, mutta huomenna sitten l\u00e4hdet\u00e4\u00e4n varsinaiselle linturetkelle.<\/p>\n<p style=\"font-weight: 400;\"><img loading=\"lazy\" decoding=\"async\" class=\"alignnone size-large wp-image-10837\" src=\"https:\/\/jteblogi.sivustamo.dev\/wp-content\/uploads\/2023\/02\/samettip\u00e4\u00e4kerttu_01_Espanja_01_23-600x400.jpg\" alt=\"samettip\u00e4\u00e4kerttu_01_Espanja_01_23\" width=\"600\" height=\"400\" srcset=\"https:\/\/jteblogi.sivustamo.dev\/wp-content\/uploads\/2023\/02\/samettip\u00e4\u00e4kerttu_01_Espanja_01_23-600x400.jpg 600w, https:\/\/jteblogi.sivustamo.dev\/wp-content\/uploads\/2023\/02\/samettip\u00e4\u00e4kerttu_01_Espanja_01_23-300x200.jpg 300w, https:\/\/jteblogi.sivustamo.dev\/wp-content\/uploads\/2023\/02\/samettip\u00e4\u00e4kerttu_01_Espanja_01_23.jpg 1200w\" sizes=\"auto, (max-width: 600px) 100vw, 600px\" \/><\/p>\n<div id=\"attachment_10838\" style=\"width: 610px\" class=\"wp-caption alignnone\"><img loading=\"lazy\" decoding=\"async\" aria-describedby=\"caption-attachment-10838\" class=\"size-large wp-image-10838\" src=\"https:\/\/jteblogi.sivustamo.dev\/wp-content\/uploads\/2023\/02\/mustatasku_01_Espanja_01_23-600x372.jpg\" alt=\"SAMETTIP\u00c4\u00c4KERTTU JA MUSTATASKU P\u00c4IV\u00c4N KAUPUNKIK\u00c4VELYLT\u00c4\" width=\"600\" height=\"372\" srcset=\"https:\/\/jteblogi.sivustamo.dev\/wp-content\/uploads\/2023\/02\/mustatasku_01_Espanja_01_23-600x372.jpg 600w, https:\/\/jteblogi.sivustamo.dev\/wp-content\/uploads\/2023\/02\/mustatasku_01_Espanja_01_23-300x186.jpg 300w, https:\/\/jteblogi.sivustamo.dev\/wp-content\/uploads\/2023\/02\/mustatasku_01_Espanja_01_23.jpg 1200w\" sizes=\"auto, (max-width: 600px) 100vw, 600px\" \/><p id=\"caption-attachment-10838\" class=\"wp-caption-text\">SAMETTIP\u00c4\u00c4KERTTU JA MUSTATASKU P\u00c4IV\u00c4N KAUPUNKIK\u00c4VELYLT\u00c4<\/p><\/div>\n<p style=\"font-weight: 400;\">Maanantaina 30.1.2023 sy\u00f6tiin maittava hotelliaamiainen, pakattiin tavarat ja kirjauduttiin ulos. Paikallinen lintuoppaamme Virgilio Beltr\u00e1n saapui klo 9 aikoihin hakemaan meit\u00e4 ja l\u00e4hdettiin ensimm\u00e4iseksi kohti Santa Polan lintupaikkoja. P\u00e4iv\u00e4 oli aurinkoinen, l\u00e4mp\u00f6\u00e4 oli 14 astetta ja tuuli heikkoa. Kierreltiin pari tuntia Santa Polaa (Playa del Pinetin alue) ja n\u00e4htiin mm. 2 suulaa, <strong>ruokki<\/strong>, 2 riuttatiiraa, 5 kaitanokkalokkia, kalas\u00e4\u00e4ski, harjalintu ja <strong>3 punapyyt\u00e4<\/strong>. Kahlaajia havaittiin mm. 18 pitk\u00e4jalkaa, 31 avosetti\u00e4, 7 mustapyrst\u00f6kuiria, 4 tundrakurmitsaa, 45 suosirri\u00e4, 3 pikkusirri\u00e4 ja pulmussirri. Mustap\u00e4\u00e4taskuja oli yli 10.<\/p>\n<div id=\"attachment_10839\" style=\"width: 610px\" class=\"wp-caption alignnone\"><img loading=\"lazy\" decoding=\"async\" aria-describedby=\"caption-attachment-10839\" class=\"size-large wp-image-10839\" src=\"https:\/\/jteblogi.sivustamo.dev\/wp-content\/uploads\/2023\/02\/avosetti_02_Espanja_01_23-600x325.jpg\" alt=\"AVOSETTIEN SUKUPUOLET OVAT HYVIN SAMANN\u00c4K\u00d6ISET, NOKAN PERUSTEELLA TAAEMPI ON KOIRAS JA EDESS\u00c4 NAARAS\" width=\"600\" height=\"325\" srcset=\"https:\/\/jteblogi.sivustamo.dev\/wp-content\/uploads\/2023\/02\/avosetti_02_Espanja_01_23-600x325.jpg 600w, https:\/\/jteblogi.sivustamo.dev\/wp-content\/uploads\/2023\/02\/avosetti_02_Espanja_01_23-300x163.jpg 300w, https:\/\/jteblogi.sivustamo.dev\/wp-content\/uploads\/2023\/02\/avosetti_02_Espanja_01_23.jpg 1200w\" sizes=\"auto, (max-width: 600px) 100vw, 600px\" \/><p id=\"caption-attachment-10839\" class=\"wp-caption-text\">AVOSETTIEN SUKUPUOLET OVAT HYVIN SAMANN\u00c4K\u00d6ISET, NOKAN PERUSTEELLA TAAEMPI ON KOIRAS JA EDESS\u00c4 NAARAS<\/p><\/div>\n<p style=\"font-weight: 400;\">Jatkettiin iltap\u00e4iv\u00e4ksi El Hondon kosteikkoalueelle, jossa viivyttiin useita tunteja, v\u00e4lill\u00e4 piknik-lounasta nauttien. Havaittiin opastuskeskuksen l\u00e4hialueella mm. 120 flamingoa, 5 sulttaanikanaa, <strong>6 kruununokikanaa<\/strong>, 4 punap\u00e4\u00e4narskua, 3 silkkihaikaraa, 15 pronssi-iibist\u00e4, 2 pikkukotkaa, 7 ruskosuohaukkaa, 25 taivaanvuohta ja kuningaskalastaja. Lis\u00e4ksi havaittiin 3 silkkikerttua, 3 sinirintaa, 2 vuorikirvist\u00e4 ja kallio- ja r\u00e4yst\u00e4sp\u00e4\u00e4skyj\u00e4. El Hondon it\u00e4p\u00e4\u00e4ss\u00e4 n\u00e4htiin viel\u00e4 mm. <strong>28 valkop\u00e4\u00e4sorsaa<\/strong>, 3 punap\u00e4\u00e4narskua, 3 mustakaulauikkua, 150 flamingoa ja 5 ruskosuohaukkaa. Illaksi ajettiin vuoristoon Bocairentin vanhaan kaupunkiin ja majoituttiin L\u2019Agora-hotelliin. IIlallista nautittiin alakerran ravintolassa hyv\u00e4n punaviinin kera.<\/p>\n<p style=\"font-weight: 400;\"><img loading=\"lazy\" decoding=\"async\" class=\"alignnone size-large wp-image-10840\" src=\"https:\/\/jteblogi.sivustamo.dev\/wp-content\/uploads\/2023\/02\/valkop\u00e4\u00e4sorsa_01_Espanja_01_23-600x372.jpg\" alt=\"valkop\u00e4\u00e4sorsa_01_Espanja_01_23\" width=\"600\" height=\"372\" srcset=\"https:\/\/jteblogi.sivustamo.dev\/wp-content\/uploads\/2023\/02\/valkop\u00e4\u00e4sorsa_01_Espanja_01_23-600x372.jpg 600w, https:\/\/jteblogi.sivustamo.dev\/wp-content\/uploads\/2023\/02\/valkop\u00e4\u00e4sorsa_01_Espanja_01_23-300x186.jpg 300w, https:\/\/jteblogi.sivustamo.dev\/wp-content\/uploads\/2023\/02\/valkop\u00e4\u00e4sorsa_01_Espanja_01_23.jpg 1200w\" sizes=\"auto, (max-width: 600px) 100vw, 600px\" \/><\/p>\n<div id=\"attachment_10841\" style=\"width: 610px\" class=\"wp-caption alignnone\"><img loading=\"lazy\" decoding=\"async\" aria-describedby=\"caption-attachment-10841\" class=\"size-large wp-image-10841\" src=\"https:\/\/jteblogi.sivustamo.dev\/wp-content\/uploads\/2023\/02\/mustakaulauikku_01_Espanja_01_23-600x400.jpg\" alt=\"EL HONDOSSA OLI MM. VALKOP\u00c4\u00c4SORSIA JA MUSTAKAULAUIKKUJA\" width=\"600\" height=\"400\" srcset=\"https:\/\/jteblogi.sivustamo.dev\/wp-content\/uploads\/2023\/02\/mustakaulauikku_01_Espanja_01_23-600x400.jpg 600w, https:\/\/jteblogi.sivustamo.dev\/wp-content\/uploads\/2023\/02\/mustakaulauikku_01_Espanja_01_23-300x200.jpg 300w, https:\/\/jteblogi.sivustamo.dev\/wp-content\/uploads\/2023\/02\/mustakaulauikku_01_Espanja_01_23.jpg 1200w\" sizes=\"auto, (max-width: 600px) 100vw, 600px\" \/><p id=\"caption-attachment-10841\" class=\"wp-caption-text\">EL HONDOSSA OLI MM. VALKOP\u00c4\u00c4SORSIA JA MUSTAKAULAUIKKUJA<\/p><\/div>\n<p style=\"font-weight: 400;\">Tiistaina 31.1.2023 l\u00e4hdettiin aamiaisen j\u00e4lkeen kiertelem\u00e4\u00e4n l\u00e4hell\u00e4 olevia kansallispuistoja reitill\u00e4 Santa Barbara \u2013 Font de Mariola \u2013 Barranc del Cint \u2013 Baniarres \u2013 Albufeira de Gaianes. S\u00e4\u00e4 oli eilisen kaltainen, y\u00f6 kylm\u00e4 (aamulla vain 4 astetta) ja p\u00e4iv\u00e4ll\u00e4 15 astetta, t\u00e4ytt\u00e4 auringonpaistetta ja heikkoa tuulta. Santa Barbarassa n\u00e4htiin mm. 2 <strong>iberianvihertikkaa<\/strong>, n\u00e4rhi, kulo- ja laulurastas ja pensassirkku \u2013 saatiin my\u00f6s vihdoin (vuosien yritysten j\u00e4lkeen..) jonkinmoinen dokumenttikuva, heikkotasoinen tosin, iberianvihertikasta. Aina ne ovat j\u00e4\u00e4neet vain \u00e4\u00e4nihavaintojen tai nopeiden ohilentojen tasolle..<\/p>\n<div id=\"attachment_10842\" style=\"width: 610px\" class=\"wp-caption alignnone\"><img loading=\"lazy\" decoding=\"async\" aria-describedby=\"caption-attachment-10842\" class=\"size-large wp-image-10842\" src=\"https:\/\/jteblogi.sivustamo.dev\/wp-content\/uploads\/2023\/02\/iberianvihertikka_01_Espanja_01_23-600x360.jpg\" alt=\"KAUKAA OTETTU DOKUMENTTITASON KUVA IBERIANVIHERTIKASTA\" width=\"600\" height=\"360\" srcset=\"https:\/\/jteblogi.sivustamo.dev\/wp-content\/uploads\/2023\/02\/iberianvihertikka_01_Espanja_01_23-600x360.jpg 600w, https:\/\/jteblogi.sivustamo.dev\/wp-content\/uploads\/2023\/02\/iberianvihertikka_01_Espanja_01_23-300x180.jpg 300w, https:\/\/jteblogi.sivustamo.dev\/wp-content\/uploads\/2023\/02\/iberianvihertikka_01_Espanja_01_23.jpg 1200w\" sizes=\"auto, (max-width: 600px) 100vw, 600px\" \/><p id=\"caption-attachment-10842\" class=\"wp-caption-text\">KAUKAA OTETTU DOKUMENTTITASON KUVA IBERIANVIHERTIKASTA<\/p><\/div>\n<p style=\"font-weight: 400;\">Font de Mariolassa havaittiin mm. kanahaukka, n\u00e4rhi, 2 iberianvihertikkaa, 5 punakylkirastasta, kulo- ja laulurastas, 4 t\u00f6yht\u00f6tiaista, 4 pyrst\u00f6tiaista ja etel\u00e4npuukiipij\u00e4. Barranc de Cint tuotti mm. 15 hanhikorppikotkaa, <strong>sinirastaan<\/strong>, <strong>4 punapyyt\u00e4<\/strong>, laulurastaan ja <strong>2 mustataskua<\/strong>, Beniarres (jossa nautittiin piknik) puolestaan peukaloisen, etel\u00e4npuukiipij\u00e4n, r\u00e4k\u00e4tti-, laulu- ja kulorastaan sek\u00e4 samettip\u00e4\u00e4kertun. L\u00e4heisell\u00e4 patoj\u00e4rvell\u00e4 uiskenteli 6 silkkiuikkua ja iberianvihertikka lensi tien yli. P\u00e4iv\u00e4n viimeinen kohde Albufera de Gaianes tarjosi 6 punasotkaa, 7 kalliop\u00e4\u00e4sky\u00e4, minervanp\u00f6ll\u00f6n, tuuli- ja varpushaukan, 2 harjalintua, silkkikertun ja n. <strong>50 alppivariksen<\/strong> parven. Ajettiin y\u00f6ksi takaisin Bocairentiin ja nautittiin taas hyv\u00e4 illallinen ja huikkanen punaviini\u00e4.<\/p>\n<div id=\"attachment_10843\" style=\"width: 610px\" class=\"wp-caption alignnone\"><img loading=\"lazy\" decoding=\"async\" aria-describedby=\"caption-attachment-10843\" class=\"size-large wp-image-10843\" src=\"https:\/\/jteblogi.sivustamo.dev\/wp-content\/uploads\/2023\/02\/Barranc_del_Cint-600x400.jpg\" alt=\"BARRANC DEL CLINT OLI KOMEA PAIKKA\" width=\"600\" height=\"400\" srcset=\"https:\/\/jteblogi.sivustamo.dev\/wp-content\/uploads\/2023\/02\/Barranc_del_Cint-600x400.jpg 600w, https:\/\/jteblogi.sivustamo.dev\/wp-content\/uploads\/2023\/02\/Barranc_del_Cint-300x200.jpg 300w, https:\/\/jteblogi.sivustamo.dev\/wp-content\/uploads\/2023\/02\/Barranc_del_Cint.jpg 1200w\" sizes=\"auto, (max-width: 600px) 100vw, 600px\" \/><p id=\"caption-attachment-10843\" class=\"wp-caption-text\">BARRANC DEL CLINT OLI KOMEA PAIKKA (Kuva: Outi Sarjakoski)<\/p><\/div>\n<div id=\"attachment_10844\" style=\"width: 610px\" class=\"wp-caption alignnone\"><img loading=\"lazy\" decoding=\"async\" aria-describedby=\"caption-attachment-10844\" class=\"size-large wp-image-10844\" src=\"https:\/\/jteblogi.sivustamo.dev\/wp-content\/uploads\/2023\/02\/etel\u00e4npuukiipij\u00e4_01_Espanja_01_23-600x372.jpg\" alt=\"ETEL\u00c4NPUUKIIPIJ\u00c4\" width=\"600\" height=\"372\" srcset=\"https:\/\/jteblogi.sivustamo.dev\/wp-content\/uploads\/2023\/02\/etel\u00e4npuukiipij\u00e4_01_Espanja_01_23-600x372.jpg 600w, https:\/\/jteblogi.sivustamo.dev\/wp-content\/uploads\/2023\/02\/etel\u00e4npuukiipij\u00e4_01_Espanja_01_23-300x186.jpg 300w, https:\/\/jteblogi.sivustamo.dev\/wp-content\/uploads\/2023\/02\/etel\u00e4npuukiipij\u00e4_01_Espanja_01_23.jpg 1200w\" sizes=\"auto, (max-width: 600px) 100vw, 600px\" \/><p id=\"caption-attachment-10844\" class=\"wp-caption-text\">ETEL\u00c4NPUUKIIPIJ\u00c4<\/p><\/div>\n<p style=\"font-weight: 400;\">Keskiviikkona 1.2.2023 s\u00e4\u00e4 oli edelleen pilvet\u00f6n, aurinko porotti, mutta aamulla oli vain muutama aste l\u00e4mp\u00f6\u00e4. Tuuli oli heikkoa. Aamiaisen j\u00e4lkeen kirjauduttiin hotellista ulos ja l\u00e4hdettiin kohti rannikkoa, ensimm\u00e4isen\u00e4 kohteena Pego-Olivan luonnonpuisto. Runsaan parin tunnin aikana n\u00e4htiin mm. 2 pikkukotkaa, 6 ruskosuohaukkaa, hiirihaukka, kalas\u00e4\u00e4ski, 2 kuningaskalastajaa, 3 pronssi-iibist\u00e4, 70 t\u00f6yht\u00f6hyypp\u00e4\u00e4, 9 pikkutylli\u00e4 ja mullospellolla ruokaillut <em>ad<\/em> <strong>kalalokki<\/strong>. Kalalokki on t\u00e4\u00e4ll\u00e4 kova harvinaisuus, Virgiliokin on n\u00e4hnyt lajin Espanjassa vain kerran aiemmin \u2013 vuosia sitten Cantabriassa. Saatiin linnusta dokumenttikuvat ja tiedotus l\u00e4hti paikallisille orneille.<\/p>\n<p style=\"font-weight: 400;\"><img loading=\"lazy\" decoding=\"async\" class=\"alignnone size-large wp-image-10845\" src=\"https:\/\/jteblogi.sivustamo.dev\/wp-content\/uploads\/2023\/02\/pikkukotka_01_Espanja_01_23-600x372.jpg\" alt=\"pikkukotka_01_Espanja_01_23\" width=\"600\" height=\"372\" srcset=\"https:\/\/jteblogi.sivustamo.dev\/wp-content\/uploads\/2023\/02\/pikkukotka_01_Espanja_01_23-600x372.jpg 600w, https:\/\/jteblogi.sivustamo.dev\/wp-content\/uploads\/2023\/02\/pikkukotka_01_Espanja_01_23-300x186.jpg 300w, https:\/\/jteblogi.sivustamo.dev\/wp-content\/uploads\/2023\/02\/pikkukotka_01_Espanja_01_23.jpg 1200w\" sizes=\"auto, (max-width: 600px) 100vw, 600px\" \/><\/p>\n<div id=\"attachment_10846\" style=\"width: 610px\" class=\"wp-caption alignnone\"><img loading=\"lazy\" decoding=\"async\" aria-describedby=\"caption-attachment-10846\" class=\"size-large wp-image-10846\" src=\"https:\/\/jteblogi.sivustamo.dev\/wp-content\/uploads\/2023\/02\/kalalokki_01_Espanja_01_23-600x343.jpg\" alt=\"PIKKUKOTKA JA PAIKALLINEN HARVINAISUUS KALALOKKI L\u00c4MP\u00d6V\u00c4REILYSS\u00c4 MULLOSPELLOLLA\" width=\"600\" height=\"343\" srcset=\"https:\/\/jteblogi.sivustamo.dev\/wp-content\/uploads\/2023\/02\/kalalokki_01_Espanja_01_23-600x343.jpg 600w, https:\/\/jteblogi.sivustamo.dev\/wp-content\/uploads\/2023\/02\/kalalokki_01_Espanja_01_23-300x172.jpg 300w, https:\/\/jteblogi.sivustamo.dev\/wp-content\/uploads\/2023\/02\/kalalokki_01_Espanja_01_23.jpg 1200w\" sizes=\"auto, (max-width: 600px) 100vw, 600px\" \/><p id=\"caption-attachment-10846\" class=\"wp-caption-text\">PIKKUKOTKA JA PAIKALLINEN HARVINAISUUS KALALOKKI L\u00c4MP\u00d6V\u00c4REILYSS\u00c4 MULLOSPELLOLLA<\/p><\/div>\n<p style=\"font-weight: 400;\">Pikkulinnuista alueella mainittakoon 2 pussitiaista, 4 hein\u00e4kerttua, <strong>osmank\u00e4\u00e4mikerttunen<\/strong>, silkkikerttu, <strong>6 vahanokkaa<\/strong>, 2 vuorikirvist\u00e4 ja 3 pikkuvarpusta. Hieno alue! Jatkettiin seuraavaksi Cabo de San Antonioon, Montgon kansallispuistoon meren rannalle. Piknikin lomassa n\u00e4htiin mm. <strong>muuttohaukka<\/strong>, 2 suulaa, <strong>baleaarienliit\u00e4j\u00e4<\/strong>, etel\u00e4nisolepink\u00e4inen, tulip\u00e4\u00e4hippi\u00e4inen, <strong>sinirastas<\/strong> ja pyrst\u00f6-, kuusi- ja t\u00f6yht\u00f6tiainen. Matkalla Valenciaan pys\u00e4hdyttiin viel\u00e4 Xeracossa meren rannalla ja n\u00e4htiin mm. 9 pulmussirri\u00e4 ja 3 mustanmerenlokkia. Illansuussa saavuttiin Valenciaan ja majoituttiin Hotel Cosmoon, aivan kaupungin vanhaan ydinkeskustaan. Virgilio meni y\u00f6ksi kotiin ja me Outin kanssa k\u00e4pp\u00e4iltiin v\u00e4h\u00e4n kaupungilla ja sy\u00f6tiin makoisa illallinen punaviinin kera l\u00e4hiravintolassa.<\/p>\n<div id=\"attachment_10847\" style=\"width: 610px\" class=\"wp-caption alignnone\"><img loading=\"lazy\" decoding=\"async\" aria-describedby=\"caption-attachment-10847\" class=\"size-large wp-image-10847\" src=\"https:\/\/jteblogi.sivustamo.dev\/wp-content\/uploads\/2023\/02\/Virgilio-ja-auto-600x400.jpg\" alt=\"VIRGILIO JA MIN\u00c4 TYYTYV\u00c4ISIN\u00c4 LINTURETKELL\u00c4\" width=\"600\" height=\"400\" srcset=\"https:\/\/jteblogi.sivustamo.dev\/wp-content\/uploads\/2023\/02\/Virgilio-ja-auto-600x400.jpg 600w, https:\/\/jteblogi.sivustamo.dev\/wp-content\/uploads\/2023\/02\/Virgilio-ja-auto-300x200.jpg 300w, https:\/\/jteblogi.sivustamo.dev\/wp-content\/uploads\/2023\/02\/Virgilio-ja-auto.jpg 1200w\" sizes=\"auto, (max-width: 600px) 100vw, 600px\" \/><p id=\"caption-attachment-10847\" class=\"wp-caption-text\">VIRGILIO JA MIN\u00c4 TYYTYV\u00c4ISIN\u00c4 LINTURETKELL\u00c4 (Kuva; Outi Sarjakoski)<\/p><\/div>\n<div id=\"attachment_10848\" style=\"width: 610px\" class=\"wp-caption alignnone\"><img loading=\"lazy\" decoding=\"async\" aria-describedby=\"caption-attachment-10848\" class=\"size-large wp-image-10848\" src=\"https:\/\/jteblogi.sivustamo.dev\/wp-content\/uploads\/2023\/02\/me-600x371.jpg\" alt=\".. JA T\u00c4SS\u00c4 ME KOLME CABO DE SAN ANTONIOSSA (Photo: Virgilio Beltr\u00e1n)\" width=\"600\" height=\"371\" srcset=\"https:\/\/jteblogi.sivustamo.dev\/wp-content\/uploads\/2023\/02\/me-600x371.jpg 600w, https:\/\/jteblogi.sivustamo.dev\/wp-content\/uploads\/2023\/02\/me-300x186.jpg 300w, https:\/\/jteblogi.sivustamo.dev\/wp-content\/uploads\/2023\/02\/me.jpg 1050w\" sizes=\"auto, (max-width: 600px) 100vw, 600px\" \/><p id=\"caption-attachment-10848\" class=\"wp-caption-text\">.. JA T\u00c4SS\u00c4 ME KOLME CABO DE SAN ANTONIOSSA (Photo: Virgilio Beltr\u00e1n)<\/p><\/div>\n<p style=\"font-weight: 400;\">Torstai 2.2.2023 vietettiin p\u00e4\u00e4osin kaupunkilintujen parissa, tosin iltap\u00e4iv\u00e4ll\u00e4 oltiin Albufeiran luonnonpuistossa n. 3 tuntia. S\u00e4\u00e4 oli edelleen aurinkoinen ja p\u00e4iv\u00e4ll\u00e4 melko l\u00e4mminkin (15 astetta), tuuli oli edelleen heikkoa. Virgilio tuli meit\u00e4 aamiaisen j\u00e4lkeen hakemaan ja py\u00f6rittiin kaupungin eri puistoissa useampi tunti. N\u00e4htiin mm. 16 kauluskaijaa, 27 munkkiarattia, <strong>4 punap\u00e4\u00e4arattia<\/strong>, pyrst\u00f6tiainen ja <strong>4 punaposkibulbulia<\/strong>. Bulbuli ja punap\u00e4\u00e4aratti ovat nyky\u00e4\u00e4n C-kategorian lajeja ja siksi niit\u00e4 on t\u00e4\u00e4ll\u00e4 useampi suomalainenkin t\u00e4n\u00e4 talvena k\u00e4ynyt katsomassa.<\/p>\n<div id=\"attachment_10849\" style=\"width: 610px\" class=\"wp-caption alignnone\"><img loading=\"lazy\" decoding=\"async\" aria-describedby=\"caption-attachment-10849\" class=\"size-large wp-image-10849\" src=\"https:\/\/jteblogi.sivustamo.dev\/wp-content\/uploads\/2023\/02\/punaposkibulbuli_10_Espanja_02_23-600x400.jpg\" alt=\"PUNAPOSKIBULBULEITA L\u00d6YDETTIIN KOLMEEN OTTEESEEN\" width=\"600\" height=\"400\" srcset=\"https:\/\/jteblogi.sivustamo.dev\/wp-content\/uploads\/2023\/02\/punaposkibulbuli_10_Espanja_02_23-600x400.jpg 600w, https:\/\/jteblogi.sivustamo.dev\/wp-content\/uploads\/2023\/02\/punaposkibulbuli_10_Espanja_02_23-300x200.jpg 300w, https:\/\/jteblogi.sivustamo.dev\/wp-content\/uploads\/2023\/02\/punaposkibulbuli_10_Espanja_02_23.jpg 1200w\" sizes=\"auto, (max-width: 600px) 100vw, 600px\" \/><p id=\"caption-attachment-10849\" class=\"wp-caption-text\">PUNAPOSKIBULBULEITA L\u00d6YDETTIIN KOLMEEN OTTEESEEN<\/p><\/div>\n<p style=\"font-weight: 400;\">Iltap\u00e4iv\u00e4n retkell\u00e4 Albufeiran alueella (jossa ensin pist\u00e4ydyttiin piknikill\u00e4 meren rannalla) n\u00e4htiin mm. 2 ristisorsaa, 5 silkkiuikkua, 8 mustakaulauikkua, 2 riuttatiiraa ja 8 pulmussirri\u00e4. Kosteikkoalueilla havaittiin mm. flamingoja yli 3000, pronssi-iibiksi\u00e4 n. <strong>2200<\/strong>, mustapyrst\u00f6kuireja 300, t\u00f6yht\u00f6hyyppi\u00e4 180, suokukkoja 30, <strong>4 v\u00e4limerenlokkia<\/strong>, 8 jalohaikaraa, 4 ruskosuohaukkaa ja hiirihaukka. Palattiin hotellille klo 18.30, kiitettiin Virgilioa hienosta matkaseurasta ja opastuksesta sek\u00e4 k\u00e4ytiin illalla sy\u00f6m\u00e4ss\u00e4 pikku ravintolassa hyv\u00e4 illallinen paikallisen punaviinin kera.<\/p>\n<p style=\"font-weight: 400;\"><img loading=\"lazy\" decoding=\"async\" class=\"alignnone size-large wp-image-10850\" src=\"https:\/\/jteblogi.sivustamo.dev\/wp-content\/uploads\/2023\/02\/flamingo_01_Espanja_01_23-600x314.jpg\" alt=\"flamingo_01_Espanja_01_23\" width=\"600\" height=\"314\" srcset=\"https:\/\/jteblogi.sivustamo.dev\/wp-content\/uploads\/2023\/02\/flamingo_01_Espanja_01_23-600x314.jpg 600w, https:\/\/jteblogi.sivustamo.dev\/wp-content\/uploads\/2023\/02\/flamingo_01_Espanja_01_23-300x157.jpg 300w, https:\/\/jteblogi.sivustamo.dev\/wp-content\/uploads\/2023\/02\/flamingo_01_Espanja_01_23.jpg 1200w\" sizes=\"auto, (max-width: 600px) 100vw, 600px\" \/><\/p>\n<div id=\"attachment_10851\" style=\"width: 610px\" class=\"wp-caption alignnone\"><img loading=\"lazy\" decoding=\"async\" aria-describedby=\"caption-attachment-10851\" class=\"size-large wp-image-10851\" src=\"https:\/\/jteblogi.sivustamo.dev\/wp-content\/uploads\/2023\/02\/pronssi_iibis_02_Espanja_02_23-600x343.jpg\" alt=\"FLAMINGOJA JA PRONSSI-IIBIKSI\u00c4 OLI TUHANSIA ALBUFEIRALLA\" width=\"600\" height=\"343\" srcset=\"https:\/\/jteblogi.sivustamo.dev\/wp-content\/uploads\/2023\/02\/pronssi_iibis_02_Espanja_02_23-600x343.jpg 600w, https:\/\/jteblogi.sivustamo.dev\/wp-content\/uploads\/2023\/02\/pronssi_iibis_02_Espanja_02_23-300x172.jpg 300w, https:\/\/jteblogi.sivustamo.dev\/wp-content\/uploads\/2023\/02\/pronssi_iibis_02_Espanja_02_23.jpg 1200w\" sizes=\"auto, (max-width: 600px) 100vw, 600px\" \/><p id=\"caption-attachment-10851\" class=\"wp-caption-text\">FLAMINGOJA JA PRONSSI-IIBIKSI\u00c4 OLI TUHANSIA ALBUFEIRALLA<\/p><\/div>\n<p style=\"font-weight: 400;\">Perjantaina 3.2.2023 oli aurinkoista ja viile\u00e4n y\u00f6n j\u00e4lkeen l\u00e4mp\u00f6 nousi 16 asteeseen. K\u00e4veltiin aamiaisen j\u00e4lkeen pitkin poikin Valenciaa, askeleita kertyi yli 22.000. Kuljetettiin kameroita varmuuden vuoksi, mutta ei nytk\u00e4\u00e4n l\u00f6ydetty punap\u00e4\u00e4arattia kuvattavaksi, munkkiaratteja ja kauluskaijoja kyll\u00e4 oli useassa paikassa. N\u00e4htiin taas <strong>3 punaposkibulbulia<\/strong>, j\u00e4lleen Park de la Canaletassa kuten eilenkin. P\u00e4iv\u00e4ll\u00e4 juotiin pariin otteeseen kahvit, sy\u00f6tiin kevyt lounas kev\u00e4tauringossa, katseltiin Valencian historiallisia n\u00e4ht\u00e4vyyksi\u00e4 ja illalla sy\u00f6tiin makoisa illallinen vaihteeksi italialaisessa l\u00e4hiravintolassa.<\/p>\n<div id=\"attachment_10852\" style=\"width: 610px\" class=\"wp-caption alignnone\"><img loading=\"lazy\" decoding=\"async\" aria-describedby=\"caption-attachment-10852\" class=\"size-large wp-image-10852\" src=\"https:\/\/jteblogi.sivustamo.dev\/wp-content\/uploads\/2023\/02\/harjalintu_02_Espanja_02_23-600x372.jpg\" alt=\"HARJALINTU VALENCIAN PUISTOSSA\" width=\"600\" height=\"372\" srcset=\"https:\/\/jteblogi.sivustamo.dev\/wp-content\/uploads\/2023\/02\/harjalintu_02_Espanja_02_23-600x372.jpg 600w, https:\/\/jteblogi.sivustamo.dev\/wp-content\/uploads\/2023\/02\/harjalintu_02_Espanja_02_23-300x186.jpg 300w, https:\/\/jteblogi.sivustamo.dev\/wp-content\/uploads\/2023\/02\/harjalintu_02_Espanja_02_23.jpg 1200w\" sizes=\"auto, (max-width: 600px) 100vw, 600px\" \/><p id=\"caption-attachment-10852\" class=\"wp-caption-text\">HARJALINTU VALENCIAN PUISTOSSA<\/p><\/div>\n<p style=\"font-weight: 400;\">Lauantaina 4.2.2023 jatkettiin Valenciaan tutustumista kauniissa ja kev\u00e4isess\u00e4 (16 astetta) s\u00e4\u00e4ss\u00e4. Kierreltiin vanhaa kaupunkia, k\u00e4ytiin upeassa Jardi Botanicissa ja iltap\u00e4iv\u00e4ll\u00e4 py\u00f6rittiin edelleen vanhan jokiuoman viheralueella. Lounastakin haukattiin ja jatkettiin edelleen punap\u00e4\u00e4arattien hakua, jotta saataisiin niist\u00e4kin joku kuva. Askeleita kertyi t\u00e4n\u00e4\u00e4nkin yli 23.000 ja my\u00f6h\u00e4\u00e4n iltap\u00e4iv\u00e4ll\u00e4 uurastus vihdoin palkittiin \u2013 l\u00f6ydettiin <strong>6 punap\u00e4\u00e4arattia<\/strong>, joista pari oli ihan hyvin kuvattavana. Aiemmin n\u00e4htiin kasvitieteellisess\u00e4 puutarhassa <strong>2 punaposkibulbulia<\/strong>, kauluskaijoja sek\u00e4 munkkiaratteja oli kymmeni\u00e4. Mainita voi viel\u00e4 harjalinnun ja 3 pyrst\u00f6tiaista. Illalla sy\u00f6tiin kotoisassa pikku ravintolassa maukasta seafoodpaellaa ja nautittiin kylm\u00e4\u00e4 Cavaa.<\/p>\n<div id=\"attachment_10853\" style=\"width: 610px\" class=\"wp-caption alignnone\"><img loading=\"lazy\" decoding=\"async\" aria-describedby=\"caption-attachment-10853\" class=\"size-large wp-image-10853\" src=\"https:\/\/jteblogi.sivustamo.dev\/wp-content\/uploads\/2023\/02\/punap\u00e4\u00e4aratti_03_Espanja_02_23-600x372.jpg\" alt=\"PUNAP\u00c4\u00c4ARATTIKIN L\u00d6YTYI VIHDOIN KUVATTAVAKSI\" width=\"600\" height=\"372\" srcset=\"https:\/\/jteblogi.sivustamo.dev\/wp-content\/uploads\/2023\/02\/punap\u00e4\u00e4aratti_03_Espanja_02_23-600x372.jpg 600w, https:\/\/jteblogi.sivustamo.dev\/wp-content\/uploads\/2023\/02\/punap\u00e4\u00e4aratti_03_Espanja_02_23-300x186.jpg 300w, https:\/\/jteblogi.sivustamo.dev\/wp-content\/uploads\/2023\/02\/punap\u00e4\u00e4aratti_03_Espanja_02_23.jpg 1200w\" sizes=\"auto, (max-width: 600px) 100vw, 600px\" \/><p id=\"caption-attachment-10853\" class=\"wp-caption-text\">PUNAP\u00c4\u00c4ARATTIKIN L\u00d6YTYI VIHDOIN KUVATTAVAKSI<\/p><\/div>\n<p style=\"font-weight: 400;\">Sunnuntaina 5.2.2023 oli l\u00e4ht\u00f6p\u00e4iv\u00e4 takaisin Suomeen. Aamiaisen j\u00e4lkeen ehdittiin kuitenkin viel\u00e4 pari tuntia kierrell\u00e4 Valencian vanhaa kaupunkia aurinkoisessa kev\u00e4taamussa. Runsaasti v\u00e4ke\u00e4 oli liikkeell\u00e4, kirkoissa ja isohkossa kansantanssitapahtumassa. Puolita p\u00e4ivin mentiin taksilla lentokent\u00e4lle (vain 18e!) ja t\u00e4p\u00f6t\u00e4ysi lentomme Amsterdamiin l\u00e4hti klo 15.30, v\u00e4h\u00e4n my\u00f6h\u00e4ss\u00e4. Amsterdamissa vaihtoaikaa oli 2,5 tuntia kunnes KLM:n lento Hesaan l\u00e4hti klo 20.30. Aivan piukassa v\u00e4ke\u00e4 oli t\u00e4m\u00e4kin iso kone. Vastatuulen takia saavuttiin Helsinkiin vasta klo 00.20, saatiin laukut ja ajettiin autolla loppuy\u00f6ksi Nummelle, Outin kotitalolle. Maanantaina aamup\u00e4iv\u00e4ll\u00e4 ajelin Turkuun, Outi j\u00e4i viel\u00e4 pieneen sukupalaveriin Nummelle.<\/p>\n<div id=\"attachment_10856\" style=\"width: 610px\" class=\"wp-caption alignnone\"><img loading=\"lazy\" decoding=\"async\" aria-describedby=\"caption-attachment-10856\" class=\"size-large wp-image-10856\" src=\"https:\/\/jteblogi.sivustamo.dev\/wp-content\/uploads\/2023\/02\/vuoria-600x343.jpg\" alt=\"ALICANTEN JA VALENCIAN V\u00c4LILL\u00c4 ON KORKEITAKIN VUORIA\" width=\"600\" height=\"343\" srcset=\"https:\/\/jteblogi.sivustamo.dev\/wp-content\/uploads\/2023\/02\/vuoria-600x343.jpg 600w, https:\/\/jteblogi.sivustamo.dev\/wp-content\/uploads\/2023\/02\/vuoria-300x171.jpg 300w, https:\/\/jteblogi.sivustamo.dev\/wp-content\/uploads\/2023\/02\/vuoria.jpg 1200w\" sizes=\"auto, (max-width: 600px) 100vw, 600px\" \/><p id=\"caption-attachment-10856\" class=\"wp-caption-text\">ALICANTEN JA VALENCIAN V\u00c4LILL\u00c4 ON KORKEITAKIN VUORIA (Kuva: Outi Sarjakoski)<\/p><\/div>\n<p style=\"font-weight: 400;\"><strong>Epilogi<\/strong>.<\/p>\n<p>Retkemme varsinaisen linturetkiosuuden lajim\u00e4\u00e4r\u00e4ksi tuli 116 lajia, joista 2 oli meille kokonaan uusia (C-lajit), Espanjanpinnoja kertyi kolme (nyt 290). Retki oli kaikin puolin onnistunut, mukava oli n\u00e4hd\u00e4 meille uusia alueita Espanjassa, majoitukset olivat hyvi\u00e4, ruuat erinomaisia ja ihmiset yst\u00e4v\u00e4llisi\u00e4 ja palvelu pelasi hienosti. Lintuoppaamme Virgilio Beltr\u00e1n (<a href=\"http:\/\/info@numenius.tours\">info@numenius.tours<\/a>) oli paitsi mukava my\u00f6s p\u00e4tev\u00e4 ja paikallisena tunsi hyvin kaikki laajan alueen lintupaikat. Retkemme j\u00e4rjestelyihin osallistui my\u00f6s Pau Lucio (<a href=\"http:\/\/www.birdwatchingspain.net\/\">Birdwatching Spain<\/a>), joka ei perhesyist\u00e4 p\u00e4\u00e4ssyt nyt mukaan. T\u00e4ll\u00e4 kertaa j\u00e4lleen yhdistimme lintureissuun v\u00e4h\u00e4n kaupunkilomaakin ja hotellivalintamme meniv\u00e4t ihan nappiin, sijainnitkin olivat eritt\u00e4in hyvi\u00e4 lintureissujen kannalta. Viel\u00e4 voinee todeta, ett\u00e4 yh\u00e4 edelleen Espanjan hintataso on huomattavasti Suomea halvempi, etenkin sy\u00f6minen ja juominen ovat edullisia ja my\u00f6s majoitukset selv\u00e4sti halvempia hinta\/laatu-suhteeltaan. Tiet ovat hienossa kunnossa verrattuna Suomen kuoppaisiin maanteihin ja liikennekin oli yll\u00e4tt\u00e4v\u00e4n sujuvaa. Olipa taas mukava \u201dtalvimatka\u201d.<\/p>\n<p>Retken <strong>lintukuvia<\/strong> l\u00f6ytyy isompina tiedostoina (klikkaa auki!) t\u00e4\u00e4lt\u00e4:<br \/>\n<strong><a href=\"https:\/\/jtenovuo.1g.fi\/kuvat\/Uusimmat+ulkomailta++-+Latest+abroad\/\">https:\/\/jtenovuo.1g.fi\/kuvat\/Uusimmat+ulkomailta++-+Latest+abroad\/<\/a><\/strong><\/p>\n<div id=\"attachment_10854\" style=\"width: 610px\" class=\"wp-caption alignnone\"><img loading=\"lazy\" decoding=\"async\" aria-describedby=\"caption-attachment-10854\" class=\"size-large wp-image-10854\" src=\"https:\/\/jteblogi.sivustamo.dev\/wp-content\/uploads\/2023\/02\/kauluskaija_02_Espanja_02_23-600x400.jpg\" alt=\"KAULUSKAIJOJA PESII MONIN PAIKOIN VALENCIAN PUISTOISSA\" width=\"600\" height=\"400\" srcset=\"https:\/\/jteblogi.sivustamo.dev\/wp-content\/uploads\/2023\/02\/kauluskaija_02_Espanja_02_23-600x400.jpg 600w, https:\/\/jteblogi.sivustamo.dev\/wp-content\/uploads\/2023\/02\/kauluskaija_02_Espanja_02_23-300x200.jpg 300w, https:\/\/jteblogi.sivustamo.dev\/wp-content\/uploads\/2023\/02\/kauluskaija_02_Espanja_02_23.jpg 1200w\" sizes=\"auto, (max-width: 600px) 100vw, 600px\" \/><p id=\"caption-attachment-10854\" class=\"wp-caption-text\">KAULUSKAIJOJA PESII MONIN PAIKOIN VALENCIAN PUISTOISSA (Kuva: Outi Sarjakoski)<\/p><\/div>\n<div id=\"attachment_10857\" style=\"width: 610px\" class=\"wp-caption alignnone\"><img loading=\"lazy\" decoding=\"async\" aria-describedby=\"caption-attachment-10857\" class=\"size-large wp-image-10857\" src=\"https:\/\/jteblogi.sivustamo.dev\/wp-content\/uploads\/2023\/02\/el-hondo-600x343.jpg\" alt=\"EL HONDON KOSTEIKKOA ALICANTEN L\u00c4HELL\u00c4\" width=\"600\" height=\"343\" srcset=\"https:\/\/jteblogi.sivustamo.dev\/wp-content\/uploads\/2023\/02\/el-hondo-600x343.jpg 600w, https:\/\/jteblogi.sivustamo.dev\/wp-content\/uploads\/2023\/02\/el-hondo-300x171.jpg 300w\" sizes=\"auto, (max-width: 600px) 100vw, 600px\" \/><p id=\"caption-attachment-10857\" class=\"wp-caption-text\">EL HONDON KOSTEIKKOA ALICANTEN L\u00c4HELL\u00c4 (Kuva: Outi Sarjakoski)<\/p><\/div>\n","protected":false},"excerpt":{"rendered":"<p>Lauantaina 28.1.2023 l\u00e4hdimme Outin kanssa lintu- ja lomareissulle, suuntana t\u00e4ll\u00e4 kertaa meille kokonaan uusi kohde eli Espanjan it\u00e4-kaakkoisosassa olevat Alicanten ja Valencian alueet. L\u00e4ht\u00f6 Turusta oli klo 10 aikaan ja ajettiin ensin Outin kotitalolle Nummelle , jossa juotiin makoisat kahvit. &hellip; <a href=\"https:\/\/jteblogi.sivustamo.dev\/?p=10835\">Lue loppuun <span class=\"meta-nav\">&rarr;<\/span><\/a><\/p>\n","protected":false},"author":3,"featured_media":0,"comment_status":"closed","ping_status":"open","sticky":false,"template":"","format":"standard","meta":{"footnotes":""},"categories":[1,3,6],"tags":[],"class_list":["post-10835","post","type-post","status-publish","format-standard","hentry","category-ajankohtaista-linturetkilta","category-digikuvia-luonnosta","category-matkaraportit"],"_links":{"self":[{"href":"https:\/\/jteblogi.sivustamo.dev\/index.php?rest_route=\/wp\/v2\/posts\/10835","targetHints":{"allow":["GET"]}}],"collection":[{"href":"https:\/\/jteblogi.sivustamo.dev\/index.php?rest_route=\/wp\/v2\/posts"}],"about":[{"href":"https:\/\/jteblogi.sivustamo.dev\/index.php?rest_route=\/wp\/v2\/types\/post"}],"author":[{"embeddable":true,"href":"https:\/\/jteblogi.sivustamo.dev\/index.php?rest_route=\/wp\/v2\/users\/3"}],"replies":[{"embeddable":true,"href":"https:\/\/jteblogi.sivustamo.dev\/index.php?rest_route=%2Fwp%2Fv2%2Fcomments&post=10835"}],"version-history":[{"count":7,"href":"https:\/\/jteblogi.sivustamo.dev\/index.php?rest_route=\/wp\/v2\/posts\/10835\/revisions"}],"predecessor-version":[{"id":10863,"href":"https:\/\/jteblogi.sivustamo.dev\/index.php?rest_route=\/wp\/v2\/posts\/10835\/revisions\/10863"}],"wp:attachment":[{"href":"https:\/\/jteblogi.sivustamo.dev\/index.php?rest_route=%2Fwp%2Fv2%2Fmedia&parent=10835"}],"wp:term":[{"taxonomy":"category","embeddable":true,"href":"https:\/\/jteblogi.sivustamo.dev\/index.php?rest_route=%2Fwp%2Fv2%2Fcategories&post=10835"},{"taxonomy":"post_tag","embeddable":true,"href":"https:\/\/jteblogi.sivustamo.dev\/index.php?rest_route=%2Fwp%2Fv2%2Ftags&post=10835"}],"curies":[{"name":"wp","href":"https:\/\/api.w.org\/{rel}","templated":true}]}}