{"id":11837,"date":"2024-03-30T12:00:13","date_gmt":"2024-03-30T10:00:13","guid":{"rendered":"https:\/\/jteblogi.sivustamo.dev\/?p=11837"},"modified":"2024-03-31T15:06:59","modified_gmt":"2024-03-31T13:06:59","slug":"linturetkeilya-kap-verdella","status":"publish","type":"post","link":"https:\/\/jteblogi.sivustamo.dev\/?p=11837","title":{"rendered":"Linturetkeily\u00e4 Kap Verdell\u00e4"},"content":{"rendered":"<p style=\"font-weight: 400;\">Keskiviikkona 13.3.2024 alkoi kauan suunniteltu lintumatka Kap Verdelle, t\u00e4ht\u00e4imess\u00e4 erityisesti muutama WP-alueen endeeminen laji, joita ei oikein voi muualla n\u00e4hd\u00e4 ja kuvata. Matkaan l\u00e4htiv\u00e4t lis\u00e4kseni Mikko J\u00e4rvinen, Ilkka Vieno, Rauli Lumio ja Heikki Minn \u2013 kaikki tuttuja lintukavereita vuosien ajalta. Keskiviikkona iltap\u00e4iv\u00e4ll\u00e4 ajelimme meid\u00e4n autolla Turusta Hesan lentoasemalle, Rauli ja Heikki mukana. Sumuisen sateinen, kostea maaliskuun s\u00e4\u00e4 sai ajatuksen Kap Verdest\u00e4 tuntumaan entist\u00e4 paremmalta. Matkalla n\u00e4kyi Suomusj\u00e4rvell\u00e4 tien reunalla <strong>hiirip\u00f6ll\u00f6<\/strong>, lentoasemalle tultiin klo 18 maissa ja itse y\u00f6vyin tutussa Glo-hotellissa pienen iltapalan j\u00e4lkeen. Iltapalakavereiksi ehtiv\u00e4t Mikko ja Ilkkakin autollaan Raumalta.<\/p>\n<div id=\"attachment_11838\" style=\"width: 610px\" class=\"wp-caption alignnone\"><img loading=\"lazy\" decoding=\"async\" aria-describedby=\"caption-attachment-11838\" class=\"size-large wp-image-11838\" src=\"https:\/\/jteblogi.sivustamo.dev\/wp-content\/uploads\/2024\/03\/retkiporukka-600x400.jpg\" alt=\"RETKIPORUKKAMME, T\u00c4SS\u00c4 JO KAP VERDEN MAISEMISSA\" width=\"600\" height=\"400\" srcset=\"https:\/\/jteblogi.sivustamo.dev\/wp-content\/uploads\/2024\/03\/retkiporukka-600x400.jpg 600w, https:\/\/jteblogi.sivustamo.dev\/wp-content\/uploads\/2024\/03\/retkiporukka-300x200.jpg 300w, https:\/\/jteblogi.sivustamo.dev\/wp-content\/uploads\/2024\/03\/retkiporukka.jpg 1200w\" sizes=\"auto, (max-width: 600px) 100vw, 600px\" \/><p id=\"caption-attachment-11838\" class=\"wp-caption-text\">RETKIPORUKKAMME, T\u00c4SS\u00c4 JO KAP VERDEN MAISEMISSA &#8211; vas Ilkka, Mikko, Jorma, Heikki ja Rauli<\/p><\/div>\n<p style=\"font-weight: 400;\">Torstaina 14.3.2024 lentomme l\u00e4hti klo 06.30. Olimme varanneet edullisen hinnan ja suoran lennon takia Tj\u00e4reborgin 2 viikon lomamatkan Kap Verdelle ja Sunclass-yhti\u00f6n Airbus 321A l\u00e4hti ajallaan kohti etel\u00e4\u00e4. Lentomatka on pitk\u00e4, Las Palmasissa oli tunnin v\u00e4lilasku tankkausta varten, mutta koneesta ei voinut poistua. Sal\u2019in saarelle, Kap Verdelle saavuttiin klo 13.30 paikallista aikaa, melko tasan 10 tunnin matkan j\u00e4lkeen. Sin\u00e4ll\u00e4\u00e4n lento sujui hyvin, palvelu oli hyv\u00e4\u00e4 ja kaikki toimi moitteetta. Sal\u2019illa oli vastassa auringonpaiste, 25 asteen l\u00e4mp\u00f6 ja reipas koillispasaati, l\u00e4hes 10 m\/s, joka mukavasti viilensi ilmaa. Bussikuljetuksella matkattiin hotellillemme, hotelli da Luz Santa Mariassa, ja matkalla n\u00e4htiin ekat linnutkin. Majoittumisen j\u00e4lkeen ehdimme tehd\u00e4 viel\u00e4 parin tunnin k\u00e4velyn ranta- ja avomaa-alueilla kaupungin reunalla ja p\u00e4iv\u00e4n lintusaaliiseen kuuluivat mm. mustajalkatylli, 6 lehm\u00e4haikaraa, kalas\u00e4\u00e4ski, 4 <em>alexandri<\/em>-alalajin tuulihaukkaa, arokorppi sek\u00e4 pikkulintuja mm. 2 kirjosiipikiurua, 14 pikkuaavikkokiurua ja n. 40 <strong>kapverdenvarpusta<\/strong>. Viimemainittu olikin yksi retken kohdelajeista, kaikille uusi tuttavuus. Retki k\u00e4ynnistyi mukavasti vaikka matkav\u00e4syneit\u00e4 oltiinkin. Illallinen sy\u00f6tiin hotellilla ja uni maittoi.<\/p>\n<div id=\"attachment_11839\" style=\"width: 610px\" class=\"wp-caption alignnone\"><img loading=\"lazy\" decoding=\"async\" aria-describedby=\"caption-attachment-11839\" class=\"size-large wp-image-11839\" src=\"https:\/\/jteblogi.sivustamo.dev\/wp-content\/uploads\/2024\/03\/kapverdenvarpunen_05_KapVerde_03_24-600x400.jpg\" alt=\"KAPVERDENVARPUNEN ON YLEINEN K\u00c4YMILL\u00c4MME SAARILLA\" width=\"600\" height=\"400\" srcset=\"https:\/\/jteblogi.sivustamo.dev\/wp-content\/uploads\/2024\/03\/kapverdenvarpunen_05_KapVerde_03_24-600x400.jpg 600w, https:\/\/jteblogi.sivustamo.dev\/wp-content\/uploads\/2024\/03\/kapverdenvarpunen_05_KapVerde_03_24-300x200.jpg 300w, https:\/\/jteblogi.sivustamo.dev\/wp-content\/uploads\/2024\/03\/kapverdenvarpunen_05_KapVerde_03_24.jpg 1200w\" sizes=\"auto, (max-width: 600px) 100vw, 600px\" \/><p id=\"caption-attachment-11839\" class=\"wp-caption-text\">KAPVERDENVARPUNEN ON YLEINEN K\u00c4YMILL\u00c4MME SAARILLA<\/p><\/div>\n<p style=\"font-weight: 400;\">Perjantaina 15.3.2024 aurinko paistoi, koillistuuli puhalsi 9-10 m\/s ja l\u00e4mp\u00f6\u00e4 oli 25 astetta. Aamiaisen j\u00e4lkeen hyp\u00e4ttiin taksiin ja l\u00e4hdettiin saaren lintupaikoille, matkalla poimittiin oppaaksemme Sal\u2019in lintuguru Uwe Thom. Kierreltiin koko aamup\u00e4iv\u00e4 ns. \u201dbrackish water area\u201dlla, l\u00e4hell\u00e4 vedenpuhdistamoa ja pumppaamoa. K\u00e4veltiin takaisin kaupunkiin ja hotellille. Pienen siestan j\u00e4lkeen l\u00e4hdettiin viel\u00e4 iltap\u00e4iv\u00e4ksi Santa Marian hautausmaan l\u00e4hist\u00f6lle aavikkojuoksijoita hakemaan, eik\u00e4 ollut sek\u00e4\u00e4n turha reissu. Illallinen ja iltahuuto pidettiin taas hotellilla. P\u00e4iv\u00e4n lintusaalis oli odotettua monipuolisempi, etenkin kahlaajat yll\u00e4ttiv\u00e4t positiivisesti. N\u00e4htiin mm. 2 jouhisorsaa (pari ollut koko talven paikalla), <strong>7 viiri\u00e4ist\u00e4<\/strong>, 4 silkkihaikaraa, 30 lehm\u00e4haikaraa, tumma riuttahaikara, 6 harmaahaikaraa, 4 pronssi-iibist\u00e4, kalas\u00e4\u00e4ski, 7 tuulihaukkaa ja 5 arokorppia.<\/p>\n<div id=\"attachment_11841\" style=\"width: 610px\" class=\"wp-caption alignnone\"><img loading=\"lazy\" decoding=\"async\" aria-describedby=\"caption-attachment-11841\" class=\"size-large wp-image-11841\" src=\"https:\/\/jteblogi.sivustamo.dev\/wp-content\/uploads\/2024\/03\/riuttahaikara_01_KapVerde_03_24-600x400.jpg\" alt=\"RIUTTAHAIRAROITA N\u00c4HTIIN MONESSA PAIKASSA\" width=\"600\" height=\"400\" srcset=\"https:\/\/jteblogi.sivustamo.dev\/wp-content\/uploads\/2024\/03\/riuttahaikara_01_KapVerde_03_24-600x400.jpg 600w, https:\/\/jteblogi.sivustamo.dev\/wp-content\/uploads\/2024\/03\/riuttahaikara_01_KapVerde_03_24-300x200.jpg 300w, https:\/\/jteblogi.sivustamo.dev\/wp-content\/uploads\/2024\/03\/riuttahaikara_01_KapVerde_03_24.jpg 1200w\" sizes=\"auto, (max-width: 600px) 100vw, 600px\" \/><p id=\"caption-attachment-11841\" class=\"wp-caption-text\">RIUTTAHAIKAROITA N\u00c4HTIIN MONESSA PAIKASSA<\/p><\/div>\n<p style=\"font-weight: 400;\">Kahlaajia havaittiin 31 pitk\u00e4jalkaa, 2 tundrakurmitsaa, 10 tylli\u00e4, 160 mustajalkatylli\u00e4, 5 pikkukuovia, 4 rantasipi\u00e4, 24 liroa, valkoviklo, 70 karikukkoa, 5 suokukkoa, kuovisirri, 6 suosirri\u00e4, 140 pulmussirri\u00e4, 3 pikkusirri\u00e4 ja <strong>3 aavikkojuoksijaa<\/strong>. P\u00e4iv\u00e4n megalaji oli kuitenkin <strong>preeriakahlaaja<\/strong>, joka n\u00e4htiin ensin lyhyesti maassa, sitten lennossa, mutta lintu pian katosi. Sek\u00e4 Uwe ett\u00e4 Ilkka ehtiv\u00e4t saada kelvolliset kuvat ja lajidokumentit olivat n\u00e4in olemassa. Uwe palasi alueelle iltap\u00e4iv\u00e4ll\u00e4 ja l\u00f6ysi linnun uudelleen ja sai lis\u00e4\u00e4 kuviakin t\u00e4st\u00e4 koko Kap Verdelle uudesta lajista. Samalla preeriakahlaaja oli minullekin uusi laji, muut olivat sen aiemmin WP:ll\u00e4 n\u00e4hneet ja\/tai bonganneet (Suomessakin kerran). Hieno yll\u00e4tys ja kova alku matkalle! P\u00e4iv\u00e4n muita havaintoja olivat viel\u00e4 <strong>ruostep\u00e4\u00e4sky<\/strong> sek\u00e4 pikkulintuja mm. 5 kirjosiipikiurua, 20 pikkuaavikkokiurua, 16 saharanvarpuskiurua, 3 pikkupensaskerttua, 40 pensasvarpusta ja taas paljon kapverdenvarpusia kaupunkialueella.<\/p>\n<div id=\"attachment_11840\" style=\"width: 610px\" class=\"wp-caption alignnone\"><img loading=\"lazy\" decoding=\"async\" aria-describedby=\"caption-attachment-11840\" class=\"size-large wp-image-11840\" src=\"https:\/\/jteblogi.sivustamo.dev\/wp-content\/uploads\/2024\/03\/Upland_sandpiper_Sal_Cape_Verde_Ilkka_Vieno-600x343.jpg\" alt=\"ILKAN OTTAMA MAINIO LENTOKUVA PREERIAKAHLAAJASTA SAL'ILLA\" width=\"600\" height=\"343\" srcset=\"https:\/\/jteblogi.sivustamo.dev\/wp-content\/uploads\/2024\/03\/Upland_sandpiper_Sal_Cape_Verde_Ilkka_Vieno-600x343.jpg 600w, https:\/\/jteblogi.sivustamo.dev\/wp-content\/uploads\/2024\/03\/Upland_sandpiper_Sal_Cape_Verde_Ilkka_Vieno-300x171.jpg 300w, https:\/\/jteblogi.sivustamo.dev\/wp-content\/uploads\/2024\/03\/Upland_sandpiper_Sal_Cape_Verde_Ilkka_Vieno.jpg 1122w\" sizes=\"auto, (max-width: 600px) 100vw, 600px\" \/><p id=\"caption-attachment-11840\" class=\"wp-caption-text\">ILKAN OTTAMA MAINIO LENTOKUVA PREERIAKAHLAAJASTA SAL&#8217;ILLA<\/p><\/div>\n<p style=\"font-weight: 400;\">Lauantaina 16.3.2024 vaihdoimme matkasuunnitelmamme mukaan saarta. Aamiaisen j\u00e4lkeen pakattiin tavarat ja l\u00e4hdettiin kahdella taksilla Salin lentoasemalle. BestFlyn lento Salilta Sao Vicenten kautta Santiagon Praialle oli kuitenkin my\u00f6h\u00e4ss\u00e4 runsaan tunnin kunnes p\u00e4\u00e4stiin l\u00e4htem\u00e4\u00e4n Sao Vicentelle, jossa oli v\u00e4lilasku. Koneesta ulos ja my\u00f6hemmin taas sis\u00e4\u00e4n, koska sama kone jatkoi Praialle. Perille saavuttiin klo 14.10 ja lentoasemalla olivat vastassa oppaamme Andriu sek\u00e4 autonkuljettaja Zezito. Ensin k\u00e4ytiin v\u00e4h\u00e4n sy\u00f6m\u00e4ss\u00e4 v\u00e4lipalaa ja eka kohteemme t\u00e4ll\u00e4 saarella oli lentokent\u00e4n etel\u00e4p\u00e4\u00e4n kohdalla oleva kalliojyrk\u00e4nne, jossa pesii <strong>suomutropiikkilintuja<\/strong>. Nyt oli n\u00e4kyviss\u00e4 16 yksil\u00f6\u00e4, v\u00e4lill\u00e4 hienosti kuvattavissa.<\/p>\n<div id=\"attachment_11844\" style=\"width: 610px\" class=\"wp-caption alignnone\"><img loading=\"lazy\" decoding=\"async\" aria-describedby=\"caption-attachment-11844\" class=\"size-large wp-image-11844\" src=\"https:\/\/jteblogi.sivustamo.dev\/wp-content\/uploads\/2024\/03\/suomutropiikkilintu_02_KapVerde_03_24-600x343.jpg\" alt=\"SUOMUTROPIIKKILINNUT OVAT UPEIMPIA MERILINTUJA\" width=\"600\" height=\"343\" srcset=\"https:\/\/jteblogi.sivustamo.dev\/wp-content\/uploads\/2024\/03\/suomutropiikkilintu_02_KapVerde_03_24-600x343.jpg 600w, https:\/\/jteblogi.sivustamo.dev\/wp-content\/uploads\/2024\/03\/suomutropiikkilintu_02_KapVerde_03_24-300x172.jpg 300w, https:\/\/jteblogi.sivustamo.dev\/wp-content\/uploads\/2024\/03\/suomutropiikkilintu_02_KapVerde_03_24.jpg 1200w\" sizes=\"auto, (max-width: 600px) 100vw, 600px\" \/><p id=\"caption-attachment-11844\" class=\"wp-caption-text\">SUOMUTROPIIKKILINNUT OVAT UPEIMPIA MERILINTUJA<\/p><\/div>\n<p style=\"font-weight: 400;\">Ohi lensi my\u00f6s retkemme ensimm\u00e4inen <strong>kapverdenkiit\u00e4j\u00e4<\/strong>. Jatkettiin matkaa sis\u00e4maahan ja pys\u00e4hdyttiin pariksi tunniksi Sao Domingoon, Milho Brancon kyl\u00e4n reunalle, jossa on t\u00e4n\u00e4 vuonna pesinyt endeeminen <em>bournei<\/em>-alalajin ruskohaikara. Haikaroita ei kuitenkaan l\u00f6ytynyt, ilmeisesti poikaset olivat jo lentokykyisi\u00e4 ja olivat j\u00e4tt\u00e4neet paikan. Milho Brancosta l\u00f6ysimme kuitenkin ekat 3<strong> helmikanaa<\/strong> sek\u00e4 ensimm\u00e4iset <strong>harmaap\u00e4\u00e4kalastajat<\/strong> \u2013 taas kaksi uutta WP-tuttavuutta.<\/p>\n<div id=\"attachment_11842\" style=\"width: 610px\" class=\"wp-caption alignnone\"><img loading=\"lazy\" decoding=\"async\" aria-describedby=\"caption-attachment-11842\" class=\"size-large wp-image-11842\" src=\"https:\/\/jteblogi.sivustamo.dev\/wp-content\/uploads\/2024\/03\/harmaap\u00e4\u00e4kalastaja_05_KapVerde_03_24-600x372.jpg\" alt=\"HARMAAP\u00c4\u00c4KALASTAJA ON KAP VERDEN KANSALLISLINTU\" width=\"600\" height=\"372\" srcset=\"https:\/\/jteblogi.sivustamo.dev\/wp-content\/uploads\/2024\/03\/harmaap\u00e4\u00e4kalastaja_05_KapVerde_03_24-600x372.jpg 600w, https:\/\/jteblogi.sivustamo.dev\/wp-content\/uploads\/2024\/03\/harmaap\u00e4\u00e4kalastaja_05_KapVerde_03_24-300x186.jpg 300w, https:\/\/jteblogi.sivustamo.dev\/wp-content\/uploads\/2024\/03\/harmaap\u00e4\u00e4kalastaja_05_KapVerde_03_24.jpg 1200w\" sizes=\"auto, (max-width: 600px) 100vw, 600px\" \/><p id=\"caption-attachment-11842\" class=\"wp-caption-text\">HARMAAP\u00c4\u00c4KALASTAJA ON KAP VERDEN KANSALLISLINTU<\/p><\/div>\n<p style=\"font-weight: 400;\">Illansuussa jatkettiin kohti majapaikkaamme, Pedra Badejon rantakaupunkia, ja saapuessamme kaupungin reunalle tien l\u00e4helt\u00e4 ponnahti lentoon <strong>ruskohaikara<\/strong> <em>ssp bournei<\/em>, l\u00f6ytyih\u00e4n sekin! Joku lentokuvakin saatiin, tosin v\u00e4h\u00e4n et\u00e4\u00e4lt\u00e4. Majoituttiin rannalle, hotel Faluchoon. Illallista nautittiin hotellin tunnelmallisessa rantaravintolassa, jossa lauantai-iltaa viihdytti paikallinen naisryhm\u00e4 rytmisell\u00e4 afromusiikilla, jossa oli paljon kariabialaista tunnelmaa mukana. P\u00e4iv\u00e4n lintuhavaintoja olivat edell\u00e4 mainittujen lis\u00e4ksi mm. 5 kapverdenkiit\u00e4j\u00e4\u00e4, 40 lehm\u00e4haikaraa, 6 tuulihaukkaa, 6 harmaap\u00e4\u00e4kalastajaa, kuningaskalastaja, 3 arokorppia, 5 pikkuaavikkokiurua, 2 pikkupensaskerttua, 5 vahanokkaa ja n. 20 kapverdenvarpusta.<\/p>\n<div id=\"attachment_11845\" style=\"width: 610px\" class=\"wp-caption alignnone\"><img loading=\"lazy\" decoding=\"async\" aria-describedby=\"caption-attachment-11845\" class=\"size-large wp-image-11845\" src=\"https:\/\/jteblogi.sivustamo.dev\/wp-content\/uploads\/2024\/03\/lentokone-600x300.jpg\" alt=\"T\u00c4LLAISILLA POTKURIKONEILLA LIIKUTAAN SAARILTA TOISILLE - SILLOIN KUN SAATUVAT LENT\u00c4M\u00c4\u00c4N...\" width=\"600\" height=\"300\" srcset=\"https:\/\/jteblogi.sivustamo.dev\/wp-content\/uploads\/2024\/03\/lentokone-600x300.jpg 600w, https:\/\/jteblogi.sivustamo.dev\/wp-content\/uploads\/2024\/03\/lentokone-300x150.jpg 300w, https:\/\/jteblogi.sivustamo.dev\/wp-content\/uploads\/2024\/03\/lentokone.jpg 1200w\" sizes=\"auto, (max-width: 600px) 100vw, 600px\" \/><p id=\"caption-attachment-11845\" class=\"wp-caption-text\">T\u00c4LLAISILLA POTKURIKONEILLA LIIKUTAAN SAARILTA TOISILLE &#8211; SILLOIN KUN SATTUVAT LENT\u00c4M\u00c4\u00c4N&#8230;<\/p><\/div>\n<p style=\"font-weight: 400;\">Sunnuntaina 17.3.2024 s\u00e4\u00e4 oli edelleen aurinkoinen, v\u00e4h\u00e4n poutapilvi\u00e4 ja l\u00e4mp\u00f6\u00e4 25 astetta. Koillistuuli jatkui, aamulla ja illalla melko heikkoa ja p\u00e4iv\u00e4ll\u00e4 reipasta. Aamiaisen j\u00e4lkeen l\u00e4hdettiin majapaikkamme etel\u00e4puolella olevalle rantakosteikolle, jossa koluttiin toista tuntia, kunnes matka jatkui sis\u00e4maan vuoristoalueelle. Mutkaisten teiden my\u00f6t\u00e4 ajettiin Picosvuorten kupeeseen Barragem de Favetan padolle, jossa viihdyttiin varsin pitk\u00e4\u00e4n. Pienen p\u00e4iv\u00e4palan j\u00e4lkeen jatkettiin Botanical Gardens\u2019in n\u00e4k\u00f6alapaikalle, miradorille, ja sielt\u00e4 my\u00f6hemmin yhden kuivuneen padon kautta takaisin hotelliin. Illallinen ja iltahuuto olivat taas hotellin rantaravintolassa. Hyv\u00e4 lintup\u00e4iv\u00e4 t\u00e4m\u00e4kin oli, n\u00e4htiin mm. <strong>19 kapverdenkiit\u00e4j\u00e4\u00e4<\/strong> (eniten eka padolla), 2 liejukanaa, pitk\u00e4jalka, tundrakurmitsa, tylli, 7 mustajalkatylli\u00e4, 2 pikkukuovia, 4 rantasipi\u00e4, valkoviklo, 11 karikukkoa ja 14 pulmussirri\u00e4.<\/p>\n<div id=\"attachment_11846\" style=\"width: 610px\" class=\"wp-caption alignnone\"><img loading=\"lazy\" decoding=\"async\" aria-describedby=\"caption-attachment-11846\" class=\"size-large wp-image-11846\" src=\"https:\/\/jteblogi.sivustamo.dev\/wp-content\/uploads\/2024\/03\/kapverdenkiit\u00e4j\u00e4_01_KapVerde_03_24-600x343.jpg\" alt=\"KAPVERDENKIIT\u00c4J\u00c4 EI OLLUT MITENK\u00c4\u00c4N RUNSAS\" width=\"600\" height=\"343\" srcset=\"https:\/\/jteblogi.sivustamo.dev\/wp-content\/uploads\/2024\/03\/kapverdenkiit\u00e4j\u00e4_01_KapVerde_03_24-600x343.jpg 600w, https:\/\/jteblogi.sivustamo.dev\/wp-content\/uploads\/2024\/03\/kapverdenkiit\u00e4j\u00e4_01_KapVerde_03_24-300x172.jpg 300w, https:\/\/jteblogi.sivustamo.dev\/wp-content\/uploads\/2024\/03\/kapverdenkiit\u00e4j\u00e4_01_KapVerde_03_24.jpg 1200w\" sizes=\"auto, (max-width: 600px) 100vw, 600px\" \/><p id=\"caption-attachment-11846\" class=\"wp-caption-text\">KAPVERDENKIIT\u00c4J\u00c4 EI OLLUT MITENK\u00c4\u00c4N RUNSAS<\/p><\/div>\n<p style=\"font-weight: 400;\">Haikaroita n\u00e4htiin <em>ad<\/em> y\u00f6haikara, 7 silkkihaikaraa, r\u00e4\u00e4kk\u00e4haikara, 4 lehm\u00e4haikaraa, 2 harmaahaikaraa, 2 kapustahaikaraa, 10 pronssi-iibist\u00e4 ja parhaana 2kv <em>bournei<\/em>-alalajin <strong>ruskohaikara<\/strong> Botanical Gardens\u2019in tuntumassa. P\u00e4iv\u00e4n muita havaintoja olivat mm. 28 harmaap\u00e4\u00e4kalastajaa, 17 tuulihaukkaa, 3 arokorppia ja pikkulintuja mm. 12 mustap\u00e4\u00e4kerttua, 8 pikkupensaskerttua, 70 vahanokkaa, 50 pensasvarpusta ja kymmeni\u00e4 kapverdenvarpusia. Botanical Gardens\u2019in tuntumasta l\u00f6ytyi my\u00f6s <strong>kapverdenkerttunen<\/strong>, joka lymyili isossa pensaassa eik\u00e4 yrityksist\u00e4 huolimatta antautunut kuvattavaksi vaikka kiikareilla laji varmistuikin. No, yritet\u00e4\u00e4n l\u00f6yt\u00e4\u00e4 viel\u00e4 uusi yksil\u00f6 t\u00e4st\u00e4 harvinaisesta WP-lajista.<\/p>\n<div id=\"attachment_11847\" style=\"width: 610px\" class=\"wp-caption alignnone\"><img loading=\"lazy\" decoding=\"async\" aria-describedby=\"caption-attachment-11847\" class=\"size-large wp-image-11847\" src=\"https:\/\/jteblogi.sivustamo.dev\/wp-content\/uploads\/2024\/03\/tuulihaukka_02_KapVerde_03_24-600x372.jpg\" alt=\"ALEXANDRI-ALALAJIN TUULIHAUKKA OLI YL\u00c4PER\u00c4ST\u00c4\u00c4N VARSIN VAALEA, MUUTEN AIKA TUTUN N\u00c4K\u00d6INEN\" width=\"600\" height=\"372\" srcset=\"https:\/\/jteblogi.sivustamo.dev\/wp-content\/uploads\/2024\/03\/tuulihaukka_02_KapVerde_03_24-600x372.jpg 600w, https:\/\/jteblogi.sivustamo.dev\/wp-content\/uploads\/2024\/03\/tuulihaukka_02_KapVerde_03_24-300x186.jpg 300w, https:\/\/jteblogi.sivustamo.dev\/wp-content\/uploads\/2024\/03\/tuulihaukka_02_KapVerde_03_24.jpg 1200w\" sizes=\"auto, (max-width: 600px) 100vw, 600px\" \/><p id=\"caption-attachment-11847\" class=\"wp-caption-text\">ALEXANDRI-ALALAJIN TUULIHAUKKA OLI YL\u00c4PER\u00c4ST\u00c4\u00c4N VARSIN VAALEA, MUUTEN AIKA TUTUN N\u00c4K\u00d6INEN<\/p><\/div>\n<p style=\"font-weight: 400;\">Maanantaina 18.3.2024 oli vaihteeksi v\u00e4h\u00e4n pilvi\u00e4kin, mutta l\u00e4mp\u00f6\u00e4 24 astetta ja reipasta, runsaan 10 m\/s koillistuulta. Oppaamme Andriu ja autonkuljettajamme veiv\u00e4t meid\u00e4t ensin eilisest\u00e4 tutulle Botanical Gardenin miradorille, josko nyt onnistuisi n\u00e4hd\u00e4 paikallinen hiirihaukkalaji. Ja onnistuihan se! Kaksi <strong>kapverdenhiiirihaukkaa<\/strong>, ns. <em>bannermania<\/em>,\u00a0 kisaili kesken\u00e4\u00e4n ja jonkinmoiset dokumenttikuvatkin saatiin. Paikalla oli nyt <strong>2 kapverdenkerttusta<\/strong> ja niist\u00e4kin onnistuimme nyt saamaan kelpo kuvat. Lis\u00e4ksi l\u00f6ytyi 6 helmikanaa ja niit\u00e4 osuikin t\u00e4m\u00e4n p\u00e4iv\u00e4n kierrokselle yll\u00e4tt\u00e4v\u00e4sti per\u00e4ti <strong>60 yksil\u00f6\u00e4<\/strong> (5a).<\/p>\n<div id=\"attachment_11848\" style=\"width: 610px\" class=\"wp-caption alignnone\"><img loading=\"lazy\" decoding=\"async\" aria-describedby=\"caption-attachment-11848\" class=\"size-large wp-image-11848\" src=\"https:\/\/jteblogi.sivustamo.dev\/wp-content\/uploads\/2024\/03\/helmikana_04_KapVerde_03_24-600x372.jpg\" alt=\"HELMIKANOJA OLI YLL\u00c4TT\u00c4V\u00c4N RUNSAASTI SANTIAGOLLA\" width=\"600\" height=\"372\" srcset=\"https:\/\/jteblogi.sivustamo.dev\/wp-content\/uploads\/2024\/03\/helmikana_04_KapVerde_03_24-600x372.jpg 600w, https:\/\/jteblogi.sivustamo.dev\/wp-content\/uploads\/2024\/03\/helmikana_04_KapVerde_03_24-300x186.jpg 300w, https:\/\/jteblogi.sivustamo.dev\/wp-content\/uploads\/2024\/03\/helmikana_04_KapVerde_03_24.jpg 1200w\" sizes=\"auto, (max-width: 600px) 100vw, 600px\" \/><p id=\"caption-attachment-11848\" class=\"wp-caption-text\">HELMIKANOJA OLI YLL\u00c4TT\u00c4V\u00c4N RUNSAASTI SANTIAGOLLA<\/p><\/div>\n<p style=\"font-weight: 400;\">Jatkettiin matkaa kohti saaren pohjoisosia ja pidempi pys\u00e4hdys tehtiin Tarrafalin kaupungissa, jossa k\u00e4ytiin vedenpuhdistamon altailla ja venesatamassa. \u00a0T\u00e4\u00e4lt\u00e4 jatkettiin saaren it\u00e4rannalle, jossa tehtiin pys\u00e4hdykset Porto Formosassa ja Barregem de Principalin tekoaltaalla ennen paluuta hotellille. P\u00e4iv\u00e4n aikana n\u00e4htiin aiemmin mainittujen lis\u00e4ksi my\u00f6s 14 kapverdenkiit\u00e4j\u00e4\u00e4, 15 liejukanaa, 55 pitk\u00e4jalkaa, 3 tylli\u00e4, mustajalkatylli, 2 pikkukuovia, taivaanvuohi, 6 rantasipi\u00e4, 2 liroa, 3 valkovikloa, 18 karikukkoa ja 3 pulmussirri\u00e4. Tarrafalin altailla oleskeli hienosti <em>ad<\/em> tp <strong>valkosiipitiira<\/strong> ja venesatamaan n\u00e4kyi <strong>3 suomutropiikkilintua<\/strong>. Haikaroita n\u00e4htiin lehm\u00e4haikaroiden lis\u00e4ksi 11 silkkihaikaraa sek\u00e4 2 <em>bournei<\/em>&#8211;<strong>ruskohaikaraa<\/strong>, ad ja juv, Principalin altaalla. Muita lajeja t\u00e4n\u00e4\u00e4n olivat mm. 30 tuulihaukkaa, 22 harmaap\u00e4\u00e4kalastajaa, 4 arokorppia, 10 pikkupensaskerttua, 16 vahanokkaa ja paljon kapverdenvarpusia. Pari E-kat myskisorsaa uiskenteli Principalin altaalla. Illalla klo 19.30 alkaen tehtiin viel\u00e4 Pedra Bajedon l\u00e4hikyl\u00e4\u00e4n retki <strong>tornip\u00f6ll\u00f6\u00e4<\/strong> (<em>ssp detorta<\/em>) tavoittelemaan ja tulos oli yksi nopea n\u00e4k\u00f6- ja yksi kuulohavainto. Illallinen sy\u00f6tiinkin rantaravintolassamme tavanomaista my\u00f6hemp\u00e4\u00e4n, mutta olipa taas mainio retkip\u00e4iv\u00e4!<\/p>\n<div id=\"attachment_11849\" style=\"width: 610px\" class=\"wp-caption alignnone\"><img loading=\"lazy\" decoding=\"async\" aria-describedby=\"caption-attachment-11849\" class=\"size-large wp-image-11849\" src=\"https:\/\/jteblogi.sivustamo.dev\/wp-content\/uploads\/2024\/03\/kapverdenkerttunen_01_KapVerde_03_24-600x343.jpg\" alt=\"KAPVERDENKERTTUNEN OLI YKSI RETKEN TAVOITELAJI\" width=\"600\" height=\"343\" srcset=\"https:\/\/jteblogi.sivustamo.dev\/wp-content\/uploads\/2024\/03\/kapverdenkerttunen_01_KapVerde_03_24-600x343.jpg 600w, https:\/\/jteblogi.sivustamo.dev\/wp-content\/uploads\/2024\/03\/kapverdenkerttunen_01_KapVerde_03_24-300x171.jpg 300w, https:\/\/jteblogi.sivustamo.dev\/wp-content\/uploads\/2024\/03\/kapverdenkerttunen_01_KapVerde_03_24.jpg 1200w\" sizes=\"auto, (max-width: 600px) 100vw, 600px\" \/><p id=\"caption-attachment-11849\" class=\"wp-caption-text\">KAPVERDENKERTTUNEN OLI YKSI RETKEN TAVOITELAJI<\/p><\/div>\n<p style=\"font-weight: 400;\">Tiistaina 19.3.2024 s\u00e4\u00e4 oli edellisp\u00e4ivien kaltainen, v\u00e4h\u00e4n pilvi\u00e4 ja paljon aurinkoa, l\u00e4mp\u00f6\u00e4 25 astetta ja koillispasaati 9 m\/s. Vuorilla oli v\u00e4h\u00e4n utuista. Aloitettiin ajelemalla aamiaisen j\u00e4lkeen rannikkoa v\u00e4h\u00e4n etel\u00e4\u00e4n, Alcahada Baleijaan, jossa n\u00e4htiin sek\u00e4 kahlaajia ett\u00e4 kuivan maan arolintuja. Sielt\u00e4 ajettiin Pedra Bajedon kautta Barragem de Flamengosin patoj\u00e4rvelle, v\u00e4lill\u00e4 k\u00e4ytiin nauttimassa kylm\u00e4t juomat ja sy\u00f6tiin v\u00e4h\u00e4n suolaista. Patoj\u00e4rvell\u00e4 oli hienosti lintuja, etenkin haikaroita, ja taas paukkuivat kaikilla WP-pinnat. Ennen hotellille paluuta k\u00e4ytiin viel\u00e4 Barragem de Figueira Gordagelissa, mutta alue oli kuiva ja linnut puuttuivat. P\u00e4iv\u00e4n saldoa olivat mm. per\u00e4ti <strong>69 helmikanaa<\/strong>, kapverdenkiit\u00e4j\u00e4, 17 liejukanaa, 17 pitk\u00e4jalkaa, tundrakurmitsa, 3 tylli\u00e4, 8 mustajalkatylli\u00e4, 3 pikkukuovia, isokuovi, 2 punakuiria, rantasipi, 3 valkovikloa, 11 karikukkoa, 3 pulmussirri\u00e4 ja 2 aavikkojuoksijaa. T\u00e4m\u00e4 oli taas haikarap\u00e4iv\u00e4 \u2013 n\u00e4htiin 10 silkkihaikaraa, r\u00e4\u00e4kk\u00e4haikara, kymmeni\u00e4 lehm\u00e4haikaroita, harmaahaikara, 10 pronssi-iibist\u00e4, 4 kapustahaikaraa, 3 jalohaikaraa ja <strong>2 pikkujalohaikaraa<\/strong> hienosti Flamengosin patoj\u00e4rvell\u00e4. Uusi WP-laji kaikille, itse olin pikkujalohaikaran n\u00e4hnyt ja kuvannut aiemmin Omanissa.<\/p>\n<div id=\"attachment_11850\" style=\"width: 610px\" class=\"wp-caption alignnone\"><img loading=\"lazy\" decoding=\"async\" aria-describedby=\"caption-attachment-11850\" class=\"size-large wp-image-11850\" src=\"https:\/\/jteblogi.sivustamo.dev\/wp-content\/uploads\/2024\/03\/pikkujalohaikara_04_KapVerde_03_24-600x286.jpg\" alt=\"FLAMENGOSIN PATOJ\u00c4RVELL\u00c4 SAIN SAMAAN KUVAAN JALOHAIKARAN (vas), PIKKUJALOHAIKARAN JA SILKKIHAIKARAN\" width=\"600\" height=\"286\" srcset=\"https:\/\/jteblogi.sivustamo.dev\/wp-content\/uploads\/2024\/03\/pikkujalohaikara_04_KapVerde_03_24-600x286.jpg 600w, https:\/\/jteblogi.sivustamo.dev\/wp-content\/uploads\/2024\/03\/pikkujalohaikara_04_KapVerde_03_24-300x143.jpg 300w, https:\/\/jteblogi.sivustamo.dev\/wp-content\/uploads\/2024\/03\/pikkujalohaikara_04_KapVerde_03_24.jpg 1400w\" sizes=\"auto, (max-width: 600px) 100vw, 600px\" \/><p id=\"caption-attachment-11850\" class=\"wp-caption-text\">FLAMENGOSIN PATOJ\u00c4RVELL\u00c4 SAIN SAMAAN KUVAAN JALOHAIKARAN (vas), PIKKUJALOHAIKARAN JA SILKKIHAIKARAN<\/p><\/div>\n<p style=\"font-weight: 400;\">P\u00e4iv\u00e4n muita havaintoja olivat mm. 30 tuulihaukkaa, 20 harmaap\u00e4\u00e4kalastajaa, 3 kirjosiipikiurua, 2 pikkuaavikkokiurua, 45 saharanvarpuskiurua ja 50 vahanokkaa. Illalla k\u00e4ytiin uudelleen tornip\u00f6ll\u00f6mestoilla ja nyt onnisti hienosti \u2013 kaikki n\u00e4kiv\u00e4t <em>detorta<\/em>&#8211;<strong>tornip\u00f6ll\u00f6n<\/strong> taskulamppujen valossa ison puun oksalla, saaliinsa kera. Kameran mukaan ottanut Ilkka sai tornip\u00f6ll\u00f6st\u00e4 hyv\u00e4n dokumenttikuvankin. Illallinen nautittiin totutusti hotellin rantaravintolassa.<\/p>\n<div id=\"attachment_11851\" style=\"width: 610px\" class=\"wp-caption alignnone\"><img loading=\"lazy\" decoding=\"async\" aria-describedby=\"caption-attachment-11851\" class=\"size-large wp-image-11851\" src=\"https:\/\/jteblogi.sivustamo.dev\/wp-content\/uploads\/2024\/03\/tornip\u00f6ll\u00f6_01_ilkka_vieno_KapVerde_03_24-600x325.jpg\" alt=\"KAPVERDEL\u00c4INEN TORNIP\u00d6LL\u00d6. Kuva: Ilkka Vieno\" width=\"600\" height=\"325\" srcset=\"https:\/\/jteblogi.sivustamo.dev\/wp-content\/uploads\/2024\/03\/tornip\u00f6ll\u00f6_01_ilkka_vieno_KapVerde_03_24-600x325.jpg 600w, https:\/\/jteblogi.sivustamo.dev\/wp-content\/uploads\/2024\/03\/tornip\u00f6ll\u00f6_01_ilkka_vieno_KapVerde_03_24-300x163.jpg 300w, https:\/\/jteblogi.sivustamo.dev\/wp-content\/uploads\/2024\/03\/tornip\u00f6ll\u00f6_01_ilkka_vieno_KapVerde_03_24.jpg 1200w\" sizes=\"auto, (max-width: 600px) 100vw, 600px\" \/><p id=\"caption-attachment-11851\" class=\"wp-caption-text\">KAPVERDEL\u00c4INEN TORNIP\u00d6LL\u00d6. Kuva: Ilkka Vieno<\/p><\/div>\n<p style=\"font-weight: 400;\">Keskiviikkona 20.3.2024 oli aika l\u00e4hte\u00e4 Pedra Badejon majapaikastamme eteenp\u00e4in. S\u00e4\u00e4 oli t\u00e4n\u00e4\u00e4nkin jo tutuksi tullut &#8211; aurinkoa, muutama pilvenhattara, koillistuulta ja +27 astetta. Aamiaisen j\u00e4lkeen pakattiin tavarat ja l\u00e4hdettiin Andriun ja autonkuljettajan kanssa viel\u00e4 retkelle, nyt Santiagon etel\u00e4osaan. Ajettiin ensin viem\u00e4\u00e4n laukut ja kassit Hotelli Cesariaan Praialla, sitten jatkettiin Praian majakalle ja ymp\u00e4r\u00f6iville kivikkoisille rannoille. Merimuuttoa ei ollut, mutta kahlaajia l\u00f6ytyi. K\u00e4v\u00e4istiin viel\u00e4 keskustan shoppingcenterin viereisess\u00e4 puistossa ja Caiadan altailla. N\u00e4htiin mm. 5 kapverdenkiit\u00e4j\u00e4\u00e4, pitk\u00e4jalka, 7 tundrakurmitsaa, 4 tylli\u00e4, 8 pikkukuovia, 2 rantasipi\u00e4, mets\u00e4viklo, 2 valkovikloa, 36 karikukkoa ja 29 pulmussirri\u00e4. Muita havaintoja olivat retken ekat <strong>2 ruskosuulaa<\/strong>, 5 silkkihaikaraa, 50 lehm\u00e4haikaraa, 25 harmaap\u00e4\u00e4kalastajaa, 3 tuulihaukkaa, 6 arokorppia ja pikkulinnuista <strong>kapverdenkerttunen<\/strong> puistossa, 2 pikkupensaskerttua ja 10 vahanokkaa. Todella hyv\u00e4 ja mukava oppaamme Andriu ja autonkuljettajamme Zezito j\u00e4ttiv\u00e4t meid\u00e4t hotellille, kaikki tyytyv\u00e4isin\u00e4 yhteisiin retkiin. P\u00e4iv\u00e4ll\u00e4 saimme tiedon, ett\u00e4 huominen BestFlyn lentomme Sao Nicolaulle on peruttu. Ajettiin lentokent\u00e4lle asiaa selvitt\u00e4m\u00e4\u00e4n, mutta hankalaa on. Yrit\u00e4mme aamulla p\u00e4\u00e4st\u00e4 lennolla Sal\u2019ille ja sielt\u00e4 jatkolla l\u00e4ntisempiin saariin, katsotaan mihin p\u00e4\u00e4dymme. Illallinen sy\u00f6tiin hotellimme kattoravintolassa.<\/p>\n<div id=\"attachment_11853\" style=\"width: 610px\" class=\"wp-caption alignnone\"><img loading=\"lazy\" decoding=\"async\" aria-describedby=\"caption-attachment-11853\" class=\"size-large wp-image-11853\" src=\"https:\/\/jteblogi.sivustamo.dev\/wp-content\/uploads\/2024\/03\/andriu_mikko-600x325.jpg\" alt=\"ERINOMAINEN OPPAAMME ANDRIU MIKON SEURASSA SANTIAGOLLA - ANDRIULLA VANHA KLASSIKKOKAUKOPUTKI\" width=\"600\" height=\"325\" srcset=\"https:\/\/jteblogi.sivustamo.dev\/wp-content\/uploads\/2024\/03\/andriu_mikko-600x325.jpg 600w, https:\/\/jteblogi.sivustamo.dev\/wp-content\/uploads\/2024\/03\/andriu_mikko-300x163.jpg 300w, https:\/\/jteblogi.sivustamo.dev\/wp-content\/uploads\/2024\/03\/andriu_mikko.jpg 1200w\" sizes=\"auto, (max-width: 600px) 100vw, 600px\" \/><p id=\"caption-attachment-11853\" class=\"wp-caption-text\">ERINOMAINEN OPPAAMME ANDRIU SANTIAGOLLA MIKON SEURASSA &#8211; ANDRIULLA VANHA KLASSIKKOKAUKOPUTKI<\/p><\/div>\n<p style=\"font-weight: 400;\">Torstaina 21.3.2024 menimme aamulla klo 05.30 toiveikkaina lentoasemalle, mutta pian l\u00e4ss\u00e4hti \u2013 klo 07.05 BestFlyn lentomme Salille ja sielt\u00e4 edelleen Sao Nicolaulle oli molemmat peruttu. Ennakkotietoa ei tullut eik\u00e4 syyt\u00e4 kerrottu. Lentoasemalla kului aikaa 5 tuntia ennen kuin saatiin BestFly varaamaan ja toivottavasti maksamaan meille toisen yhti\u00f6n (TICV) huominen lento Sao Nicolaulle. Saapa n\u00e4hd\u00e4 onnistuuko se. Lentoyhti\u00f6 maksaa meille peruutusten takia ylim\u00e4\u00e4r\u00e4isen y\u00f6n t\u00e4\u00e4ll\u00e4 Praiassa ja puolen p\u00e4iv\u00e4n aikoihin meid\u00e4t kuskattiinkin Hotel Vistaan. T\u00e4st\u00e4 tuli ei-lintup\u00e4iv\u00e4 ja iltap\u00e4iv\u00e4ll\u00e4 sy\u00f6tiin ns. pitk\u00e4 lounas merenrannalla ravintolassa maisemista sent\u00e4\u00e4n nauttien. Illallinen nautittiin yhdess\u00e4 hotellin l\u00e4hiravintolassa. Matkalla ravintolaan talojen seinustalle, ilmal\u00e4mp\u00f6pumpun p\u00e4\u00e4lle, pys\u00e4htyi hetkeksi <strong>tornip\u00f6ll\u00f6<\/strong>, joka jatkoi saman tien talojen taakse. P\u00e4iv\u00e4n paras havainto.<\/p>\n<div id=\"attachment_11854\" style=\"width: 610px\" class=\"wp-caption alignnone\"><img loading=\"lazy\" decoding=\"async\" aria-describedby=\"caption-attachment-11854\" class=\"size-large wp-image-11854\" src=\"https:\/\/jteblogi.sivustamo.dev\/wp-content\/uploads\/2024\/03\/mustajalkatylli_01_KapVerde_03_24-600x372.jpg\" alt=\"MUSTAJALKATYLLI OLI SAARTEN YLEISIMPI\u00c4 KAHLAAJIA\" width=\"600\" height=\"372\" srcset=\"https:\/\/jteblogi.sivustamo.dev\/wp-content\/uploads\/2024\/03\/mustajalkatylli_01_KapVerde_03_24-600x372.jpg 600w, https:\/\/jteblogi.sivustamo.dev\/wp-content\/uploads\/2024\/03\/mustajalkatylli_01_KapVerde_03_24-300x186.jpg 300w, https:\/\/jteblogi.sivustamo.dev\/wp-content\/uploads\/2024\/03\/mustajalkatylli_01_KapVerde_03_24.jpg 1200w\" sizes=\"auto, (max-width: 600px) 100vw, 600px\" \/><p id=\"caption-attachment-11854\" class=\"wp-caption-text\">MUSTAJALKATYLLI OLI SAARTEN YLEISIMPI\u00c4 KAHLAAJIA<\/p><\/div>\n<p style=\"font-weight: 400;\">Perjantaina 22.3.2024 aamiaisen j\u00e4lkeen meill\u00e4 piti olla BestFlyn kuljetus lentokent\u00e4lle, mutta eip\u00e4 kuulunut autoa. Tilattiin itse taksit ja hurautettiin lentokent\u00e4lle, jossa erilaisten selvitysten ja j\u00e4rjestelyjen parissa kului taas yli 4 tuntia ennen kuin vihdoin p\u00e4\u00e4stiin Sao Nicolaulle l\u00e4htev\u00e4\u00e4n TICV:n koneeseen, BestFly ei lent\u00e4nyt t\u00e4n\u00e4\u00e4nk\u00e4\u00e4n. Lento kesti hieman runsaat puoli tuntia ja lentokent\u00e4ll\u00e4 odotti jo Toi Darmando, jonka kyydiss\u00e4 p\u00e4\u00e4simme apartamentos-tyyliseen majapaikkaamme Tarrafaliin. Toi on monitoimimies, matkailuyritt\u00e4j\u00e4, joka j\u00e4rjesti meillekin sis\u00e4isten lentojen lentoliput, kuljetukset, majoituksen ja huomisen meriretken. Tarrafalissa kuljettiin v\u00e4h\u00e4n rannalla ja n\u00e4htiin mm. 9 kapverdenkiit\u00e4j\u00e4\u00e4, 8 karikukkoa, pulmussirri, 8 silkkihaikaraa, 12 riuttahaikaraa (joista 1 tumma), kalas\u00e4\u00e4ski, tuulihaukka, 8 arokorppia ja sataman yll\u00e4 py\u00f6r\u00e4ht\u00e4nyt <em>madens<\/em>-alalajin <strong>muuttohaukka<\/strong>. Nyt on taidettu t\u00e4ll\u00e4 reissulla n\u00e4hd\u00e4 jo kaikki Kap Verden endeemiset alalajitkin kun perekin tuli! Sataman edustalla kalastusaluksen ymp\u00e4rill\u00e4 py\u00f6ri ainakin <strong>27 kapverdenliit\u00e4j\u00e4\u00e4<\/strong> (uusi laji kaikille) sek\u00e4 6 ruskosuulaa.<\/p>\n<div id=\"attachment_11855\" style=\"width: 610px\" class=\"wp-caption alignnone\"><img loading=\"lazy\" decoding=\"async\" aria-describedby=\"caption-attachment-11855\" class=\"size-large wp-image-11855\" src=\"https:\/\/jteblogi.sivustamo.dev\/wp-content\/uploads\/2024\/03\/muuttohaukka_01_KapVerde_03_24-600x286.jpg\" alt=\"MADENS-MUUTTOHAUKASTA SAATIIN VAIN SILUETTIKUVA\" width=\"600\" height=\"286\" srcset=\"https:\/\/jteblogi.sivustamo.dev\/wp-content\/uploads\/2024\/03\/muuttohaukka_01_KapVerde_03_24-600x286.jpg 600w, https:\/\/jteblogi.sivustamo.dev\/wp-content\/uploads\/2024\/03\/muuttohaukka_01_KapVerde_03_24-300x143.jpg 300w, https:\/\/jteblogi.sivustamo.dev\/wp-content\/uploads\/2024\/03\/muuttohaukka_01_KapVerde_03_24.jpg 1200w\" sizes=\"auto, (max-width: 600px) 100vw, 600px\" \/><p id=\"caption-attachment-11855\" class=\"wp-caption-text\">MADENS-MUUTTOHAUKASTA SAATIIN VAIN SILUETTIKUVA<\/p><\/div>\n<div id=\"attachment_11856\" style=\"width: 610px\" class=\"wp-caption alignnone\"><img loading=\"lazy\" decoding=\"async\" aria-describedby=\"caption-attachment-11856\" class=\"size-large wp-image-11856\" src=\"https:\/\/jteblogi.sivustamo.dev\/wp-content\/uploads\/2024\/03\/katamaraani-600x400.jpg\" alt=\"RASOLLE MATKATTIIN KATAMARAANILLA, JOKA K\u00c4YTT\u00c4YTYI ERINOMAISESTI KOVASSAKIN ATLANTIN AALLOKOSSA\" width=\"600\" height=\"400\" srcset=\"https:\/\/jteblogi.sivustamo.dev\/wp-content\/uploads\/2024\/03\/katamaraani-600x400.jpg 600w, https:\/\/jteblogi.sivustamo.dev\/wp-content\/uploads\/2024\/03\/katamaraani-300x200.jpg 300w, https:\/\/jteblogi.sivustamo.dev\/wp-content\/uploads\/2024\/03\/katamaraani.jpg 1200w\" sizes=\"auto, (max-width: 600px) 100vw, 600px\" \/><p id=\"caption-attachment-11856\" class=\"wp-caption-text\">RASOLLE MATKATTIIN KATAMARAANILLA, JOKA K\u00c4YTT\u00c4YTYI ERINOMAISESTI KOVASSAKIN ATLANTIN AALLOKOSSA<\/p><\/div>\n<p style=\"font-weight: 400;\">Lauantaina 23.3. 2024 oli vuorossa odotettu meriretki. Sy\u00f6tiin mainio aamiainen ja klo 09 tuli Thomas Kiss meit\u00e4 hakemaan katamaraanillaan kuuluisalle Rason lintusaarelle. S\u00e4\u00e4 oli aurinkoinen, l\u00e4mp\u00f6\u00e4 25 astetta ja koillistuulta n. 10 m\/s. Ajettiin suojaisaa Sao Nicolaun lounaisrantaa, kunnes avomeriosuudella saatiin jo kunnon aallokkoakin. Merell\u00e4 oli runsaasti kapverdenliit\u00e4ji\u00e4, yhteens\u00e4 n. 150 yksil\u00f6\u00e4, ja lis\u00e4ksi n\u00e4htiin nopeasti ohi viilett\u00e4nyt <strong>kapverdenk\u00e4\u00e4pi\u00f6liit\u00e4j\u00e4<\/strong>. Matkalla Rasolle n\u00e4htiin 2 tropiikkilintua, jotka kuvattiin Ilkan toimesta ja toinen oli \u201dtavallinen\u201d suomutropiikkilintu, mutta toinen ilmeni kuvista <em>ad<\/em> <strong>pikkutropiikkilinnuksi<\/strong>! T\u00e4m\u00e4 laji on vasta \u00e4skett\u00e4in osoittautunut kotoutuneen Kap Verdelle, pes\u00e4l\u00f6yt\u00f6 on vastik\u00e4\u00e4n tehty Ciman saarelta. Olipa yll\u00e4tys vaikka toki tiesimme, ett\u00e4 erinomaisella onnella laji olisi n\u00e4ht\u00e4viss\u00e4.<\/p>\n<div id=\"attachment_11857\" style=\"width: 610px\" class=\"wp-caption alignnone\"><img loading=\"lazy\" decoding=\"async\" aria-describedby=\"caption-attachment-11857\" class=\"size-large wp-image-11857\" src=\"https:\/\/jteblogi.sivustamo.dev\/wp-content\/uploads\/2024\/03\/pikkutropiikkilintu_01_Ilkka_Vieno-600x258.jpg\" alt=\"ILKAN AHKERUUS PALKITTIIN T\u00c4LL\u00c4KIN KUVALLA, JOSSA KELTAINEN NOKKA, AIKUISEN LINNUN PITK\u00c4T PYRST\u00d6JOUHET JA SUOMUTTOMUUS SOPIVAT PIKKUTROPIIKKILINNULLE. LIS\u00c4KUVA UUSIMMAT-KANSIOSSA.\" width=\"600\" height=\"258\" srcset=\"https:\/\/jteblogi.sivustamo.dev\/wp-content\/uploads\/2024\/03\/pikkutropiikkilintu_01_Ilkka_Vieno-600x258.jpg 600w, https:\/\/jteblogi.sivustamo.dev\/wp-content\/uploads\/2024\/03\/pikkutropiikkilintu_01_Ilkka_Vieno-300x129.jpg 300w, https:\/\/jteblogi.sivustamo.dev\/wp-content\/uploads\/2024\/03\/pikkutropiikkilintu_01_Ilkka_Vieno.jpg 1400w\" sizes=\"auto, (max-width: 600px) 100vw, 600px\" \/><p id=\"caption-attachment-11857\" class=\"wp-caption-text\">ILKAN AHKERUUS PALKITTIIN T\u00c4LL\u00c4KIN KUVALLA, JOSSA KELTAINEN NOKKA, AIKUISEN LINNUN PITK\u00c4T PYRST\u00d6JOUHET JA SUOMUTTOMUUS SOPIVAT PIKKUTROPIIKKILINNULLE. LIS\u00c4KUVA UUSIMMAT-KANSIOSSA.<\/p><\/div>\n<p style=\"font-weight: 400;\">Rasolle saavuttiin n. klo 11.20, runsaan 2 tunnin venematkan j\u00e4lkeen. Maihin ei noustu vaan kaikki havainnot tehtiin hiljalleen ajettaessa tai ankkurissa olevasta veneest\u00e4mme. Rasolla n\u00e4imme mm. 40 suomutropiikkilintua, kaikkiaan n. 150 ruskosuulaa (monilla jo poikaset) sek\u00e4 4 <em>ad<\/em> <strong>punajalkasuulaa<\/strong>. Viimemainittu lajihan on alkanut vasta jokunen vuosi sitten pieniss\u00e4 m\u00e4\u00e4rin pesi\u00e4 Kap Verdell\u00e4, erityisesti Rasolla.<\/p>\n<div id=\"attachment_11858\" style=\"width: 610px\" class=\"wp-caption alignnone\"><img loading=\"lazy\" decoding=\"async\" aria-describedby=\"caption-attachment-11858\" class=\"size-large wp-image-11858\" src=\"https:\/\/jteblogi.sivustamo.dev\/wp-content\/uploads\/2024\/03\/punajalkasuula_01_KapVerde_03_24-600x372.jpg\" alt=\"PUNAJALKASUULA ON T\u00c4T\u00c4 NYKY\u00c4 VUOSITTAINEN PESIM\u00c4LAJI RASOLLA\" width=\"600\" height=\"372\" srcset=\"https:\/\/jteblogi.sivustamo.dev\/wp-content\/uploads\/2024\/03\/punajalkasuula_01_KapVerde_03_24-600x372.jpg 600w, https:\/\/jteblogi.sivustamo.dev\/wp-content\/uploads\/2024\/03\/punajalkasuula_01_KapVerde_03_24-300x186.jpg 300w, https:\/\/jteblogi.sivustamo.dev\/wp-content\/uploads\/2024\/03\/punajalkasuula_01_KapVerde_03_24.jpg 1200w\" sizes=\"auto, (max-width: 600px) 100vw, 600px\" \/><p id=\"caption-attachment-11858\" class=\"wp-caption-text\">PUNAJALKASUULA ON T\u00c4T\u00c4 NYKY\u00c4 VUOSITTAINEN PESIM\u00c4LAJI RASOLLA<\/p><\/div>\n<p style=\"font-weight: 400;\">N\u00e4htiin my\u00f6s 2 pikkukuovia, isokuovi, 9 karikukkoa, kalas\u00e4\u00e4ski, tuulihaukka, 2 arokorppia sek\u00e4 silkkihaikara, 6 lehm\u00e4haikaraa ja pikkulinnuista 60 kapverdenvarpusta ja kaikkiaan <strong>7 rasonkiurua<\/strong>. Rasonkiurun n\u00e4kemist\u00e4 odottelimme roikkuen ankkurik\u00f6ysiss\u00e4 saaren l\u00e4nsirannalla ja odotus palkittiin parin tunnin odottelun j\u00e4lkeen kun kaksi yksil\u00f6\u00e4 tuli jonkinlaiselle kuvauset\u00e4isyydelle rantaan varpusten joukkoon. Muut rasonkiurut lenn\u00e4htiv\u00e4t pariin otteseen kiinnittymispaikan yl\u00e4puolen kuivassa kasvustossa. Rasonkiuruhan on eritt\u00e4in uhanalainen laji, jonka koko maailmanpopulaatio el\u00e4\u00e4 Rason saarella ja on muualta vuosien aikana kokonaan h\u00e4vinnyt. Kanta on muutama sata paria, mutta on laskusuunnassa mm. elinymp\u00e4rist\u00f6n kuivumisen ja Kap Verdell\u00e4 el\u00e4vien ja lis\u00e4\u00e4ntyvien j\u00e4ttiliskojen takia. Liskot sy\u00f6v\u00e4t rasonkiurujen munia ja poikasia, kuten my\u00f6s tuulihaukat ja korpit, joita mekin Rasolla n\u00e4imme.<\/p>\n<div id=\"attachment_11859\" style=\"width: 610px\" class=\"wp-caption alignnone\"><img loading=\"lazy\" decoding=\"async\" aria-describedby=\"caption-attachment-11859\" class=\"size-large wp-image-11859\" src=\"https:\/\/jteblogi.sivustamo.dev\/wp-content\/uploads\/2024\/03\/rasonkiuru_03_KapVerde_03_24-600x314.jpg\" alt=\"ANKKUROIDUSTA VENEEST\u00c4MME SAIN JONKINMOISEN KUVAN RANNALLA K\u00c4YNEEST\u00c4 RASONKIURUSTA\" width=\"600\" height=\"314\" srcset=\"https:\/\/jteblogi.sivustamo.dev\/wp-content\/uploads\/2024\/03\/rasonkiuru_03_KapVerde_03_24-600x314.jpg 600w, https:\/\/jteblogi.sivustamo.dev\/wp-content\/uploads\/2024\/03\/rasonkiuru_03_KapVerde_03_24-300x157.jpg 300w, https:\/\/jteblogi.sivustamo.dev\/wp-content\/uploads\/2024\/03\/rasonkiuru_03_KapVerde_03_24.jpg 1200w\" sizes=\"auto, (max-width: 600px) 100vw, 600px\" \/><p id=\"caption-attachment-11859\" class=\"wp-caption-text\">ANKKUROIDUSTA VENEEST\u00c4MME SAIN JONKINMOISEN KUVAN RANNALLA K\u00c4YNEEST\u00c4 RASONKIURUSTA<\/p><\/div>\n<p style=\"font-weight: 400;\">Paluumatka sujui aika navakassa sivuvastaisessa aallokossa, chumia v\u00e4lill\u00e4 mereen ja kapverdenliit\u00e4ji\u00e4 riitti. Kippari samalla kalasti muutaman n\u00e4ytt\u00e4v\u00e4n vonkaleen saaliikseen. Rantauduttiin Tarrafaliin klo 19 ja hyvin ansaittu illallinen nautittiin tyytyv\u00e4isin\u00e4 majapaikkamme viereisess\u00e4 ravintolassa, kuten eilenkin.<\/p>\n<p style=\"font-weight: 400;\">Sunnuntaina 24.3.2024 aamiaisen j\u00e4lkeen Toi kuljetti meid\u00e4t staijille Punta Barrellin majakalle. S\u00e4\u00e4 oli edelleen aurinkoinen, koillistuulta 8 m\/s ja l\u00e4mp\u00f6\u00e4 25 astetta. Staijattiin n. 3 tuntia, jonka j\u00e4lkeen Toi haki meid\u00e4t, k\u00e4ytiin kahvilla Tarrafalissa ja l\u00e4hdettiin edelleen Toin kyydiss\u00e4 saaren pohjoisrannalle, Estancia Bras\u2019in kyl\u00e4\u00e4n. Siell\u00e4 l\u00f6ydettiin rannasta erinomainen staijipaikka ja jatkettiin p\u00e4iv\u00e4n merilintustaijia viel\u00e4 hieman vajaa 2 tuntia. Iltap\u00e4iv\u00e4ll\u00e4 ajettiin takaisin Tarrafaliin, huilattiin hetki ja mentiin sy\u00f6m\u00e4\u00e4n tuttuun ravintolaan. Havaittiin t\u00e4n\u00e4\u00e4n mm. 2 kapverdenkiit\u00e4j\u00e4\u00e4, Tarrafalissa aamulla py\u00f6rinyt <strong>alppikiit\u00e4j\u00e4<\/strong>, pikkukuovi, 2 rantasipi\u00e4, 9 karikukkoa ja 8 pulmussirri\u00e4. Merimuutolla Barrellilla n\u00e4htiin mm. 3 suomutropiikkilintua, 215 kapverdenliit\u00e4j\u00e4\u00e4 ja retken ekat <strong>4 kapverdenviist\u00e4j\u00e4\u00e4<\/strong>, Estanciassa havaittiin viel\u00e4 vilkkaampaa meriliikennett\u00e4:<strong> 7 kapverdenviist\u00e4j\u00e4\u00e4<\/strong>, 1400 kapverdenliit\u00e4j\u00e4\u00e4 ja 6 ruskosuulaa. P\u00e4iv\u00e4n muita havaintoja ovat mm. silkkihaikara, 20 riuttahaikara, 3 kalas\u00e4\u00e4ske\u00e4, 15 tuulihaukkaa, 4 arokorppia, 8 pikkuaavikkokiurua ja n. 130 kapverdenvarpusta.<\/p>\n<div id=\"attachment_11860\" style=\"width: 610px\" class=\"wp-caption alignnone\"><img loading=\"lazy\" decoding=\"async\" aria-describedby=\"caption-attachment-11860\" class=\"size-large wp-image-11860\" src=\"https:\/\/jteblogi.sivustamo.dev\/wp-content\/uploads\/2024\/03\/kapverdenliit\u00e4j\u00e4_04_KapVerde_03_24-600x400.jpg\" alt=\"KAPVERDENLIIT\u00c4JI\u00c4 N\u00c4HTIIN MUUTAMA SATA YKSIL\u00d6\u00c4\" width=\"600\" height=\"400\" srcset=\"https:\/\/jteblogi.sivustamo.dev\/wp-content\/uploads\/2024\/03\/kapverdenliit\u00e4j\u00e4_04_KapVerde_03_24-600x400.jpg 600w, https:\/\/jteblogi.sivustamo.dev\/wp-content\/uploads\/2024\/03\/kapverdenliit\u00e4j\u00e4_04_KapVerde_03_24-300x200.jpg 300w, https:\/\/jteblogi.sivustamo.dev\/wp-content\/uploads\/2024\/03\/kapverdenliit\u00e4j\u00e4_04_KapVerde_03_24.jpg 1200w\" sizes=\"auto, (max-width: 600px) 100vw, 600px\" \/><p id=\"caption-attachment-11860\" class=\"wp-caption-text\">KAPVERDENLIIT\u00c4JI\u00c4 N\u00c4HTIIN MUUTAMA SATA YKSIL\u00d6\u00c4<\/p><\/div>\n<p style=\"font-weight: 400;\">Maanantaina 25.3.2024 oli matkap\u00e4iv\u00e4. Koska j\u00e4lleen BestFlyn lentomme Sao Nicolaulta Praian kautta Salille on peruttu, ainoa mahdollisuutemme p\u00e4\u00e4st\u00e4 takaisin Salille ennen Suomeen l\u00e4ht\u00f6\u00e4 oli matkustaa t\u00e4n\u00e4\u00e4n laivalla Sao Nicolaulta Salille. Laiva, nimelt\u00e4\u00e4n m\/s Dona Tututa, l\u00e4hti tunnin my\u00f6h\u00e4ss\u00e4 klo 16 ja matka Salille kesti n. 8 tuntia, hinta 50e per henkil\u00f6. Aamiaisen j\u00e4lkeen tehtiin ensin Tarrafalissa merenrantakomppaus, sitten pakattiin tavarat ja odotettiin laivan tuloa. Laivamatkalla n. 3 tuntia meristaijia, sitten pime\u00e4n tultua pysyteltiin laivan keinuvissa sis\u00e4tiloissa, v\u00e4ke\u00e4 oli aika paljon. Huonovointisuuttakin merenk\u00e4ynnin takia, mutta ei meid\u00e4n porukassa. Laivalta ei saanut sy\u00f6t\u00e4v\u00e4\u00e4, vain pieni varasto juomia. P\u00e4iv\u00e4n havaintoja olivat mm. tylli, 21 karikukkoa, 6 pulmussirri\u00e4, 4 ruskosuulaa, 2 silkkihaikaraa, 29 riuttahaikaraa (edelleen yksi tumma), kalas\u00e4\u00e4ski, arokorppi, mustap\u00e4\u00e4kerttu ja Tarrafalin venesatamassa py\u00f6rinyt <em>tp<\/em> <strong>ruusutiira<\/strong>. Laivan kansistaijaus tuotti suomutropiikkilinnun, 165 kapverdenliit\u00e4j\u00e4\u00e4, 2 <strong>kapverdenviist\u00e4j\u00e4\u00e4<\/strong> ja yhden <strong>kapverdenk\u00e4\u00e4pi\u00f6liit\u00e4j\u00e4n<\/strong>. Sal\u2019in satamaan saavuttiin klo 24 aikaan ja kahdella taksilla (\u00e120e) porhallettiin jo alkumatkasta tuttuun da Luz hotelliin, jossa aiemmat huoneemme odottivat meit\u00e4. Sitten vaan y\u00f6unia.<\/p>\n<div id=\"attachment_11861\" style=\"width: 610px\" class=\"wp-caption alignnone\"><img loading=\"lazy\" decoding=\"async\" aria-describedby=\"caption-attachment-11861\" class=\"size-large wp-image-11861\" src=\"https:\/\/jteblogi.sivustamo.dev\/wp-content\/uploads\/2024\/03\/riuttahaikara_02_KapVerde_03_24-600x372.jpg\" alt=\"RIUTTAHAIKAROITA OLI RUNSAASTI TARRAFALIN SATAMASSA, VARJOSTAJAHAIKARAA EI T\u00c4LL\u00c4 KERTAA L\u00d6YTYNYT\" width=\"600\" height=\"372\" srcset=\"https:\/\/jteblogi.sivustamo.dev\/wp-content\/uploads\/2024\/03\/riuttahaikara_02_KapVerde_03_24-600x372.jpg 600w, https:\/\/jteblogi.sivustamo.dev\/wp-content\/uploads\/2024\/03\/riuttahaikara_02_KapVerde_03_24-300x186.jpg 300w, https:\/\/jteblogi.sivustamo.dev\/wp-content\/uploads\/2024\/03\/riuttahaikara_02_KapVerde_03_24.jpg 1200w\" sizes=\"auto, (max-width: 600px) 100vw, 600px\" \/><p id=\"caption-attachment-11861\" class=\"wp-caption-text\">RIUTTAHAIKAROITA OLI RUNSAASTI TARRAFALIN SATAMASSA, VARJOSTAJAHAIKARAA EI T\u00c4LL\u00c4 KERTAA L\u00d6YTYNYT<\/p><\/div>\n<p style=\"font-weight: 400;\">Tiistaina 26.3.2024 oli v\u00e4h\u00e4n pilvi\u00e4kin ja aika vahvaa (11 m\/s) koillistuulta, l\u00e4mp\u00f6\u00e4 24 astetta. Retkeiltiin jo \u201dtutuilla\u201d Salin puhdistamon ymp\u00e4rist\u00f6n lintualueilla koko aamup\u00e4iv\u00e4 (tavattiin Uwekin) ja iltap\u00e4iv\u00e4ll\u00e4 oli k\u00e4ynti Santa Marian l\u00e4nsiosassa. Havaittiin mm. <strong>2 viiri\u00e4ist\u00e4<\/strong>, 55 pitk\u00e4jalkaa, 2 tundrakurmitsaa, 6 tylli\u00e4, 151 mustajalkatylli\u00e4, 3 pikkukuovia, 4 rantasipi\u00e4, 7 liroa, mustaviklo, 2 valkovikloa, 57 karikukkoa, 4 kuovisirri\u00e4, 13 suosirri\u00e4, 17 pikkusirri\u00e4, 121 pulmussirri\u00e4, 2 silkkihaikaraa, 23 lehm\u00e4haikaraa, 3 harmaahaikaraa ja 4 pronssi-iibist\u00e4. Lis\u00e4ksi n\u00e4htiin <em>bannermani<\/em>&#8211;<strong>kapverdenhiirihaukka<\/strong>, 3 <em>alexandri<\/em>-tuulihaukkaa, arokorppi ja pikkulinnuista mm. 2 kirjosiipikiurua, 4 pikkupensaskerttua, mustap\u00e4\u00e4kerttu ja paljon kapverdenvarpusia. K\u00e4v\u00e4isin t\u00e4n\u00e4\u00e4n my\u00f6s Santa Marian vilkkaalla hiekkarannalla ja p\u00e4\u00e4laiturilla katsastamassa paikallista eloisaa el\u00e4m\u00e4nmenoa. Illallinen nautittiin taas hotellilla, t\u00e4ll\u00e4 kertaa kuohujuoman kera.<\/p>\n<div id=\"attachment_11862\" style=\"width: 610px\" class=\"wp-caption alignnone\"><img loading=\"lazy\" decoding=\"async\" aria-describedby=\"caption-attachment-11862\" class=\"size-large wp-image-11862\" src=\"https:\/\/jteblogi.sivustamo.dev\/wp-content\/uploads\/2024\/03\/kirjosiipikiuru_02_KapVerde_03_24-600x372.jpg\" alt=\"KIRJOSIIPIKIURU ON VARSIN HELPPO L\u00d6YT\u00c4\u00c4 SALILTA\" width=\"600\" height=\"372\" srcset=\"https:\/\/jteblogi.sivustamo.dev\/wp-content\/uploads\/2024\/03\/kirjosiipikiuru_02_KapVerde_03_24-600x372.jpg 600w, https:\/\/jteblogi.sivustamo.dev\/wp-content\/uploads\/2024\/03\/kirjosiipikiuru_02_KapVerde_03_24-300x186.jpg 300w, https:\/\/jteblogi.sivustamo.dev\/wp-content\/uploads\/2024\/03\/kirjosiipikiuru_02_KapVerde_03_24.jpg 1200w\" sizes=\"auto, (max-width: 600px) 100vw, 600px\" \/><p id=\"caption-attachment-11862\" class=\"wp-caption-text\">KIRJOSIIPIKIURU ON VARSIN HELPPO L\u00d6YT\u00c4\u00c4 SALILTA<\/p><\/div>\n<p style=\"font-weight: 400;\">Keskiviikkona 27.3.2024 oli j\u00e4lleen aurinkoista ja l\u00e4mmint\u00e4, koillistuuli ylin 10 m\/s. Aamiaisen j\u00e4lkeen l\u00e4hdimme 6 tunnin saarikierrokselle paikallisen taksikuskin kyydiss\u00e4, toiveidemme mukaisiin kohteisiin. Kuuden tunnin kierros maksoi koko porukalta yhteens\u00e4 150e. Aloitimme Serra Negran rannalta, jossa n\u00e4imme mm. 13 suomutropiikkilintua ja jatkoimme reitill\u00e4 Palmeiran satama \u2013 Pedra Lume \u2013 Saltplans \u2013 Shark Bay ja takaisin Santa Mariaan. T\u00e4n\u00e4\u00e4n n\u00e4htiin mm. 5 tundrakurmitsaa, 21 tylli\u00e4, pikkutylli, 40 mustajalkatylli\u00e4, 4 pikkukuovia, 2 valkovikloa, 12 karikukkoa, 45 pulmussirri\u00e4, 3 suosirri\u00e4 ja 7 pikkusirri\u00e4. Lis\u00e4ksi n\u00e4htiin 2 etel\u00e4nharmaalokkia (koko retken ekat lokit!), 6 silkkihaikaraa, tumma riuttahaikara, 13 lehm\u00e4haikaraa, 14 harmaahaikaraa, 2 kalas\u00e4\u00e4ske\u00e4, 2 tuulihaukkaa, 3 arokorppia, 2 kirjosiipikiurua ja 4 pikkuaavikkokiurua. Illallinen maistui taas hotellin ravintolassa.<\/p>\n<div id=\"attachment_11863\" style=\"width: 610px\" class=\"wp-caption alignnone\"><img loading=\"lazy\" decoding=\"async\" aria-describedby=\"caption-attachment-11863\" class=\"size-large wp-image-11863\" src=\"https:\/\/jteblogi.sivustamo.dev\/wp-content\/uploads\/2024\/03\/kalas\u00e4\u00e4ski_01_KapVerde_03_24-600x343.jpg\" alt=\"KALAS\u00c4\u00c4SKI OLI LIKIMAIN P\u00c4IVITT\u00c4INEN LAJI\" width=\"600\" height=\"343\" srcset=\"https:\/\/jteblogi.sivustamo.dev\/wp-content\/uploads\/2024\/03\/kalas\u00e4\u00e4ski_01_KapVerde_03_24-600x343.jpg 600w, https:\/\/jteblogi.sivustamo.dev\/wp-content\/uploads\/2024\/03\/kalas\u00e4\u00e4ski_01_KapVerde_03_24-300x172.jpg 300w, https:\/\/jteblogi.sivustamo.dev\/wp-content\/uploads\/2024\/03\/kalas\u00e4\u00e4ski_01_KapVerde_03_24.jpg 1200w\" sizes=\"auto, (max-width: 600px) 100vw, 600px\" \/><p id=\"caption-attachment-11863\" class=\"wp-caption-text\">KALAS\u00c4\u00c4SKI OLI LIKIMAIN P\u00c4IVITT\u00c4INEN LAJI<\/p><\/div>\n<p style=\"font-weight: 400;\">Torstaina 28.3.2024 oli aika palata Suomeen. Ennen l\u00e4ht\u00f6\u00e4 teimme viel\u00e4 parin tunnin retken vesilaitoksen ymp\u00e4rist\u00f6\u00f6n ja n\u00e4imme mm. tundrakurmitsan, 15 pitk\u00e4jalkaa, tyllin, 10 mustajalkatylli\u00e4, 3 pikkukuovia, 2 rantasipi\u00e4, 4 liroa, 25 karikukkoa ja 40 pulmussirri\u00e4. Muita olivat mm. 2 silkkihaikaraa, 25 lehm\u00e4haikaraa, 3 harmaahaikaraa, 3 pronssi-iibist\u00e4, 2 tuulihaukkaa, 3 arokorppia, 2 kirjosiipikiurua, 5 pikkuaavikkokiurua, 12 saharanvarpuskiurua ja 6 pikkupensaskerttua. Pensas- ja kapverdenvarpusia oli runsaasti. Yritettiin viel\u00e4 l\u00f6yt\u00e4\u00e4 alueella talvella n\u00e4hty\u00e4 pikkuliejukanaa, joka on ollut l\u00e4hes 2 kk kateissa. Ei l\u00f6ytynyt nytk\u00e4\u00e4n, mutta tanskalainen Jim Christensen oli kuitenkin vain pari p\u00e4iv\u00e4\u00e4 sitten n\u00e4hnyt paikalla pikaisesti liejukanalajin eli ehk\u00e4 pikkuliejukana on sittenkin viel\u00e4 alueella.<\/p>\n<div id=\"attachment_11864\" style=\"width: 610px\" class=\"wp-caption alignnone\"><img loading=\"lazy\" decoding=\"async\" aria-describedby=\"caption-attachment-11864\" class=\"size-large wp-image-11864\" src=\"https:\/\/jteblogi.sivustamo.dev\/wp-content\/uploads\/2024\/03\/saharanvarpuskiuru_03_KapVerde_03_24-600x314.jpg\" alt=\"SAHARANVARPUSKIURUJA N\u00c4IMME SEK\u00c4 SALILLA ETT\u00c4 SAO NICOLAULLA\" width=\"600\" height=\"314\" srcset=\"https:\/\/jteblogi.sivustamo.dev\/wp-content\/uploads\/2024\/03\/saharanvarpuskiuru_03_KapVerde_03_24-600x314.jpg 600w, https:\/\/jteblogi.sivustamo.dev\/wp-content\/uploads\/2024\/03\/saharanvarpuskiuru_03_KapVerde_03_24-300x157.jpg 300w, https:\/\/jteblogi.sivustamo.dev\/wp-content\/uploads\/2024\/03\/saharanvarpuskiuru_03_KapVerde_03_24.jpg 1200w\" sizes=\"auto, (max-width: 600px) 100vw, 600px\" \/><p id=\"caption-attachment-11864\" class=\"wp-caption-text\">SAHARANVARPUSKIURUJA N\u00c4IMME SEK\u00c4 SALILLA ETT\u00c4 SAO NICOLAULLA<\/p><\/div>\n<p style=\"font-weight: 400;\">Kuljetus hotelliltamme lentokent\u00e4lle oli puolen p\u00e4iv\u00e4n aikaan ja lentomme Helsinkiin l\u00e4hti l\u00e4hes 3 tuntia my\u00f6h\u00e4ss\u00e4 klo 17.45. Matkalla oli taas v\u00e4lilasku ja tankkaus Gran Canarialla. Hesan-Vantaan lentoasemalle saavuttiin pitk\u00e4perjantain (29.3.) puolella vasta klo 06.15 Suomen aikaa. Lentokent\u00e4lt\u00e4 ajoin aamulla Nummelle Outin kotitalolle, jossa Outi jo odotteli aamukahvin kanssa. Pieni kierros p\u00e4iv\u00e4ll\u00e4 l\u00e4hipelloilla tuotti n. 60 mets\u00e4hanhea ja 14 laulujoutsenta, Suomessa kev\u00e4t on edistynyt. Illansuussa jatkoin Turkuun, hieno lintumatka umpeutui..<\/p>\n<p style=\"font-weight: 400;\"><strong>Epilogi<\/strong><\/p>\n<p style=\"font-weight: 400;\">Kap Verden saaret ovat maantieteellisesti Afrikkaa, mutta el\u00e4in-, eli\u00f6- ja kasvitieteellisesti ne luetaan WP (Western Palearctic) -alueeseen. T\u00e4st\u00e4 syyst\u00e4 alue kiinnostaa my\u00f6s WP-bongareita, joihin mekin enemm\u00e4n tai v\u00e4hemm\u00e4n kukin kuulumme. Itselleni t\u00e4rke\u00e4mpi\u00e4 ovat olleet WP:ll\u00e4 kuvaamani lajit kuin itse lajim\u00e4\u00e4r\u00e4. Kap Verdell\u00e4 erityisen kiinnostavia ovat useat endeemiset lintulajit. Pitk\u00e4n suunnittelun j\u00e4lkeen saatiin t\u00e4m\u00e4 matka aikaiseksi ja matka onnistuikin mainiosti. Helpoin tapa menn\u00e4 Kap Verdelle on matkustaa lomalennoilla, joita t\u00e4t\u00e4 nyky\u00e4 tehd\u00e4\u00e4n vain Sal\u2019in saarelle. Toinen vaihtoehto on reittilennoilla Lissabonin kautta, jolloin voi menn\u00e4 suoraan vaikka Santiagon saarelle. Endeemien lajien kannalta Santiago ja Sao Nicolausta teht\u00e4v\u00e4 meriretki ovat keskeisen t\u00e4rkeit\u00e4. Niinp\u00e4 n\u00e4m\u00e4 sis\u00e4ltyiv\u00e4t meid\u00e4nkin matkaohjelmaan. Olisimme halunneet k\u00e4yd\u00e4 my\u00f6s Sao Vicentell\u00e4 ja Santo Antaolla, mutta aikataulu ja kulkuyhteydet (= niiden v\u00e4hyys) estiv\u00e4t n\u00e4m\u00e4 2 viikon reissulla.<\/p>\n<p style=\"font-weight: 400;\">Liikkuminen saarten v\u00e4lill\u00e4 osoittautui hankalaksi. Etuk\u00e4teen varasimme Toi Darmandon avustuksella BestFly-lentoyhti\u00f6n lennot v\u00e4leille Sal-Santiago, Santiago-Sao Nicolau ja Sao Nicolau-Sal, kaikissa yksi v\u00e4lilasku. N\u00e4ist\u00e4 varatuista ja etuk\u00e4teen maksetuista lennoista loppujen lopuksi toteutui vain ensimm\u00e4inen, kaikki muut peruttiin. Sao Nicolaulle p\u00e4\u00e4simme valtiollisen lentoyhti\u00f6n (TICV) koneella ja pois Sao Nicolaulta ainoastaan laivalla (joka sekin k\u00e4y siell\u00e4 vain kerran viikossa). BestFlyn toiminta (=toimimattomuus) aiheuttaa saarilla valtavasti hankaluuksia ja mm. valtiollinen TICV lentoyhti\u00f6 kielt\u00e4ytyi ottamasta BestFlyn asiakkaita koneisiinsa, koska BestFly ei kuulemma maksa korvauksia. T\u00e4m\u00e4 johti siihen, ett\u00e4 TICV:n koneet ovat loppuunmyytyj\u00e4 eik\u00e4 vapaita paikkoja l\u00e4hip\u00e4iviin tahdo mill\u00e4\u00e4n l\u00f6yty\u00e4. Jokin selvyys tilanteeseen on varmaankin tulossa, n\u00e4in ei paikallistenkaan el\u00e4m\u00e4 voi jatkua.<\/p>\n<p style=\"font-weight: 400;\">Meill\u00e4 oli kaikilla saarilla opas\/kontaktihenkil\u00f6, joka osoittautui hyv\u00e4ksi ratkaisuksi. Sal\u2019illa hyv\u00e4 kontaktihenkil\u00f6 on Uwe Thom, joka liki p\u00e4ivitt\u00e4in seuraa saareen linnustoa ja raportoi havaintoja mm. facebook-sivustolla \u201d<em>Birdlife of the island of Sal and Cape Verde<\/em>\u201d. Haluttaessa Uwe vie my\u00f6s saaren parhaille lintupaikoille, kuten meill\u00e4 ekana retkip\u00e4iv\u00e4n\u00e4. Santiagolla jo vuosia kontaktihenkil\u00f6n\u00e4 on toiminut it\u00e4valtalainen Herbert B\u00f6dendorfer, joka on pitk\u00e4\u00e4n asunut talvikaudet Santiagolla ja vet\u00e4\u00e4 edelleen retki\u00e4 mm. Senegalissa. Herbert on hiljalleen luopumassa Santiagon toimistaan ja niinp\u00e4 meill\u00e4kin oppaana oli Herbertin kouluttama erinomainen paikallinen opas Andriu (Andreio gilson de Barros, <a href=\"mailto:andreio021188@gmail.com\">andreio021188@gmail.com<\/a>). Andriu tiesi tarkkaan lintupaikat ja oppaan mukana liikkumalla v\u00e4ltimme autonvuokraushommat. Sao Nicolaulla t\u00e4rke\u00e4 yhdyshenkil\u00f6 on Toi Darmanda (<a href=\"mailto:toilopescv@gmail.com\">toilopescv@gmail.com<\/a>, puh. 00238 994 51 46, also WA). Toi j\u00e4rjest\u00e4\u00e4 mm. Rason venekuljetukset, majoitukset ja maakuljetukset Sao Nicolaulla, aivan erinomainen joka asian organisaattori.<\/p>\n<p style=\"font-weight: 400;\">Totesimme, ett\u00e4 pari viikkoa on tarpeellinen aika endeemien lajin l\u00f6yt\u00e4miseen, varsinkin nyt kun saarten v\u00e4liset yhteydet ovat hankalia. Lintumieless\u00e4 my\u00f6s Sao Vicente (Mindelo) ja Santo Antao olisivat mielenkiintoisia, mutta meille aika ei sallinut niiss\u00e4 k\u00e4ymist\u00e4. T\u00e4ll\u00e4 kierroksella kokonaislajim\u00e4\u00e4r\u00e4mme oli 71 lajia, joista reippaasti toistakymment\u00e4 lajia oli meille kaikille uusia WP-tuttavuuksia. Itse n\u00e4in 14 uutta lajia ja sain 10 uudesta WP-lajista jonkinlaisia kuvia. <strong>Kiitos<\/strong> retkikavereilleni mainiosta seurasta sek\u00e4\u00a0kaikista hyvist\u00e4 l\u00f6yd\u00f6ist\u00e4 ja kiitos Uwelle, Herbertille, Andriulle ja Toi&#8217;lle erinomaisesta yhteisty\u00f6st\u00e4!<\/p>\n<div id=\"attachment_11865\" style=\"width: 610px\" class=\"wp-caption alignnone\"><img loading=\"lazy\" decoding=\"async\" aria-describedby=\"caption-attachment-11865\" class=\"size-large wp-image-11865\" src=\"https:\/\/jteblogi.sivustamo.dev\/wp-content\/uploads\/2024\/03\/auringonlasku_Tarrafal-600x286.jpg\" alt=\"AURINGONLASKU SAO NICOLAUN MAJAPAIKASTA\" width=\"600\" height=\"286\" srcset=\"https:\/\/jteblogi.sivustamo.dev\/wp-content\/uploads\/2024\/03\/auringonlasku_Tarrafal-600x286.jpg 600w, https:\/\/jteblogi.sivustamo.dev\/wp-content\/uploads\/2024\/03\/auringonlasku_Tarrafal-300x143.jpg 300w, https:\/\/jteblogi.sivustamo.dev\/wp-content\/uploads\/2024\/03\/auringonlasku_Tarrafal.jpg 1200w\" sizes=\"auto, (max-width: 600px) 100vw, 600px\" \/><p id=\"caption-attachment-11865\" class=\"wp-caption-text\">AURINGONLASKU SAO NICOLAUN MAJAPAIKASTA<\/p><\/div>\n<p>Matkan kuvia l\u00f6ytyy ISOMPINA\u00a0tiedostoina &#8217;Uusimmat ulkomailta&#8217;-kansiosta eli t\u00e4\u00e4lt\u00e4:<br \/>\n<strong><a href=\"https:\/\/jtenovuo.1g.fi\/kuvat\/Uusimmat+ulkomailta++-+Latest+abroad\/\">https:\/\/jtenovuo.1g.fi\/kuvat\/Uusimmat+ulkomailta++-+Latest+abroad\/<\/a><\/strong><\/p>\n","protected":false},"excerpt":{"rendered":"<p>Keskiviikkona 13.3.2024 alkoi kauan suunniteltu lintumatka Kap Verdelle, t\u00e4ht\u00e4imess\u00e4 erityisesti muutama WP-alueen endeeminen laji, joita ei oikein voi muualla n\u00e4hd\u00e4 ja kuvata. Matkaan l\u00e4htiv\u00e4t lis\u00e4kseni Mikko J\u00e4rvinen, Ilkka Vieno, Rauli Lumio ja Heikki Minn \u2013 kaikki tuttuja lintukavereita vuosien ajalta. &hellip; <a href=\"https:\/\/jteblogi.sivustamo.dev\/?p=11837\">Lue loppuun <span class=\"meta-nav\">&rarr;<\/span><\/a><\/p>\n","protected":false},"author":3,"featured_media":0,"comment_status":"closed","ping_status":"open","sticky":false,"template":"","format":"standard","meta":{"footnotes":""},"categories":[1,3,6],"tags":[],"class_list":["post-11837","post","type-post","status-publish","format-standard","hentry","category-ajankohtaista-linturetkilta","category-digikuvia-luonnosta","category-matkaraportit"],"_links":{"self":[{"href":"https:\/\/jteblogi.sivustamo.dev\/index.php?rest_route=\/wp\/v2\/posts\/11837","targetHints":{"allow":["GET"]}}],"collection":[{"href":"https:\/\/jteblogi.sivustamo.dev\/index.php?rest_route=\/wp\/v2\/posts"}],"about":[{"href":"https:\/\/jteblogi.sivustamo.dev\/index.php?rest_route=\/wp\/v2\/types\/post"}],"author":[{"embeddable":true,"href":"https:\/\/jteblogi.sivustamo.dev\/index.php?rest_route=\/wp\/v2\/users\/3"}],"replies":[{"embeddable":true,"href":"https:\/\/jteblogi.sivustamo.dev\/index.php?rest_route=%2Fwp%2Fv2%2Fcomments&post=11837"}],"version-history":[{"count":9,"href":"https:\/\/jteblogi.sivustamo.dev\/index.php?rest_route=\/wp\/v2\/posts\/11837\/revisions"}],"predecessor-version":[{"id":11872,"href":"https:\/\/jteblogi.sivustamo.dev\/index.php?rest_route=\/wp\/v2\/posts\/11837\/revisions\/11872"}],"wp:attachment":[{"href":"https:\/\/jteblogi.sivustamo.dev\/index.php?rest_route=%2Fwp%2Fv2%2Fmedia&parent=11837"}],"wp:term":[{"taxonomy":"category","embeddable":true,"href":"https:\/\/jteblogi.sivustamo.dev\/index.php?rest_route=%2Fwp%2Fv2%2Fcategories&post=11837"},{"taxonomy":"post_tag","embeddable":true,"href":"https:\/\/jteblogi.sivustamo.dev\/index.php?rest_route=%2Fwp%2Fv2%2Ftags&post=11837"}],"curies":[{"name":"wp","href":"https:\/\/api.w.org\/{rel}","templated":true}]}}