{"id":1331,"date":"2012-08-06T07:23:44","date_gmt":"2012-08-06T05:23:44","guid":{"rendered":"https:\/\/jteblogi.sivustamo.dev\/?p=1331"},"modified":"2013-03-20T11:40:12","modified_gmt":"2013-03-20T09:40:12","slug":"merilintuja-kuvaamassa-madeiralla","status":"publish","type":"post","link":"https:\/\/jteblogi.sivustamo.dev\/?p=1331","title":{"rendered":"Merilintuja kuvaamassa Madeiralla"},"content":{"rendered":"<p>Lauantaina 28.7.2012 alkoi iltap\u00e4iv\u00e4n helteess\u00e4 loma- ja kuvausmatkamme Portugalin Madeiralle. Ensimm\u00e4inen y\u00f6 tosin oltiin lentokent\u00e4ll\u00e4 hotelli Hiltonin tarjoushintaisessa huoneessa sill\u00e4 l\u00e4ht\u00f6 TAP\u2019in (Portugal Airlines) lennolla olisi sunnuntaiaamuna 29.7. klo 05.35. Muutaman tunnin y\u00f6unen j\u00e4lkeen hinauduimme klo 04 j\u00e4lkeen l\u00e4ht\u00f6selvitykseen vain kuullaksemme, ett\u00e4 lento on my\u00f6h\u00e4ss\u00e4 ja l\u00e4htee klo 06.40.\u00a0 Lentoasemalla tapasimme matkakumppanimme eli Varesvuon Markuksen ja Minnan sek\u00e4 Nurmen Jukan ja Marjan. My\u00f6h\u00e4inen l\u00e4ht\u00f6 ja vastatuuli etel\u00e4\u00e4n menness\u00e4 (lentoaika n. 5 tuntia) tekiv\u00e4t sen, ett\u00e4 Lissabonissa missasimme jatkolentomme Madeiralle. Transfer-tiskill\u00e4 odotimme vuoroamme yli tunnin katsellen tehottoman tuntuista palvelua tiskin takana kunnes saimme uudet liput klo 16.10 l\u00e4htev\u00e4\u00e4n TAP\u2019in Madeiran lentoon. No, eih\u00e4n sek\u00e4\u00e4n ollut ajallaan vaan l\u00e4hti loppujen lopuksi vasta klo 18.35 eli odotus Lissabonissa oli tuskastuttavat\u00a0 8,5 tuntia aiotun 1,5 tunnin sijasta. Madeiralle saavuttiin klo 20.15, saatiin onneksi matkatavarat ja noudettiin varatut kaksi vuokra-autoa. Ajo Funchaliin hotelliimme Quinta da Penha de Francaan sujui hyvin Markuksen ajaessa ja navigaattorin ohjatessa. Kuu valaisi Atlanttia kun painuttiin pehkuihin. Lentoasemalla n\u00e4htiin 3 madeirankiit\u00e4j\u00e4\u00e4.<\/p>\n<div id=\"attachment_1332\" style=\"width: 610px\" class=\"wp-caption alignnone\"><img loading=\"lazy\" decoding=\"async\" aria-describedby=\"caption-attachment-1332\" class=\"size-large wp-image-1332\" title=\"maisema_01_Madeira\" alt=\"\" src=\"https:\/\/jteblogi.sivustamo.dev\/wp-content\/uploads\/2012\/08\/maisema_01_Madeira-600x400.jpg\" width=\"600\" height=\"400\" srcset=\"https:\/\/jteblogi.sivustamo.dev\/wp-content\/uploads\/2012\/08\/maisema_01_Madeira-600x400.jpg 600w, https:\/\/jteblogi.sivustamo.dev\/wp-content\/uploads\/2012\/08\/maisema_01_Madeira-300x200.jpg 300w, https:\/\/jteblogi.sivustamo.dev\/wp-content\/uploads\/2012\/08\/maisema_01_Madeira.jpg 900w\" sizes=\"auto, (max-width: 600px) 100vw, 600px\" \/><p id=\"caption-attachment-1332\" class=\"wp-caption-text\">MADEIRAN VEHRE\u00c4T MAISEMAT OVAT SILM\u00c4\u00c4 HIVELEVI\u00c4<\/p><\/div>\n<p>Maanantaina 30.7.2012 aamu valkeni aurinkoisena ja heikkotuulisena. Aamiaisen j\u00e4lkeen kuvattiin Markuksen kanssa hotellin nurkalla v\u00e4h\u00e4n <strong>madeirankiit\u00e4ji\u00e4<\/strong> ja n\u00e4htiin mm. 2 tuulihaukkaa, satoja etel\u00e4nharmaalokkeja ja muutama kalatiira. Jukka oli kiert\u00e4nyt satama-allasta mutta ruusutiiraa ei ainakaan viel\u00e4 l\u00f6ytynyt, mainittavaa oli mm. silkkihaikara. Klo 9 l\u00e4hdettiin ajelemaan yl\u00f6s vuorille kohti Ribeiro Frioa ja maisemathan tulivat vaan hienommiksi mit\u00e4 ylemm\u00e4s p\u00e4\u00e4stiin. Pys\u00e4hdeltiin pari pys\u00e4hdyst\u00e4 jo aiemmin ja n\u00e4htiin mm. ekat <strong>madeiranhippi\u00e4iset<\/strong> sek\u00e4 2-3 <strong>madeirankyyhky\u00e4<\/strong> ja hiirihaukka. Ribeiro Friossa tehtiin parin kilsan k\u00e4vely Balcoesin tasanteelle levadan reunalle. Upea paikka ja matkalla sinne n\u00e4htiin mm. paikallisia erikoisenn\u00e4k\u00f6isi\u00e4 peippoja sek\u00e4 useita madeiranhippi\u00e4isi\u00e4 \u2013 mm. yksi lentopoikue. Balcoesin tasanteelta laskettiin ainakin 6 madeirankyyhky\u00e4, jotka kuvaamista ajatellen olivat tosin kovin kaukana. Ribeiro Friossa juotiin kahvit ja sy\u00f6tiin sek\u00e4 kuvattiin sillan luona virtav\u00e4st\u00e4r\u00e4kki\u00e4, joka ruokki lentopoikastaan.<\/p>\n<div id=\"attachment_1333\" style=\"width: 610px\" class=\"wp-caption alignnone\"><img loading=\"lazy\" decoding=\"async\" aria-describedby=\"caption-attachment-1333\" class=\"size-large wp-image-1333\" title=\"madeiranhippiainen_01_Madeira_08_12\" alt=\"\" src=\"https:\/\/jteblogi.sivustamo.dev\/wp-content\/uploads\/2012\/08\/madeiranhippiainen_01_Madeira_08_12-600x400.jpg\" width=\"600\" height=\"400\" srcset=\"https:\/\/jteblogi.sivustamo.dev\/wp-content\/uploads\/2012\/08\/madeiranhippiainen_01_Madeira_08_12-600x400.jpg 600w, https:\/\/jteblogi.sivustamo.dev\/wp-content\/uploads\/2012\/08\/madeiranhippiainen_01_Madeira_08_12-300x200.jpg 300w, https:\/\/jteblogi.sivustamo.dev\/wp-content\/uploads\/2012\/08\/madeiranhippiainen_01_Madeira_08_12.jpg 900w\" sizes=\"auto, (max-width: 600px) 100vw, 600px\" \/><p id=\"caption-attachment-1333\" class=\"wp-caption-text\">MADEIRANHIPPI\u00c4INEN ON ENDEEMINEN LAJI JOKA TUNTUU VIIHTYV\u00c4N PAREMMIN LEHTI- KUIN HAVUPUISSA<\/p><\/div>\n<p>Jatkettiin matkaa viel\u00e4 saaren pohjoisrannalle ja Faialin kaupungin vanhan sillan luota k\u00e4\u00e4nnyttiin Faja da Noguieiraan ja ajettiin hiekkatiet\u00e4 noin kilometri Balcoesin tasanteen alapuolelle. Viivyttiin paikalla n. 1,5 tuntia madeirankyyhkyj\u00e4 kameralla jahdaten ja joitakin dokumenttikuvia saatiin. Kyyhkyj\u00e4 lenteli rinteill\u00e4 ainakin 7-8 yksil\u00f6\u00e4. Hiirihaukkakin lensi taas yli. Yritimme Santanan l\u00e4helt\u00e4 l\u00f6yt\u00e4\u00e4 viel\u00e4 kolmatta madeirankyyhkypaikkaa, jota Mooren ym. <em>\u2019A Birdwatchers\u2019 Guide to Portugal and Madeira\u2019<\/em> suosittaa mutta kirjan ilmestymisen j\u00e4lkeen tiest\u00f6 on niin muuttunut, ett\u00e4 paikkaa oli mahdoton l\u00f6yt\u00e4\u00e4. Niinp\u00e4 l\u00e4hdimme takaisin Funchaliin nopeaa tiet\u00e4 Machinon kautta ja saavuimme hotellille klo 19.30. Ehdimme vain hetken olla huoneessamme kun Markus soitti, ett\u00e4 satamassa on <strong>ruusutiira<\/strong> \u2013 sinne! Paikalta l\u00f6ytyikin nyt 2 ad-ruusutiiraa, joista saatiin heti jokunen kuvakin. Yksi retken kohdelajeista t\u00e4m\u00e4kin. Hyv\u00e4 illallinen nautittiin porukassa hotellimme ravintolassa. Mainittakoon viel\u00e4, ett\u00e4 lintukuvani otin uudella kamerarungollani eli Canonin 1D X:ll\u00e4. Mainiosti pelitti.<\/p>\n<div id=\"attachment_1334\" style=\"width: 610px\" class=\"wp-caption alignnone\"><img loading=\"lazy\" decoding=\"async\" aria-describedby=\"caption-attachment-1334\" class=\"size-large wp-image-1334\" title=\"jukka_jorma\" alt=\"\" src=\"https:\/\/jteblogi.sivustamo.dev\/wp-content\/uploads\/2012\/08\/jukka_jorma-600x400.jpg\" width=\"600\" height=\"400\" srcset=\"https:\/\/jteblogi.sivustamo.dev\/wp-content\/uploads\/2012\/08\/jukka_jorma-600x400.jpg 600w, https:\/\/jteblogi.sivustamo.dev\/wp-content\/uploads\/2012\/08\/jukka_jorma-300x200.jpg 300w, https:\/\/jteblogi.sivustamo.dev\/wp-content\/uploads\/2012\/08\/jukka_jorma.jpg 900w\" sizes=\"auto, (max-width: 600px) 100vw, 600px\" \/><p id=\"caption-attachment-1334\" class=\"wp-caption-text\">JUKAN KANSSA T\u00c4HYST\u00c4M\u00c4SS\u00c4 MADEIRANHIPPI\u00c4ISI\u00c4<\/p><\/div>\n<div id=\"attachment_1335\" style=\"width: 610px\" class=\"wp-caption alignnone\"><img loading=\"lazy\" decoding=\"async\" aria-describedby=\"caption-attachment-1335\" class=\"size-large wp-image-1335\" title=\"madeirankyyhky_01_Madeira_08_12\" alt=\"\" src=\"https:\/\/jteblogi.sivustamo.dev\/wp-content\/uploads\/2012\/08\/madeirankyyhky_01_Madeira_08_12-600x400.jpg\" width=\"600\" height=\"400\" srcset=\"https:\/\/jteblogi.sivustamo.dev\/wp-content\/uploads\/2012\/08\/madeirankyyhky_01_Madeira_08_12-600x400.jpg 600w, https:\/\/jteblogi.sivustamo.dev\/wp-content\/uploads\/2012\/08\/madeirankyyhky_01_Madeira_08_12-300x200.jpg 300w, https:\/\/jteblogi.sivustamo.dev\/wp-content\/uploads\/2012\/08\/madeirankyyhky_01_Madeira_08_12.jpg 900w\" sizes=\"auto, (max-width: 600px) 100vw, 600px\" \/><p id=\"caption-attachment-1335\" class=\"wp-caption-text\">MADEIRANKYYHKYT TUNTUVAT OLEVAN KOVINKIN ARKOJA, NIIT\u00c4 LIENEE METS\u00c4STETTY PALJON<\/p><\/div>\n<p>Tiistaina 31.7.2012 oli j\u00e4lleen aurinkoinen ja kuuma p\u00e4iv\u00e4, tuuli enimm\u00e4kseen aika heikko. Aamiaisen j\u00e4lkeen kuvasin madeirankiit\u00e4ji\u00e4 hotellin nurkalla, Jukka ja Markus k\u00e4viv\u00e4t my\u00f6s satamassa, jossa et\u00e4\u00e4mp\u00e4n\u00e4 lenteli yksi ruusutiira ja merell\u00e4 n\u00e4htiin kymmenkunta keltanokkaliit\u00e4j\u00e4\u00e4. Silkkihaikaran lenteli j\u00e4lleen sataman suuntaan. L\u00e4hdettiin koluamaan Madeiran l\u00e4nsiosia ja ensimm\u00e4inen pidempi pys\u00e4hdys tehtiin Lugar de Braixossa, jonka pikku laguunissa oli kuitenkin odotettua v\u00e4hemm\u00e4n lintuja. Mainittavaa oli vain muutama nokikana, liejukana ja 4-5 virtav\u00e4st\u00e4r\u00e4kki\u00e4. Meren puolella lenteli ja istuskeli kivill\u00e4 kalatiirojen seurassa ainakin 2 vanhaa ja 1-2 nuorta ruusutiiraa. Jatkettiin matkaa Prazeresiin, jossa hotelli Jardim Atlanticon luona n\u00e4imme pari pikkupensaskerttua ja n. 10 kanarianhemppoa. Hiiri- ja tuulihaukkoja n\u00e4kyi pari kumpaakin. Alueella oli aivan vastik\u00e4\u00e4n riehunut isoja maastopaloja ja savua nousi viel\u00e4kin parista paikasta. K\u00e4vimme viel\u00e4 Ponta do Pargossa, jossa majakan l\u00e4hell\u00e4 oli kovin niukasti lintuja. Pari kanariankirvist\u00e4 sent\u00e4\u00e4n n\u00e4htiin. Sy\u00f6tiin Miradorin n\u00e4k\u00f6alapaikalla mainio lounas ennen paluumatkaa takaisin Funchaliin. Ilta vietetiin satamassa ruusutiiroja kuvaten, paikalla oli nyt ainakin 6-7 yksil\u00f6\u00e4, joista pari nuoria. My\u00f6s virtav\u00e4st\u00e4r\u00e4kki paikalla. \u00a0Illallisen alkaessa my\u00f6s velipoikani Olli saapui joukkoomme, lento Hesasta oli h\u00e4nell\u00e4kin 5 tuntia my\u00f6h\u00e4ss\u00e4 eri kommellusten takia\u2026<\/p>\n<div id=\"attachment_1336\" style=\"width: 610px\" class=\"wp-caption alignnone\"><img loading=\"lazy\" decoding=\"async\" aria-describedby=\"caption-attachment-1336\" class=\"size-large wp-image-1336\" title=\"ruusutiira_02_Madeira_08_12\" alt=\"\" src=\"https:\/\/jteblogi.sivustamo.dev\/wp-content\/uploads\/2012\/08\/ruusutiira_02_Madeira_08_12-600x400.jpg\" width=\"600\" height=\"400\" srcset=\"https:\/\/jteblogi.sivustamo.dev\/wp-content\/uploads\/2012\/08\/ruusutiira_02_Madeira_08_12-600x400.jpg 600w, https:\/\/jteblogi.sivustamo.dev\/wp-content\/uploads\/2012\/08\/ruusutiira_02_Madeira_08_12-300x200.jpg 300w, https:\/\/jteblogi.sivustamo.dev\/wp-content\/uploads\/2012\/08\/ruusutiira_02_Madeira_08_12.jpg 900w\" sizes=\"auto, (max-width: 600px) 100vw, 600px\" \/><p id=\"caption-attachment-1336\" class=\"wp-caption-text\">RUUSUTIIROJA N\u00c4HTIIN LIKI P\u00c4IVITT\u00c4IN JA FUNCHALIN SATAMA OLI VARMIN PAIKKA.\u00a0<\/p><\/div>\n<p>Keskiviikkona 1.8.2012 oli ensimm\u00e4inen meriretkip\u00e4iv\u00e4mme. Aamulla kuitenkin kiertelimme pari tuntia Funchalin rannalla ja satamassa, n\u00e4htiin mm. ainakin 15 keltanokkaliit\u00e4j\u00e4\u00e4, silkkihaikara, naurulokki ja ainakin 3-4 ruusutiiraa. Klo 11 aikoihin l\u00e4hdimme (kaikki paitsi Marja) ajelemaan kohti it\u00e4\u00e4, ensimm\u00e4isen\u00e4 kohteena Machicon pikkukaupunki. J\u00e4timme auton rannan tuntumaan ja k\u00e4velimme jokisuistoon ja vajaan kilsan jokivartta yl\u00f6s. N\u00e4htiin mm. yli 20 <strong>vahanokkaa<\/strong>, muutama tikli ja virtav\u00e4st\u00e4r\u00e4kki sek\u00e4 parikymment\u00e4 monarkkiperhosta. S\u00f6imme paikalla lounaan ja ajoimme sitten Canicalin huvivenesatamaan, jossa Catarina Fagundes ja Hugo Romano (<a href=\"http:\/\/www.madeirawindbirds.com\/\">Madeira Wind Birds<\/a>) jo odottelivat. Paikalle saapui my\u00f6s kaksi saksalaisornia, Felix Weiss ja Christian Wagner, jotka tulivat kanssamme samalle merilintureissulle. Pakkasimme itsemme 12+2 hengen isoon kumiveneeseen, <em>Oceanodromaan<\/em>, jolla l\u00e4hdimme auringon porottaessa ja reippaan (8-9 m\/s) koillistuulen puhaltaessa avomerelle Madeiran pohjoispuolelle. Veneess\u00e4 meit\u00e4 oli nyt 8 matkustajaa eli Markus, Minna, Jukka, Olli, Outi ja min\u00e4 plus saksalaiset.<\/p>\n<div id=\"attachment_1337\" style=\"width: 610px\" class=\"wp-caption alignnone\"><img loading=\"lazy\" decoding=\"async\" aria-describedby=\"caption-attachment-1337\" class=\"size-large wp-image-1337\" title=\"oceanodroma_01_madeira\" alt=\"\" src=\"https:\/\/jteblogi.sivustamo.dev\/wp-content\/uploads\/2012\/08\/oceanodroma_01_madeira-600x400.jpg\" width=\"600\" height=\"400\" srcset=\"https:\/\/jteblogi.sivustamo.dev\/wp-content\/uploads\/2012\/08\/oceanodroma_01_madeira-600x400.jpg 600w, https:\/\/jteblogi.sivustamo.dev\/wp-content\/uploads\/2012\/08\/oceanodroma_01_madeira-300x200.jpg 300w, https:\/\/jteblogi.sivustamo.dev\/wp-content\/uploads\/2012\/08\/oceanodroma_01_madeira.jpg 900w\" sizes=\"auto, (max-width: 600px) 100vw, 600px\" \/><p id=\"caption-attachment-1337\" class=\"wp-caption-text\">OCEANODROMA ODOTTI MEIT\u00c4 CANICALIN HUVIVENESATAMASSA<\/p><\/div>\n<p>Ajoimme ulos merelle n. 1,5 tuntia ja aloimme tarjoilla merilinnuille ruokaa, ns. <em>chum<\/em>ia. Jo matkalla olimme n\u00e4hneet n. 30 keltanokkaliit\u00e4j\u00e4\u00e4 ja ainakin 5 <strong>tyrskyliit\u00e4j\u00e4\u00e4<\/strong> sek\u00e4 useita delfiinej\u00e4. Kelluimme ruokinnan tuntumassa runsaat nelj\u00e4 tuntia ja paikalla k\u00e4vi yli 15 tyrskyliit\u00e4j\u00e4\u00e4 ja toistakymment\u00e4 keltanokkaliit\u00e4j\u00e4\u00e4 mutta illan mielenkiintoisimmat olivat <strong>nokiliit\u00e4j\u00e4<\/strong>, <strong>pikkuliit\u00e4j\u00e4<\/strong> ja odotettu endeemirari eli <strong>madeiranviist\u00e4j\u00e4<\/strong> , kuuluisa <em>Zino\u2019s Petrel<\/em>. Pikkuliit\u00e4j\u00e4\u00e4 lukuun ottamatta kaikista syntyi kuviakin vaikka keinuvasta kumiveneest\u00e4 kuvaaminen olikin tosi haastavaa. N\u00e4imme kauempana my\u00f6s kaksi muuta viist\u00e4j\u00e4\u00e4, joko kapverden- tai madeiranviist\u00e4ji\u00e4, lis\u00e4ksi n\u00e4htiin yksi valas joka j\u00e4i tarkemmin m\u00e4\u00e4ritt\u00e4m\u00e4tt\u00e4.<\/p>\n<div id=\"attachment_1342\" style=\"width: 610px\" class=\"wp-caption alignnone\"><img loading=\"lazy\" decoding=\"async\" aria-describedby=\"caption-attachment-1342\" class=\"size-large wp-image-1342\" title=\"nokiliitaja_01_Madeira_08_12\" alt=\"\" src=\"https:\/\/jteblogi.sivustamo.dev\/wp-content\/uploads\/2012\/08\/nokiliitaja_01_Madeira_08_12-600x400.jpg\" width=\"600\" height=\"400\" srcset=\"https:\/\/jteblogi.sivustamo.dev\/wp-content\/uploads\/2012\/08\/nokiliitaja_01_Madeira_08_12-600x400.jpg 600w, https:\/\/jteblogi.sivustamo.dev\/wp-content\/uploads\/2012\/08\/nokiliitaja_01_Madeira_08_12-300x200.jpg 300w, https:\/\/jteblogi.sivustamo.dev\/wp-content\/uploads\/2012\/08\/nokiliitaja_01_Madeira_08_12.jpg 900w\" sizes=\"auto, (max-width: 600px) 100vw, 600px\" \/><p id=\"caption-attachment-1342\" class=\"wp-caption-text\">NOKILIIT\u00c4J\u00c4 PY\u00d6R\u00c4HTI HIENOSTI PARI KERTAA VENEEMME YMP\u00c4RI<\/p><\/div>\n<p>Paluumatkalle l\u00e4hdimme auringon laskiessa ja t\u00e4ysikuun noustessa klo 21 ja takaisin Canicaliin saavuimme noin tuntia my\u00f6hemmin. Tavarat autoon ja hotellille, jossa olimme klo 23 tyytyv\u00e4isin\u00e4 hienoon retkip\u00e4iv\u00e4\u00e4n!<\/p>\n<div id=\"attachment_1338\" style=\"width: 610px\" class=\"wp-caption alignnone\"><img loading=\"lazy\" decoding=\"async\" aria-describedby=\"caption-attachment-1338\" class=\"size-large wp-image-1338\" title=\"madeiranviistaja_01_Madeira_08_12\" alt=\"\" src=\"https:\/\/jteblogi.sivustamo.dev\/wp-content\/uploads\/2012\/08\/madeiranviistaja_01_Madeira_08_12-600x400.jpg\" width=\"600\" height=\"400\" srcset=\"https:\/\/jteblogi.sivustamo.dev\/wp-content\/uploads\/2012\/08\/madeiranviistaja_01_Madeira_08_12-600x400.jpg 600w, https:\/\/jteblogi.sivustamo.dev\/wp-content\/uploads\/2012\/08\/madeiranviistaja_01_Madeira_08_12-300x200.jpg 300w, https:\/\/jteblogi.sivustamo.dev\/wp-content\/uploads\/2012\/08\/madeiranviistaja_01_Madeira_08_12.jpg 900w\" sizes=\"auto, (max-width: 600px) 100vw, 600px\" \/><p id=\"caption-attachment-1338\" class=\"wp-caption-text\">MADEIRANVIIST\u00c4J\u00c4 &#8211; HARVALUKUINEN LAJI MADEIRALLAKIN. VIIST\u00c4JIEN LAJIM\u00c4\u00c4RITYKSET OVAT VAIKEITA JA NIINP\u00c4 MEID\u00c4NKIN KUVAT ANALYSOITIIN TARKKAAN (HADORAM SHIRIHAI) JA T\u00c4M\u00c4 ON SELKE\u00c4 MADEIRANVIIST\u00c4J\u00c4.<\/p><\/div>\n<p>Torstai 2.8.2012 oli toinen meriretkip\u00e4iv\u00e4mme. Nyt otimme aamun rennosti lep\u00e4illen ja muistikortteja tyhjennellen. Lounas sy\u00f6tiin yhdess\u00e4 meren rannalla (n\u00e4htiin taas pari ruusutiiraa) kunnes klo 13.45 l\u00e4hdimme taas ajelemaan kohti Canicalin venesatamaa. T\u00e4n\u00e4\u00e4n meriretkemme samalla porukalla kuin eilenkin\u00a0 suuntautui Madeiran etel\u00e4puolelle mutta nyt tuuli oli koillisesta navakka, noin 12 m\/s. T\u00e4\u00e4ll\u00e4 valtamerell\u00e4 se tiet\u00e4\u00e4 isoa yli parimetrist\u00e4 aallokkoa eli kuvaus keinuvasta kumiveneest\u00e4 oli viel\u00e4 paljon eilist\u00e4 hankalampaa. Lintuja oli onneksi melko mukavasti \u2013 kymmenien tyrsky- ja keltanokkaliit\u00e4jien lis\u00e4ksi n\u00e4htiin mm. ainakin 8 viist\u00e4j\u00e4\u00e4, joista kaikki m\u00e4\u00e4ritetyt olivat <strong>kapverdenviist\u00e4ji\u00e4<\/strong>. Veneen l\u00e4hell\u00e4 k\u00e4vi my\u00f6s yhteens\u00e4 3 <strong>madeirankeijua<\/strong> joten joitain kuvia syntyi t\u00e4st\u00e4kin lajista. Muista lajeista mainittakoon et\u00e4\u00e4mp\u00e4\u00e4 lent\u00e4nyt <strong>leve\u00e4pyrst\u00f6kihu<\/strong>, josta Felix ehti napata dokumentin. Paluumatka Madeiralle oli tosi m\u00e4rk\u00e4 ja rankka \u2013 suolavesi kasteli tehokkaasti ja kaikin tavoin piti keskitty\u00e4 ennen kaikkea kameroiden suojaamiseen. Satamaan palattiin vasta klo 22.20 ja hotellilla oltiin v\u00e4h\u00e4n klo 23 j\u00e4lkeen aika lailla r\u00e4ttiv\u00e4synein\u00e4. Aikamoinen kokemus!<\/p>\n<div id=\"attachment_1339\" style=\"width: 610px\" class=\"wp-caption alignnone\"><img loading=\"lazy\" decoding=\"async\" aria-describedby=\"caption-attachment-1339\" class=\"size-large wp-image-1339\" title=\"madeirankeiju_01_Madeira_08_12\" alt=\"\" src=\"https:\/\/jteblogi.sivustamo.dev\/wp-content\/uploads\/2012\/08\/madeirankeiju_01_Madeira_08_12-600x450.jpg\" width=\"600\" height=\"450\" srcset=\"https:\/\/jteblogi.sivustamo.dev\/wp-content\/uploads\/2012\/08\/madeirankeiju_01_Madeira_08_12-600x450.jpg 600w, https:\/\/jteblogi.sivustamo.dev\/wp-content\/uploads\/2012\/08\/madeirankeiju_01_Madeira_08_12-300x225.jpg 300w, https:\/\/jteblogi.sivustamo.dev\/wp-content\/uploads\/2012\/08\/madeirankeiju_01_Madeira_08_12.jpg 800w\" sizes=\"auto, (max-width: 600px) 100vw, 600px\" \/><p id=\"caption-attachment-1339\" class=\"wp-caption-text\">MADEIRANKEIJUJA N\u00c4HTIIN MUUTAMA<\/p><\/div>\n<p>Perjantai 3.8.2012 oli kolmas merip\u00e4iv\u00e4mme. Aamu otettiin taas rauhallisesti \u2013 her\u00e4ttiin my\u00f6h\u00e4\u00e4n, nautittiin aamiainen ja kierreltiin Jukan ja Marjan kanssa l\u00e4hipuistoja sek\u00e4 k\u00e4ytiin Outin kanssa Casino Park-hotellilla, jossa Outi oli 23 vuotta sitten asunut viikon. Lounaalle ker\u00e4\u00e4nnyttiin taas koko poppoo meren rannalle kunnes l\u00e4hdettiin ajamaan kohti Canicalia. Merelle l\u00e4hdettiin tuttuun tapaan klo 15 ja nyt kohti koillista, Porto Santon suuntaan. Merenk\u00e4ynti oli taas aikamoista, olihan tuulta yli 10 m\/s luoteesta ja tuuli yhdistyneen\u00e4 monimetrisiin maininkeihin teki hommasta taas ty\u00f6l\u00e4\u00e4n. Puolentoista tunnin m\u00e4r\u00e4n ajon j\u00e4lkeen aloitettiin ruokinta ja paikalla k\u00e4vi pitk\u00e4\u00e4n vain keltanokka- ja tyrskyliit\u00e4ji\u00e4 kunnes madeirankeiju ilmestyi toviksi paikalle. Viist\u00e4ji\u00e4 n\u00e4htiin t\u00e4n\u00e4\u00e4n nelj\u00e4, joista yksi tuli kuvauset\u00e4isyydelle ja oli kuvien perusteella <strong>kapverdenviist\u00e4j\u00e4<\/strong>. Illan stara oli v\u00e4h\u00e4n ennen auringonlaskua ilmaantunut <strong>etel\u00e4nkeiju<\/strong>, joka pysytteli <em>chumin<\/em> tuntumassa liki puoli tuntia antautuen mukavasti kuvattavaksi. Takaisin satamaan tultiinkin hulppeaa vauhtia my\u00f6t\u00e4aallokossa ja hotellilla olimme klo 23. Taas oli hieno p\u00e4iv\u00e4.<\/p>\n<div id=\"attachment_1340\" style=\"width: 610px\" class=\"wp-caption alignnone\"><img loading=\"lazy\" decoding=\"async\" aria-describedby=\"caption-attachment-1340\" class=\"size-large wp-image-1340\" title=\"etelankeiju_01_Madeira_08_12\" alt=\"\" src=\"https:\/\/jteblogi.sivustamo.dev\/wp-content\/uploads\/2012\/08\/etelankeiju_01_Madeira_08_12-600x400.jpg\" width=\"600\" height=\"400\" srcset=\"https:\/\/jteblogi.sivustamo.dev\/wp-content\/uploads\/2012\/08\/etelankeiju_01_Madeira_08_12-600x400.jpg 600w, https:\/\/jteblogi.sivustamo.dev\/wp-content\/uploads\/2012\/08\/etelankeiju_01_Madeira_08_12-300x200.jpg 300w, https:\/\/jteblogi.sivustamo.dev\/wp-content\/uploads\/2012\/08\/etelankeiju_01_Madeira_08_12.jpg 900w\" sizes=\"auto, (max-width: 600px) 100vw, 600px\" \/><p id=\"caption-attachment-1340\" class=\"wp-caption-text\">ETEL\u00c4NKEIJU VIIHDYTTI MEIT\u00c4 L\u00c4HES PUOLI TUNTIA<\/p><\/div>\n<p>Lauantaina 4.8.2012 palattiin taas maan pinnalle \u2013 meriretket on t\u00e4lt\u00e4 reissulta tehty. Aamiaisen j\u00e4lkeen l\u00e4hdettiin ajelemaan vuorille ja uudelleen Ribeiro Frioon. Matkalla pys\u00e4hdeltiin kuvaamaan kiit\u00e4ji\u00e4 \u2013 parvissa n\u00e4htiin sek\u00e4 madeiran- ett\u00e4 vaaleakiit\u00e4ji\u00e4. P\u00e4iv\u00e4kahvin j\u00e4lkeen k\u00e4veltiin Balcoesin tasanteelle ja n\u00e4htiin mm. 7 madeirankyyhky\u00e4, 8 madeiranhippi\u00e4ist\u00e4 (taas kolmen yksil\u00f6n lentopoikue), punarinta, paikallisia peippoja sek\u00e4 pari hiirihaukkaa. Ribeiro Friossa sy\u00f6tiin my\u00f6h\u00e4inen lounas ja sen j\u00e4lkeen ajeltiin takaisin Funchaliin. Velipoika l\u00e4hti t\u00e4n\u00e4\u00e4n iltap\u00e4iv\u00e4ll\u00e4 kohti Suomea, muut j\u00e4imme viel\u00e4 Madeiran l\u00e4mp\u00f6\u00f6n. Jukka ja Marja kierteliv\u00e4t t\u00e4n\u00e4\u00e4n it\u00e4osassa ja n\u00e4kiv\u00e4t mm. useita kanariankirvisi\u00e4 ja kanarianhemppoja. Illansuussa Funchalin satamassa lenteli ainakin 5 ruusutiiraa. P\u00e4iv\u00e4n p\u00e4\u00e4tteeksi sy\u00f6tiin yhdess\u00e4 erinomaisen maittava illallinen madeiraviineineen.<\/p>\n<div id=\"attachment_1341\" style=\"width: 610px\" class=\"wp-caption alignnone\"><img loading=\"lazy\" decoding=\"async\" aria-describedby=\"caption-attachment-1341\" class=\"size-large wp-image-1341\" title=\"keltanokkaliitaja_01_Madeira_08_12\" alt=\"\" src=\"https:\/\/jteblogi.sivustamo.dev\/wp-content\/uploads\/2012\/08\/keltanokkaliitaja_01_Madeira_08_12-600x300.jpg\" width=\"600\" height=\"300\" srcset=\"https:\/\/jteblogi.sivustamo.dev\/wp-content\/uploads\/2012\/08\/keltanokkaliitaja_01_Madeira_08_12-600x300.jpg 600w, https:\/\/jteblogi.sivustamo.dev\/wp-content\/uploads\/2012\/08\/keltanokkaliitaja_01_Madeira_08_12-300x150.jpg 300w, https:\/\/jteblogi.sivustamo.dev\/wp-content\/uploads\/2012\/08\/keltanokkaliitaja_01_Madeira_08_12.jpg 1200w\" sizes=\"auto, (max-width: 600px) 100vw, 600px\" \/><p id=\"caption-attachment-1341\" class=\"wp-caption-text\">KELTANOKKALIIT\u00c4J\u00c4 ON TYRKYLIIT\u00c4J\u00c4N OHELLA YLEISIN MERILINTU, AINAKIN T\u00c4H\u00c4N VUODENAIKAAN<\/p><\/div>\n<p>Sunnuntaina 5.8.2012 alkoi paluumatkamme takaisin Suomeen. Koska l\u00e4ht\u00f6 on vasta illansuussa niin aamup\u00e4iv\u00e4n kiertelimme Outin kanssa Funchalin keskustaa ja rantabulevardia ja it\u00e4\u00e4n p\u00e4in l\u00e4hdimme ajelemaan vasta iltap\u00e4iv\u00e4ll\u00e4.\u00a0Tuttuun tapaan TAP\u2019in lento Madeiralta Lissaboniin oli taas my\u00f6h\u00e4ss\u00e4, nyt tunnin, mutta onneksi ehdimme Lissabonissa viel\u00e4 Hesaan l\u00e4htev\u00e4lle lennolle. Helsinki-Vantaan kent\u00e4lle laskeuduimme maanantaina 6.8. klo 04.30 aamuy\u00f6ll\u00e4, sitten ajo Turkuun ja perill\u00e4 oltiin klo 07. Hieno matka taas kerran!<\/p>\n<p><strong>Epilogi.<\/strong><\/p>\n<p>Madeiralla ei m\u00e4ss\u00e4ill\u00e4 lintujen tai lintulajien lukum\u00e4\u00e4r\u00e4ll\u00e4. T\u00e4ll\u00e4 viikon matkallamme n\u00e4imme vain 34 lajia, joista noin puolet\u00a0 oli merilintulajeja. Lintupaikkana Madeira tunnetaan kolmesta syyst\u00e4: (i) saari on erinomainen merilintupaikka, (ii) Madeiralla on muutama mielenkiintoinen endeeminen laji ja (iii) kuten muillekin Atlantin saarille niin my\u00f6s Madeiralle harhautuu silloin t\u00e4ll\u00f6in amerikkalaisia lajeja.<\/p>\n<p>Retkemme p\u00e4\u00e4kohde oli merilintujen kuvaaminen. Merimatkat j\u00e4rjesti <strong><a href=\"http:\/\/www.madeirawindbirds.com\/\">Madeira Wind Birds<\/a><\/strong> hienolla tavalla, tekev\u00e4t t\u00e4t\u00e4 kuvaajien iloksi nyt kolmatta vuotta. Veneen\u00e4 on Espanjassa valmistettu <em>Oceanodroma<\/em> \u2013 iso 12 matkustajan kumivene, jonka per\u00e4ss\u00e4 hurisee 2 kpl 200 hevosvoiman per\u00e4moottoreita. Veneen pituus on 11 metri\u00e4 ja vauhtia l\u00f6ytyy yli 40 solmua. N\u00e4iss\u00e4 olosuhteissa harvoin voi kuitenkaan ajaa 20 solmua lujempaa. Koska aallokko on usein (kuten meill\u00e4kin!) varsin isoa ja rajua niin kyyti on helposti m\u00e4rk\u00e4\u00e4. Suolavesi lent\u00e4\u00e4 ja sadevarusteet ovat tarpeen. Ongelmallisinta on kameroiden suojaaminen \u2013 toisaalta ne t\u00e4ytyy saada nopeasti esille, toisaalta nopeasti my\u00f6s kosteussuojaan.\u00a0 Ehdottoman vedenpit\u00e4v\u00e4t suojat tai muovis\u00e4kit yms kelpaavat \u2013 vedenpit\u00e4v\u00e4 \u201dmerimiess\u00e4kki\u201d on my\u00f6s erinomainen. Roiskevesi tosin tahtoo tunkeutua pieniinkin rakosiin. T\u00e4h\u00e4n aikaan vuodesta sandaalit tai tukevapohjaiset lenkkarit (jotka saavat kastua) ovat parhaat jalkineet. P\u00e4\u00e4ss\u00e4 hyvin pysyv\u00e4 lakki on tarpeen auringonporotusta varten. Veneen takaosassa voi h\u00e4t\u00e4tilassa k\u00e4yd\u00e4 pikkutarpeillaan, niin naiset kuin miehetkin. Itse p\u00e4rj\u00e4simme kuitenkin koko joukko ilman t\u00e4t\u00e4 ylellisyytt\u00e4\u2026<\/p>\n<p>L\u00e4hdimme merelle p\u00e4ivitt\u00e4in klo 15 ja takaisin tultiin 7-8 tuntia my\u00f6hemmin. Ajomatka ruokinta-alueelle kesti n. 1,5 tuntia yhteen suuntaan tuulesta riippuen. Pakastettua kalasilppua k\u00e4ytettiin lintujen houkuttimena mutta koska veneemme ajautui tuulessa ja aallokossa aina ruokalastia (\u201d<em>chum<\/em>\u201d) nopeammin niin illan aikana ajettiin kymmenkunta kertaa takaisin vastatuuleen ruoan luo. Kovassa tuulessa ne olivat v\u00e4lill\u00e4 v\u00e4h\u00e4n hankaliakin p\u00e4tki\u00e4 meille matkustajille. Kuvaaminen merell\u00e4 oli varsinaista taiturointia mutta kyll\u00e4 se eri suuntiin keinuvasta veneest\u00e4 kuitenkin jotenkin onnistui. Merisairautta vastaan kannattaa asianmukaisesti varautua sill\u00e4 meid\u00e4nkin joukosta liki p\u00e4ivitt\u00e4in 1-2 oli pitki\u00e4kin aikoja poissa pelist\u00e4 huonovointisuuden takia. Itse en kokenut mink\u00e4\u00e4nlaisia oireita mutta otin merip\u00e4ivien aamuna yhden <em>Postafen<\/em>-pillerin matkapahoinvointiin (saa apteekista ilman resepti\u00e4) ja se ilmeisesti auttoi merkitt\u00e4v\u00e4sti.<\/p>\n<div id=\"attachment_1343\" style=\"width: 343px\" class=\"wp-caption alignnone\"><img loading=\"lazy\" decoding=\"async\" aria-describedby=\"caption-attachment-1343\" class=\"size-large wp-image-1343\" title=\"oceanodroma_02_madeira\" alt=\"\" src=\"https:\/\/jteblogi.sivustamo.dev\/wp-content\/uploads\/2012\/08\/oceanodroma_02_madeira-333x500.jpg\" width=\"333\" height=\"500\" srcset=\"https:\/\/jteblogi.sivustamo.dev\/wp-content\/uploads\/2012\/08\/oceanodroma_02_madeira-333x500.jpg 333w, https:\/\/jteblogi.sivustamo.dev\/wp-content\/uploads\/2012\/08\/oceanodroma_02_madeira-200x300.jpg 200w, https:\/\/jteblogi.sivustamo.dev\/wp-content\/uploads\/2012\/08\/oceanodroma_02_madeira.jpg 600w\" sizes=\"auto, (max-width: 333px) 100vw, 333px\" \/><p id=\"caption-attachment-1343\" class=\"wp-caption-text\">MERIRETKELLE L\u00c4HD\u00d6SS\u00c4<\/p><\/div>\n<p>Viel\u00e4: merilinnut liikkuvat tuulessa parhaiten ja my\u00f6s chumin haju levi\u00e4\u00e4 parhaiten reippaalla tuulella houkutellen lintuja. Siksi retki\u00e4 ei lainkaan tehd\u00e4 jos meri on tyven eli tyven ilma on k\u00e4yt\u00e4nn\u00f6ss\u00e4 ainoa syy miksi retki voidaan perua! Matkaan siis l\u00e4hdet\u00e4\u00e4n kovillakin tuulilla, et\u00e4isyytt\u00e4 Madeiran saaresta vaan lyhennet\u00e4\u00e4n tarpeen mukaan. Kokemuksena t\u00e4llainen merilintujen kuvaaminen oli el\u00e4myksist\u00e4 hienoimpia!<\/p>\n<p>Hotellimme <strong><a href=\"http:\/\/www.penhafranca.com\/\">Quinta da Penha de Franca<\/a><\/strong> oli erinomainen valinta. Mukava ja siisti, hyv\u00e4 ruoka ja palvelu, hinta kohtuullinen ja paikka kodikas puutarhan ymp\u00e4r\u00f6im\u00e4n\u00e4. Oma iso parkkipaikka oli my\u00f6s t\u00e4rke\u00e4 ja erityisesti se, ett\u00e4 sataman ruusutiirat olivat vain 5 min k\u00e4velyn p\u00e4\u00e4ss\u00e4. Uima-altaat ja meress\u00e4 uinnin mahdollisuus olivat niinik\u00e4\u00e4n plussaa.<\/p>\n<p>&nbsp;<\/p>\n","protected":false},"excerpt":{"rendered":"<p>Lauantaina 28.7.2012 alkoi iltap\u00e4iv\u00e4n helteess\u00e4 loma- ja kuvausmatkamme Portugalin Madeiralle. Ensimm\u00e4inen y\u00f6 tosin oltiin lentokent\u00e4ll\u00e4 hotelli Hiltonin tarjoushintaisessa huoneessa sill\u00e4 l\u00e4ht\u00f6 TAP\u2019in (Portugal Airlines) lennolla olisi sunnuntaiaamuna 29.7. klo 05.35. Muutaman tunnin y\u00f6unen j\u00e4lkeen hinauduimme klo 04 j\u00e4lkeen l\u00e4ht\u00f6selvitykseen vain &hellip; <a href=\"https:\/\/jteblogi.sivustamo.dev\/?p=1331\">Lue loppuun <span class=\"meta-nav\">&rarr;<\/span><\/a><\/p>\n","protected":false},"author":3,"featured_media":0,"comment_status":"closed","ping_status":"open","sticky":false,"template":"","format":"standard","meta":{"footnotes":""},"categories":[1,3,6],"tags":[],"class_list":["post-1331","post","type-post","status-publish","format-standard","hentry","category-ajankohtaista-linturetkilta","category-digikuvia-luonnosta","category-matkaraportit"],"_links":{"self":[{"href":"https:\/\/jteblogi.sivustamo.dev\/index.php?rest_route=\/wp\/v2\/posts\/1331","targetHints":{"allow":["GET"]}}],"collection":[{"href":"https:\/\/jteblogi.sivustamo.dev\/index.php?rest_route=\/wp\/v2\/posts"}],"about":[{"href":"https:\/\/jteblogi.sivustamo.dev\/index.php?rest_route=\/wp\/v2\/types\/post"}],"author":[{"embeddable":true,"href":"https:\/\/jteblogi.sivustamo.dev\/index.php?rest_route=\/wp\/v2\/users\/3"}],"replies":[{"embeddable":true,"href":"https:\/\/jteblogi.sivustamo.dev\/index.php?rest_route=%2Fwp%2Fv2%2Fcomments&post=1331"}],"version-history":[{"count":8,"href":"https:\/\/jteblogi.sivustamo.dev\/index.php?rest_route=\/wp\/v2\/posts\/1331\/revisions"}],"predecessor-version":[{"id":1346,"href":"https:\/\/jteblogi.sivustamo.dev\/index.php?rest_route=\/wp\/v2\/posts\/1331\/revisions\/1346"}],"wp:attachment":[{"href":"https:\/\/jteblogi.sivustamo.dev\/index.php?rest_route=%2Fwp%2Fv2%2Fmedia&parent=1331"}],"wp:term":[{"taxonomy":"category","embeddable":true,"href":"https:\/\/jteblogi.sivustamo.dev\/index.php?rest_route=%2Fwp%2Fv2%2Fcategories&post=1331"},{"taxonomy":"post_tag","embeddable":true,"href":"https:\/\/jteblogi.sivustamo.dev\/index.php?rest_route=%2Fwp%2Fv2%2Ftags&post=1331"}],"curies":[{"name":"wp","href":"https:\/\/api.w.org\/{rel}","templated":true}]}}