{"id":1373,"date":"2012-08-26T16:42:37","date_gmt":"2012-08-26T14:42:37","guid":{"rendered":"https:\/\/jteblogi.sivustamo.dev\/?p=1373"},"modified":"2012-08-26T16:42:37","modified_gmt":"2012-08-26T14:42:37","slug":"muuttorintamalla-viela-rauhallista","status":"publish","type":"post","link":"https:\/\/jteblogi.sivustamo.dev\/?p=1373","title":{"rendered":"Muuttorintamalla viel\u00e4 rauhallista"},"content":{"rendered":"<p>Torstaina 23.8.2012 p\u00e4\u00e4stiin taas Outin kanssa l\u00e4htem\u00e4\u00e4n kohti Ut\u00f6t\u00e4. S\u00e4\u00e4 oli pilvinen ja sadekuurojakin saatiin pitkin p\u00e4iv\u00e4\u00e4 mutta pahasti ei osunut kohdalle kertaakaan. Nauvossa k\u00e4ytiin kaupassa ja kahviteltiin, m\/s Eivorille kertyi kohtalaisesti porukkaa \u2013 mm. ainakin 15 henke\u00e4 Jurmoon lintuja katsomaan Helstolan ja Raisa Tannerin johdolla. Ut\u00f6seen ei meid\u00e4n lis\u00e4ksi tullut lintuv\u00e4ke\u00e4 mutta saaressa oli paikalla J\u00e4rvisen Mikko ja Anu. Matkalla n\u00e4htiin mm. ampuhaukka, 2 kalas\u00e4\u00e4ske\u00e4, 2 tuulihaukkaa ja merikihu. Ut\u00f6ss\u00e4 tehtiin illansuussa kierros saaren it\u00e4osassa ja havaittiin mm. tundrakurmitsa, isosirri, mustaviklo, 7 valkovikloa, 2 t\u00f6yht\u00f6hyypp\u00e4\u00e4, hein\u00e4tavinaaras (l\u00f6ytynyt aamulla), k\u00e4ki, ampuhaukka, 3 tuulihaukkaa ja 3 varpushaukkaa. Aiemmin p\u00e4iv\u00e4ll\u00e4 oli n\u00e4hty mm. kirjokerttu ja nokkavarpunen.<\/p>\n<div id=\"attachment_1374\" style=\"width: 610px\" class=\"wp-caption alignnone\"><img loading=\"lazy\" decoding=\"async\" aria-describedby=\"caption-attachment-1374\" class=\"size-large wp-image-1374\" title=\"ampuhaukka_02_Korppoo_08_12\" src=\"https:\/\/jteblogi.sivustamo.dev\/wp-content\/uploads\/2012\/08\/ampuhaukka_02_Korppoo_08_12-600x400.jpg\" alt=\"\" width=\"600\" height=\"400\" srcset=\"https:\/\/jteblogi.sivustamo.dev\/wp-content\/uploads\/2012\/08\/ampuhaukka_02_Korppoo_08_12-600x400.jpg 600w, https:\/\/jteblogi.sivustamo.dev\/wp-content\/uploads\/2012\/08\/ampuhaukka_02_Korppoo_08_12-300x200.jpg 300w, https:\/\/jteblogi.sivustamo.dev\/wp-content\/uploads\/2012\/08\/ampuhaukka_02_Korppoo_08_12.jpg 900w\" sizes=\"auto, (max-width: 600px) 100vw, 600px\" \/><p id=\"caption-attachment-1374\" class=\"wp-caption-text\">NUORI AMPUHAUKKA VIILETTI IT\u00c4NIITYLL\u00c4<\/p><\/div>\n<p>Perjantaina 24.8.2012 oli kaunis kes\u00e4p\u00e4iv\u00e4 paitsi ett\u00e4 aamulla satoi runsaan tunnin. Tuuli oli heikko ja l\u00e4mp\u00f6\u00e4 oli parikymment\u00e4 astetta \u2013 ja Ut\u00f6ss\u00e4kin hyttysi\u00e4! Staijattiin aamulla Mikon kanssa pari tuntia, muuten saarikomppausta ja illalla kierrettiin Outin kanssa veneell\u00e4 Kobbanien ymp\u00e4ri. Kahlaajia havaittiin t\u00e4n\u00e4\u00e4n 5 pikkukuovia, tundrakurmitsa, 11 suokukkoa, 3 meriharakkaa, 4 isosirri\u00e4, 3 tylli\u00e4, 2 punajalkavikloa, 3 mustavikloa, 13 valkovikloa, 4 liroa ja 2 t\u00f6yht\u00f6hyypp\u00e4\u00e4. Tuulihaukkoja py\u00f6ri saaressa ainakin 6 ja varpushaukkoja muutti 28. Lis\u00e4ksi n\u00e4htiin mm. harmaahaikara, hein\u00e4tavi, t\u00f6rm\u00e4p\u00e4\u00e4sky, kultarinta, 2 siritt\u00e4j\u00e4\u00e4, punavarpunen, 5 pensastaskua ja 57 keltav\u00e4st\u00e4r\u00e4kki\u00e4. Kettuja n\u00e4htiin t\u00e4n\u00e4\u00e4n p\u00e4\u00e4saarella per\u00e4ti 4 kpl.<\/p>\n<div id=\"attachment_1375\" style=\"width: 610px\" class=\"wp-caption alignnone\"><img loading=\"lazy\" decoding=\"async\" aria-describedby=\"caption-attachment-1375\" class=\"size-large wp-image-1375\" title=\"merimetso_25_Korppoo_08_12\" src=\"https:\/\/jteblogi.sivustamo.dev\/wp-content\/uploads\/2012\/08\/merimetso_25_Korppoo_08_12-600x400.jpg\" alt=\"\" width=\"600\" height=\"400\" srcset=\"https:\/\/jteblogi.sivustamo.dev\/wp-content\/uploads\/2012\/08\/merimetso_25_Korppoo_08_12-600x400.jpg 600w, https:\/\/jteblogi.sivustamo.dev\/wp-content\/uploads\/2012\/08\/merimetso_25_Korppoo_08_12-300x200.jpg 300w, https:\/\/jteblogi.sivustamo.dev\/wp-content\/uploads\/2012\/08\/merimetso_25_Korppoo_08_12.jpg 900w\" sizes=\"auto, (max-width: 600px) 100vw, 600px\" \/><p id=\"caption-attachment-1375\" class=\"wp-caption-text\">PILVIMUODOSTELMAT KEHYSTIV\u00c4T LOPPUKES\u00c4N MERIMETSOPARVIA<\/p><\/div>\n<p>Lauantai 25.8.2012 oli j\u00e4lleen p\u00e4\u00e4osin aurinkoinen, muutama sadekuuro aamup\u00e4iv\u00e4ll\u00e4, ja l\u00e4mminkin. Tuuli heikko. Lintuja oli melko niukasti liikkeell\u00e4, mm. 3 isokuovia, pikkukuovi, 22 suokukkoa, 7 valkovikloa, liro, t\u00f6yht\u00f6hyypp\u00e4, 2 tylli\u00e4 ja mainittavimpana it\u00e4rannalla viiden suokukon kanssa py\u00f6r\u00e4ht\u00e4nyt <strong>pulmussirri<\/strong>. Kaukainen lentokuvakin tuli r\u00e4ps\u00e4isty\u00e4 t\u00e4st\u00e4 Ut\u00f6ss\u00e4 harvinaisesta sirrist\u00e4. Varpushaukkoja n\u00e4htiin 12, tuulihaukkoja 7 (yht\u00e4 aikaa), kuikka, 19 mustalintua, 6 pilkkasiipe\u00e4, 2 merikihua, 2 k\u00e4ke\u00e4 ja 49 keltav\u00e4st\u00e4r\u00e4kki\u00e4. Illalla ajeltiin s\/y Taivaanvuohella Ormsk\u00e4rin ymp\u00e4ri ja k\u00e4ytiin majakalla katsomassa muinaistulia. J\u00e4rvisen Mikko ja Anu l\u00e4htiv\u00e4t aamulla mantereelle ja Mia R\u00f6nk\u00e4 perheineen tuli illansuussa saareen, linturetkelle ja lomalle.<\/p>\n<div id=\"attachment_1376\" style=\"width: 610px\" class=\"wp-caption alignnone\"><img loading=\"lazy\" decoding=\"async\" aria-describedby=\"caption-attachment-1376\" class=\"size-large wp-image-1376\" title=\"tundrakurmitsa_25_Korppoo_08_12\" src=\"https:\/\/jteblogi.sivustamo.dev\/wp-content\/uploads\/2012\/08\/tundrakurmitsa_25_Korppoo_08_12-600x300.jpg\" alt=\"\" width=\"600\" height=\"300\" srcset=\"https:\/\/jteblogi.sivustamo.dev\/wp-content\/uploads\/2012\/08\/tundrakurmitsa_25_Korppoo_08_12-600x300.jpg 600w, https:\/\/jteblogi.sivustamo.dev\/wp-content\/uploads\/2012\/08\/tundrakurmitsa_25_Korppoo_08_12-300x150.jpg 300w, https:\/\/jteblogi.sivustamo.dev\/wp-content\/uploads\/2012\/08\/tundrakurmitsa_25_Korppoo_08_12.jpg 1200w\" sizes=\"auto, (max-width: 600px) 100vw, 600px\" \/><p id=\"caption-attachment-1376\" class=\"wp-caption-text\">TUNDRAKURMITSA VIIHTYI PARINA P\u00c4IV\u00c4N\u00c4 IT\u00c4RANNALLA<\/p><\/div>\n<div id=\"attachment_1377\" style=\"width: 610px\" class=\"wp-caption alignnone\"><img loading=\"lazy\" decoding=\"async\" aria-describedby=\"caption-attachment-1377\" class=\"size-large wp-image-1377\" title=\"pulmussirri_01_Korppoo_08_12\" src=\"https:\/\/jteblogi.sivustamo.dev\/wp-content\/uploads\/2012\/08\/pulmussirri_01_Korppoo_08_12-600x300.jpg\" alt=\"\" width=\"600\" height=\"300\" srcset=\"https:\/\/jteblogi.sivustamo.dev\/wp-content\/uploads\/2012\/08\/pulmussirri_01_Korppoo_08_12-600x300.jpg 600w, https:\/\/jteblogi.sivustamo.dev\/wp-content\/uploads\/2012\/08\/pulmussirri_01_Korppoo_08_12-300x150.jpg 300w, https:\/\/jteblogi.sivustamo.dev\/wp-content\/uploads\/2012\/08\/pulmussirri_01_Korppoo_08_12.jpg 900w\" sizes=\"auto, (max-width: 600px) 100vw, 600px\" \/><p id=\"caption-attachment-1377\" class=\"wp-caption-text\">DOKUMENTTITASON KUVA KAUKAA PULMUSSIRRIST\u00c4 (2. VAS) SUOKUKKOPARVESSA<\/p><\/div>\n<p>Sunnuntaina 26.8.2012 piti l\u00e4hte\u00e4 mantereelle t\u00f6ihin, matkattiin taas m\/s Asp\u00f6ll\u00e4 klo 13 alkaen. Aamustaiji n. 1,5 tuntia mutta edelleen hiljaista, ei tehty edes saarikierrosta koska oli vieraita k\u00e4ym\u00e4ss\u00e4. Ennen l\u00e4ht\u00f6\u00e4 n\u00e4htiin mm. 2 kuikkaa, 12 mustalintua, harmaahaikara ja 3 tuulihaukkaa. Matkalla ei ihmeempi\u00e4 havaintoja, Turussa oltiin jo klo 17.<\/p>\n<div id=\"attachment_1378\" style=\"width: 610px\" class=\"wp-caption alignnone\"><img loading=\"lazy\" decoding=\"async\" aria-describedby=\"caption-attachment-1378\" class=\"size-large wp-image-1378\" title=\"matarakiitaja_02_Korppoo_08_12\" src=\"https:\/\/jteblogi.sivustamo.dev\/wp-content\/uploads\/2012\/08\/matarakiitaja_02_Korppoo_08_12-600x400.jpg\" alt=\"\" width=\"600\" height=\"400\" srcset=\"https:\/\/jteblogi.sivustamo.dev\/wp-content\/uploads\/2012\/08\/matarakiitaja_02_Korppoo_08_12-600x400.jpg 600w, https:\/\/jteblogi.sivustamo.dev\/wp-content\/uploads\/2012\/08\/matarakiitaja_02_Korppoo_08_12-300x200.jpg 300w, https:\/\/jteblogi.sivustamo.dev\/wp-content\/uploads\/2012\/08\/matarakiitaja_02_Korppoo_08_12.jpg 900w\" sizes=\"auto, (max-width: 600px) 100vw, 600px\" \/><p id=\"caption-attachment-1378\" class=\"wp-caption-text\">MATARAKIIT\u00c4J\u00c4 VIERAILI PIHAMME SUOPAYRTEISS\u00c4<\/p><\/div>\n","protected":false},"excerpt":{"rendered":"<p>Torstaina 23.8.2012 p\u00e4\u00e4stiin taas Outin kanssa l\u00e4htem\u00e4\u00e4n kohti Ut\u00f6t\u00e4. S\u00e4\u00e4 oli pilvinen ja sadekuurojakin saatiin pitkin p\u00e4iv\u00e4\u00e4 mutta pahasti ei osunut kohdalle kertaakaan. Nauvossa k\u00e4ytiin kaupassa ja kahviteltiin, m\/s Eivorille kertyi kohtalaisesti porukkaa \u2013 mm. ainakin 15 henke\u00e4 Jurmoon lintuja &hellip; <a href=\"https:\/\/jteblogi.sivustamo.dev\/?p=1373\">Lue loppuun <span class=\"meta-nav\">&rarr;<\/span><\/a><\/p>\n","protected":false},"author":3,"featured_media":0,"comment_status":"closed","ping_status":"open","sticky":false,"template":"","format":"standard","meta":{"footnotes":""},"categories":[1,3],"tags":[],"class_list":["post-1373","post","type-post","status-publish","format-standard","hentry","category-ajankohtaista-linturetkilta","category-digikuvia-luonnosta"],"_links":{"self":[{"href":"https:\/\/jteblogi.sivustamo.dev\/index.php?rest_route=\/wp\/v2\/posts\/1373","targetHints":{"allow":["GET"]}}],"collection":[{"href":"https:\/\/jteblogi.sivustamo.dev\/index.php?rest_route=\/wp\/v2\/posts"}],"about":[{"href":"https:\/\/jteblogi.sivustamo.dev\/index.php?rest_route=\/wp\/v2\/types\/post"}],"author":[{"embeddable":true,"href":"https:\/\/jteblogi.sivustamo.dev\/index.php?rest_route=\/wp\/v2\/users\/3"}],"replies":[{"embeddable":true,"href":"https:\/\/jteblogi.sivustamo.dev\/index.php?rest_route=%2Fwp%2Fv2%2Fcomments&post=1373"}],"version-history":[{"count":1,"href":"https:\/\/jteblogi.sivustamo.dev\/index.php?rest_route=\/wp\/v2\/posts\/1373\/revisions"}],"predecessor-version":[{"id":1379,"href":"https:\/\/jteblogi.sivustamo.dev\/index.php?rest_route=\/wp\/v2\/posts\/1373\/revisions\/1379"}],"wp:attachment":[{"href":"https:\/\/jteblogi.sivustamo.dev\/index.php?rest_route=%2Fwp%2Fv2%2Fmedia&parent=1373"}],"wp:term":[{"taxonomy":"category","embeddable":true,"href":"https:\/\/jteblogi.sivustamo.dev\/index.php?rest_route=%2Fwp%2Fv2%2Fcategories&post=1373"},{"taxonomy":"post_tag","embeddable":true,"href":"https:\/\/jteblogi.sivustamo.dev\/index.php?rest_route=%2Fwp%2Fv2%2Ftags&post=1373"}],"curies":[{"name":"wp","href":"https:\/\/api.w.org\/{rel}","templated":true}]}}