{"id":1460,"date":"2012-09-30T17:03:29","date_gmt":"2012-09-30T15:03:29","guid":{"rendered":"https:\/\/jteblogi.sivustamo.dev\/?p=1460"},"modified":"2012-09-30T17:03:29","modified_gmt":"2012-09-30T15:03:29","slug":"isokirvisia-ja-suopolloja","status":"publish","type":"post","link":"https:\/\/jteblogi.sivustamo.dev\/?p=1460","title":{"rendered":"Isokirvisi\u00e4 ja suop\u00f6ll\u00f6j\u00e4"},"content":{"rendered":"<p>Perjantaina 28.9.2012 n\u00e4kyv\u00e4 muutto oli aika lailla hiipunut ja hysytkin (=hy\u00f6nteissy\u00f6j\u00e4t) v\u00e4hentyneet mutta silti oli ihan hyv\u00e4 lintup\u00e4iv\u00e4. Staijatiin vain tunti, muuten kiertely\u00e4 sadekuurojen lomassa. Tuuli heikohko lounaasta, illalla v\u00e4h\u00e4n voimistui. Muuttavana n\u00e4htiin mm. <em>Gavia sp<\/em>, 3 sepelhanhea, 93 <em>Anseria<\/em>, 35 <em>A\/B<\/em>:t\u00e4, 20 haapanaa ja 5 mustalintua sek\u00e4 petolintuja 2 tuulihaukkaa, 2 nuolihaukkaa, taas per\u00e4ti <strong>3 muuttohaukkaa<\/strong> (1ad,2 juv), 3 sinisuohaukkaa ja 26 varpushaukkaa. Kahlaajia oli niukasti eli taivaanvuohi, tylli, tundrakurmitsa ja 5 kapustarintaa. Lis\u00e4ksi n\u00e4htiin mm. harmaahaikara , isolepink\u00e4inen ja <strong>harjalintu<\/strong> oleskeli edelleen koko p\u00e4iv\u00e4n saaressa \u2013 nyt mm. kappelilla ja hautausmaan nurkilla.<\/p>\n<div id=\"attachment_1461\" style=\"width: 610px\" class=\"wp-caption alignnone\"><img loading=\"lazy\" decoding=\"async\" aria-describedby=\"caption-attachment-1461\" class=\"size-large wp-image-1461\" title=\"puukiipija_01_Korppoo_09_12\" src=\"https:\/\/jteblogi.sivustamo.dev\/wp-content\/uploads\/2012\/09\/puukiipija_01_Korppoo_09_12-600x450.jpg\" alt=\"\" width=\"600\" height=\"450\" srcset=\"https:\/\/jteblogi.sivustamo.dev\/wp-content\/uploads\/2012\/09\/puukiipija_01_Korppoo_09_12-600x450.jpg 600w, https:\/\/jteblogi.sivustamo.dev\/wp-content\/uploads\/2012\/09\/puukiipija_01_Korppoo_09_12-300x225.jpg 300w, https:\/\/jteblogi.sivustamo.dev\/wp-content\/uploads\/2012\/09\/puukiipija_01_Korppoo_09_12.jpg 1200w\" sizes=\"auto, (max-width: 600px) 100vw, 600px\" \/><p id=\"caption-attachment-1461\" class=\"wp-caption-text\">PUUKIIPIJ\u00d6IT\u00c4 ON ILMAANTUNUT RUNSAASTI SAAREEN<\/p><\/div>\n<p>Pikkulintuja oli melko monipuolisesti vaikka m\u00e4\u00e4r\u00e4t olivat eilist\u00e4 pienempi\u00e4. Mainittavia mm. viel\u00e4 9 r\u00e4yst\u00e4sp\u00e4\u00e4sky\u00e4, 35 haarap\u00e4\u00e4sky\u00e4, 4 hernekerttua, pensaskerttu, 3 mustap\u00e4\u00e4kerttua, 8 lepp\u00e4lintua, pikkusieppo, 5 harmaasieppoa, 16 peukaloista,\u00a0 50 punarintaa, 20 rautiaista, 120 hippi\u00e4ist\u00e4, 12 puukiipij\u00e4\u00e4, luotokirvinen, keltav\u00e4st\u00e4r\u00e4kki, sinirinta, 3 kangaskiurua, 3 pensastaskua, kivitasku, lapinsirkku, 14 urpiaista, talitiainen ja 2 kuusitiaista. Aamulla l\u00f6ytyi hautausmaan luota syksyn toinen <strong>isokirvinen<\/strong>, joka pysytteli it\u00e4niityn alueella koko p\u00e4iv\u00e4n vilkkaasti \u00e4\u00e4nnellen. Jokunen lentokuvakin tuli napattua niukahkoissa valoissa. Tittosen Jouni l\u00e4hti aamulla mantereelle ja illalla saareen saapuivat mm. Saarnion Japi, Erkki Lehtovirta, Christer Casagrande, Jaakko Hynninen ja Istvan Kecskem\u00e9ti sek\u00e4 Heidi Tammero.<\/p>\n<div id=\"attachment_1462\" style=\"width: 610px\" class=\"wp-caption alignnone\"><img loading=\"lazy\" decoding=\"async\" aria-describedby=\"caption-attachment-1462\" class=\"size-large wp-image-1462\" title=\"isokirvinen_25_Korppoo_09_12\" src=\"https:\/\/jteblogi.sivustamo.dev\/wp-content\/uploads\/2012\/09\/isokirvinen_25_Korppoo_09_12-600x300.jpg\" alt=\"\" width=\"600\" height=\"300\" srcset=\"https:\/\/jteblogi.sivustamo.dev\/wp-content\/uploads\/2012\/09\/isokirvinen_25_Korppoo_09_12-600x300.jpg 600w, https:\/\/jteblogi.sivustamo.dev\/wp-content\/uploads\/2012\/09\/isokirvinen_25_Korppoo_09_12-300x150.jpg 300w, https:\/\/jteblogi.sivustamo.dev\/wp-content\/uploads\/2012\/09\/isokirvinen_25_Korppoo_09_12.jpg 1200w\" sizes=\"auto, (max-width: 600px) 100vw, 600px\" \/><p id=\"caption-attachment-1462\" class=\"wp-caption-text\">ISOKIRVINEN LENTELEE \u00d6STER\u00c4NGILL\u00c4<\/p><\/div>\n<p>Lauantai 29.9.2012 oli kaunis syysp\u00e4iv\u00e4 \u2013 tuuli lounaasta 4-7 m\/s, pilvipoutaa ja l\u00e4mp\u00f6\u00e4 13 astetta. V\u00e4h\u00e4n staijausta ja enemm\u00e4n kiertely\u00e4 ja jotain toki l\u00f6ytyikin. Muuttavana n\u00e4htiin mm. 23 kuikkaa, 89 <em>Gaviaa<\/em>, 60 mustalintua, 50 <em>A\/B<\/em>:t\u00e4, 3 pikkulokkia ja petolinnuista 16 varpushaukkaa, sinisuohaukka, 2 tuulihaukkaa ja ad-<strong>muuttohaukka<\/strong>. Kahlaajia havaittiin tundrakurmitsa, 2 taivaanvuohta ja syksyn eka j\u00e4nk\u00e4kurppa. Pikkulinnuista mainittakoon isolepink\u00e4inen, 16 peukaloista, 5 harmaasieppoa, 6 pikkusieppoa, 5 lepp\u00e4lintua, 2 hernekerttua, 3 mustap\u00e4\u00e4kerttua, pensaskerttu, lehtokerttu, 12 puukiipij\u00e4\u00e4, 3 kangaskiurua, 3 pensastaskua, 16 urpiaista, tali- ja kuusitiainen, 100 hippi\u00e4ist\u00e4 ja keltav\u00e4st\u00e4r\u00e4kki.\u00a0 <strong>Harjalintu<\/strong> oleskeli edelleen koko p\u00e4iv\u00e4n saaressa ja it\u00e4niitylt\u00e4 Japi l\u00f6ysi <strong>isokirvisen<\/strong>, josta ottamieni kuvien perusteella kyseess\u00e4 on aivan ilmeisesti eri yksil\u00f6 kuin eilen. It\u00e4niitylt\u00e4 l\u00e4hti my\u00f6s <strong>2 suop\u00f6ll\u00f6\u00e4<\/strong>, joista toinen oli erinomaisen kuvauksellinen\u2026 Illansuussa saareen saapuivat J\u00e4rvisen Mikko ja Anu, aamulla mantereelle l\u00e4htiv\u00e4t Lumiarot. Mainittakoon, ett\u00e4 t\u00e4n\u00e4\u00e4n n\u00e4kyi viel\u00e4 pari amiraalia sek\u00e4 <strong>isonokkosperhonen<\/strong>, josta Jarmo T nappasi kuvankin.<\/p>\n<div id=\"attachment_1463\" style=\"width: 610px\" class=\"wp-caption alignnone\"><img loading=\"lazy\" decoding=\"async\" aria-describedby=\"caption-attachment-1463\" class=\"size-large wp-image-1463\" title=\"suopollo_17_Korppoo_09_12\" src=\"https:\/\/jteblogi.sivustamo.dev\/wp-content\/uploads\/2012\/09\/suopollo_17_Korppoo_09_12-600x400.jpg\" alt=\"\" width=\"600\" height=\"400\" srcset=\"https:\/\/jteblogi.sivustamo.dev\/wp-content\/uploads\/2012\/09\/suopollo_17_Korppoo_09_12-600x400.jpg 600w, https:\/\/jteblogi.sivustamo.dev\/wp-content\/uploads\/2012\/09\/suopollo_17_Korppoo_09_12-300x200.jpg 300w, https:\/\/jteblogi.sivustamo.dev\/wp-content\/uploads\/2012\/09\/suopollo_17_Korppoo_09_12.jpg 900w\" sizes=\"auto, (max-width: 600px) 100vw, 600px\" \/><p id=\"caption-attachment-1463\" class=\"wp-caption-text\">SUOP\u00d6LL\u00d6 YRITTI LASKEUTUA RISTILLE HAUTAUSMAAN LUONA<\/p><\/div>\n<p>Sunnuntaina 30.9.2012 oli l\u00e4hdett\u00e4v\u00e4 mantereelle muutamaksi p\u00e4iv\u00e4ksi. Aamu oli pilvinen, tuuli l\u00e4nnest\u00e4 9 m\/s ja l\u00e4mp\u00f6\u00e4 n. 10 astetta. Ennen laivan l\u00e4ht\u00f6\u00e4 kevytt\u00e4 retkeily\u00e4, n\u00e4kyi mm. 5 <em>Gaviaa<\/em>, 22 varpushaukkaa, ampuhaukka, 1kv <strong>muuttohaukka<\/strong> (kyl\u00e4n yli), 3 harmaasieppoa, 2 mustap\u00e4\u00e4kerttua ja 2 pikkusieppoa. Mantereelle l\u00e4hti lintuharrastajista lis\u00e4kseni Tammeron Heidi sek\u00e4 Tommi Laurinsalo parin kaverinsa kanssa. Turussa olin klo 17.30.<\/p>\n<div id=\"attachment_1464\" style=\"width: 610px\" class=\"wp-caption alignnone\"><img loading=\"lazy\" decoding=\"async\" aria-describedby=\"caption-attachment-1464\" class=\"size-large wp-image-1464\" title=\"kuikka_01_Korppoo_09_12\" src=\"https:\/\/jteblogi.sivustamo.dev\/wp-content\/uploads\/2012\/09\/kuikka_01_Korppoo_09_12-600x400.jpg\" alt=\"\" width=\"600\" height=\"400\" srcset=\"https:\/\/jteblogi.sivustamo.dev\/wp-content\/uploads\/2012\/09\/kuikka_01_Korppoo_09_12-600x400.jpg 600w, https:\/\/jteblogi.sivustamo.dev\/wp-content\/uploads\/2012\/09\/kuikka_01_Korppoo_09_12-300x200.jpg 300w, https:\/\/jteblogi.sivustamo.dev\/wp-content\/uploads\/2012\/09\/kuikka_01_Korppoo_09_12.jpg 1200w\" sizes=\"auto, (max-width: 600px) 100vw, 600px\" \/><p id=\"caption-attachment-1464\" class=\"wp-caption-text\">KUIKKAPARVI AURINGONNOUSUN AIKAAN<\/p><\/div>\n<p>&nbsp;<\/p>\n","protected":false},"excerpt":{"rendered":"<p>Perjantaina 28.9.2012 n\u00e4kyv\u00e4 muutto oli aika lailla hiipunut ja hysytkin (=hy\u00f6nteissy\u00f6j\u00e4t) v\u00e4hentyneet mutta silti oli ihan hyv\u00e4 lintup\u00e4iv\u00e4. Staijatiin vain tunti, muuten kiertely\u00e4 sadekuurojen lomassa. Tuuli heikohko lounaasta, illalla v\u00e4h\u00e4n voimistui. Muuttavana n\u00e4htiin mm. Gavia sp, 3 sepelhanhea, 93 Anseria, &hellip; <a href=\"https:\/\/jteblogi.sivustamo.dev\/?p=1460\">Lue loppuun <span class=\"meta-nav\">&rarr;<\/span><\/a><\/p>\n","protected":false},"author":3,"featured_media":0,"comment_status":"closed","ping_status":"open","sticky":false,"template":"","format":"standard","meta":{"footnotes":""},"categories":[1,3],"tags":[],"class_list":["post-1460","post","type-post","status-publish","format-standard","hentry","category-ajankohtaista-linturetkilta","category-digikuvia-luonnosta"],"_links":{"self":[{"href":"https:\/\/jteblogi.sivustamo.dev\/index.php?rest_route=\/wp\/v2\/posts\/1460","targetHints":{"allow":["GET"]}}],"collection":[{"href":"https:\/\/jteblogi.sivustamo.dev\/index.php?rest_route=\/wp\/v2\/posts"}],"about":[{"href":"https:\/\/jteblogi.sivustamo.dev\/index.php?rest_route=\/wp\/v2\/types\/post"}],"author":[{"embeddable":true,"href":"https:\/\/jteblogi.sivustamo.dev\/index.php?rest_route=\/wp\/v2\/users\/3"}],"replies":[{"embeddable":true,"href":"https:\/\/jteblogi.sivustamo.dev\/index.php?rest_route=%2Fwp%2Fv2%2Fcomments&post=1460"}],"version-history":[{"count":1,"href":"https:\/\/jteblogi.sivustamo.dev\/index.php?rest_route=\/wp\/v2\/posts\/1460\/revisions"}],"predecessor-version":[{"id":1465,"href":"https:\/\/jteblogi.sivustamo.dev\/index.php?rest_route=\/wp\/v2\/posts\/1460\/revisions\/1465"}],"wp:attachment":[{"href":"https:\/\/jteblogi.sivustamo.dev\/index.php?rest_route=%2Fwp%2Fv2%2Fmedia&parent=1460"}],"wp:term":[{"taxonomy":"category","embeddable":true,"href":"https:\/\/jteblogi.sivustamo.dev\/index.php?rest_route=%2Fwp%2Fv2%2Fcategories&post=1460"},{"taxonomy":"post_tag","embeddable":true,"href":"https:\/\/jteblogi.sivustamo.dev\/index.php?rest_route=%2Fwp%2Fv2%2Ftags&post=1460"}],"curies":[{"name":"wp","href":"https:\/\/api.w.org\/{rel}","templated":true}]}}