{"id":281,"date":"2009-06-30T15:44:38","date_gmt":"2009-06-30T13:44:38","guid":{"rendered":"https:\/\/jteblogi.sivustamo.dev\/?p=281"},"modified":"2013-03-19T12:31:39","modified_gmt":"2013-03-19T10:31:39","slug":"turistina-ita-suomessa-ja-kotiin-turkuun","status":"publish","type":"post","link":"https:\/\/jteblogi.sivustamo.dev\/?p=281","title":{"rendered":"Turistina It\u00e4-Suomessa ja kotiin Turkuun"},"content":{"rendered":"<p>Sunnuntai 28.6.2009 oli j\u00e4lleen matkap\u00e4iv\u00e4 mutta t\u00e4h\u00e4n p\u00e4iv\u00e4\u00e4n rytmitimme mukavasti erilaista ohjelmaa. Aluksi matkasimme Taivalkoskella sijaitsevalle rotkoj\u00e4rvelle, Julma-\u00d6lkkyyn, johon tutustuimme puolen tunnin venekyydill\u00e4. Hieno paikka jossa er\u00e4maan meininki\u00e4!<\/p>\n<p><img decoding=\"async\" alt=\"julma\" src=\"http:\/\/www.jtenovuo.com\/retkikuvat\/julma.jpg\" \/><\/p>\n<p>Jatkoimme seuraavaksi Hossan luonnonpuistoon, jossa kuitenkin tutustuimme l\u00e4hinn\u00e4 vain luontokeskukseen kunnes jatkoimme 6-tiet\u00e4 alas Suomussalmelle ihastelemaan Reijo Kelan mykist\u00e4v\u00e4\u00e4 tilataideteosta &#8221;\u009dHiljainen kansa&#8221;\u009d. L\u00e4hes tuhat ihmishahmoa olkitukkineen pellolla puettuna vaatekirjoon, joka teki v\u00e4rien leikin iloisen kes\u00e4iseksi. Ei ihme, ett\u00e4 teos on her\u00e4tt\u00e4nyt laajaa ihastusta.<\/p>\n<p><img decoding=\"async\" alt=\"kansa\" src=\"http:\/\/www.jtenovuo.com\/retkikuvat\/kansa.jpg\" \/><\/p>\n<p>Suomussalmelta ajoimme Nurmekseen, jossa tutustuttiin Bomban taloon, hieno sekin, ja sielt\u00e4 jatkettiin iltap\u00e4iv\u00e4ll\u00e4 Kolille valokuvaamaan suomalaista j\u00e4rvimaisemaa kauneimmillaan &#8211; Pielinen oli l\u00e4hes tyven. Ukkonen jyrisi l\u00e4hist\u00f6ll\u00e4 mutta me pysyimme koko ajan kuivana. Ajettiin illaksi V\u00e4rtsil\u00e4\u00e4n, jossa y\u00f6vyttiin v\u00e4h\u00e4n jo nuhjuisessa &#8221;Sinilinnussa&#8221;\u009d. Illalla tehtiin viel\u00e4 pieni y\u00f6laulajakierros mutta tuulisena iltana kuulimme vain 3 <strong>ruisr\u00e4\u00e4kk\u00e4\u00e4 <\/strong>ja 2 <strong>viitakerttusta<\/strong>. T\u00e4n\u00e4\u00e4n ei syntynyt yht\u00e4\u00e4n lintukuvaa!<\/p>\n<p><img decoding=\"async\" alt=\"koli\" src=\"http:\/\/www.jtenovuo.com\/retkikuvat\/koli.jpg\" \/><\/p>\n<p>Maanantai 29.6.2009 oli lomareissumme viimeinen p\u00e4iv\u00e4, palasimme helteiseen Turkuun klo 23.30. Aamulla k\u00e4vimme V\u00e4rtsil\u00e4n Hopeakallion lintutorniin tutustumassa, lintuja tosin oli nyt niukasti &#8211; valkoviklo ja liro mainittavia. Jatkoimme Parikkalan Siikalahdelle, jossa runsaan tunnin k\u00e4vely tuotti ruskosuohaukan, hiirihaukan, kalas\u00e4\u00e4sken, <strong>kaulushaikaran<\/strong>, laulujoutsenen, kurjen, h\u00e4rk\u00e4linnun ja pari mustakurkku-uikkua. Huono aika toki vierailla lahdella. Siirryimme taas tavalliselle turistilinjalle ja ajelimme Punkaharjulle Retrettiin katsomaan Edelfelt-n\u00e4yttely\u00e4 (v\u00e4h\u00e4n vaisusti t\u00f6it\u00e4 esill\u00e4 eli pieni pettymys) ja sielt\u00e4 edelleen Savonlinnaan k\u00e4velylle, tori ja Olavinlinna tietysti.<\/p>\n<p><img decoding=\"async\" alt=\"olavi\" src=\"http:\/\/www.jtenovuo.com\/retkikuvat\/olavi.jpg\" \/><\/p>\n<p>Jatkettiin viel\u00e4 Kerim\u00e4elle puukirkkoa ihmettelem\u00e4\u00e4n ja sielt\u00e4 suuntasimmekin puolipilvisess\u00e4 keliss\u00e4 kohti Turkua hienon lomamatkamme p\u00e4\u00e4tteeksi. Matkalla n\u00e4htiin mm. 2 hiirihaukkaa, mehil\u00e4ishaukka ja varpushaukka. Matkap\u00e4ivi\u00e4 kertyi 11, kilometrej\u00e4 autoon 3672 mutta &#8221;\u009dekologinen jalanj\u00e4lkemme&#8221;\u009d ei nyt kuitenkaan ollut ihan hirmuinen koska dieseli\u00e4 kului keskim\u00e4\u00e4rin 4.3 litraa\/100 km. Joka sentin arvoinen matka meid\u00e4n mielest\u00e4!<\/p>\n","protected":false},"excerpt":{"rendered":"<p>Sunnuntai 28.6.2009 oli j\u00e4lleen matkap\u00e4iv\u00e4 mutta t\u00e4h\u00e4n p\u00e4iv\u00e4\u00e4n rytmitimme mukavasti erilaista ohjelmaa. Aluksi matkasimme Taivalkoskella sijaitsevalle rotkoj\u00e4rvelle, Julma-\u00d6lkkyyn, johon tutustuimme puolen tunnin venekyydill\u00e4. Hieno paikka jossa er\u00e4maan meininki\u00e4! Jatkoimme seuraavaksi Hossan luonnonpuistoon, jossa kuitenkin tutustuimme l\u00e4hinn\u00e4 vain luontokeskukseen kunnes jatkoimme &hellip; <a href=\"https:\/\/jteblogi.sivustamo.dev\/?p=281\">Lue loppuun <span class=\"meta-nav\">&rarr;<\/span><\/a><\/p>\n","protected":false},"author":3,"featured_media":0,"comment_status":"closed","ping_status":"open","sticky":false,"template":"","format":"standard","meta":{"footnotes":""},"categories":[1,3,6],"tags":[],"class_list":["post-281","post","type-post","status-publish","format-standard","hentry","category-ajankohtaista-linturetkilta","category-digikuvia-luonnosta","category-matkaraportit"],"_links":{"self":[{"href":"https:\/\/jteblogi.sivustamo.dev\/index.php?rest_route=\/wp\/v2\/posts\/281","targetHints":{"allow":["GET"]}}],"collection":[{"href":"https:\/\/jteblogi.sivustamo.dev\/index.php?rest_route=\/wp\/v2\/posts"}],"about":[{"href":"https:\/\/jteblogi.sivustamo.dev\/index.php?rest_route=\/wp\/v2\/types\/post"}],"author":[{"embeddable":true,"href":"https:\/\/jteblogi.sivustamo.dev\/index.php?rest_route=\/wp\/v2\/users\/3"}],"replies":[{"embeddable":true,"href":"https:\/\/jteblogi.sivustamo.dev\/index.php?rest_route=%2Fwp%2Fv2%2Fcomments&post=281"}],"version-history":[{"count":2,"href":"https:\/\/jteblogi.sivustamo.dev\/index.php?rest_route=\/wp\/v2\/posts\/281\/revisions"}],"predecessor-version":[{"id":1968,"href":"https:\/\/jteblogi.sivustamo.dev\/index.php?rest_route=\/wp\/v2\/posts\/281\/revisions\/1968"}],"wp:attachment":[{"href":"https:\/\/jteblogi.sivustamo.dev\/index.php?rest_route=%2Fwp%2Fv2%2Fmedia&parent=281"}],"wp:term":[{"taxonomy":"category","embeddable":true,"href":"https:\/\/jteblogi.sivustamo.dev\/index.php?rest_route=%2Fwp%2Fv2%2Fcategories&post=281"},{"taxonomy":"post_tag","embeddable":true,"href":"https:\/\/jteblogi.sivustamo.dev\/index.php?rest_route=%2Fwp%2Fv2%2Ftags&post=281"}],"curies":[{"name":"wp","href":"https:\/\/api.w.org\/{rel}","templated":true}]}}