{"id":4166,"date":"2015-08-06T19:29:58","date_gmt":"2015-08-06T17:29:58","guid":{"rendered":"https:\/\/jteblogi.sivustamo.dev\/?p=4166"},"modified":"2015-08-06T19:29:58","modified_gmt":"2015-08-06T17:29:58","slug":"lintumaailmassa-hiljaista","status":"publish","type":"post","link":"https:\/\/jteblogi.sivustamo.dev\/?p=4166","title":{"rendered":"Lintumaailmassa hiljaista"},"content":{"rendered":"<p>Maanantaina 3.8.2015 oli j\u00e4lleen aurinkoinen kes\u00e4p\u00e4iv\u00e4, tuuli l\u00e4nsiluoteesta 6 m\/s ja l\u00e4mp\u00f6\u00e4 oli 18 astetta. Aamulla tunnin staiji, my\u00f6hemmin mattojen ja veneen pesua ym kotihommia ja illansuussa tehtiin tunnin venekierros Ut\u00f6n ja Jurmon v\u00e4lisell\u00e4 vesialueella sopivia syysreittej\u00e4 kartoittaen. Havaintoja t\u00e4n\u00e4\u00e4n olivat mm. 11 ruokkia, varpushaukka, k\u00e4ki, 45 suosirri\u00e4, 2 kuovisirri\u00e4, 2 valkovikloa, pikkukuovi ja t\u00f6rm\u00e4p\u00e4\u00e4sky. Saareen saapui Tuomas Halminen Iida-Maria V\u00e4in\u00f6l\u00e4n kanssa ja pari muutakin lintuharrastajaa.<\/p>\n<div id=\"attachment_4167\" style=\"width: 610px\" class=\"wp-caption alignnone\"><img loading=\"lazy\" decoding=\"async\" aria-describedby=\"caption-attachment-4167\" class=\"size-large wp-image-4167\" src=\"https:\/\/jteblogi.sivustamo.dev\/wp-content\/uploads\/2015\/08\/hylky-600x343.jpg\" alt=\"UT\u00d6N KOILLISPUOLELLA ON BALTIALAISEN PUUPROOMUN HYLKY\" width=\"600\" height=\"343\" srcset=\"https:\/\/jteblogi.sivustamo.dev\/wp-content\/uploads\/2015\/08\/hylky-600x343.jpg 600w, https:\/\/jteblogi.sivustamo.dev\/wp-content\/uploads\/2015\/08\/hylky-300x171.jpg 300w, https:\/\/jteblogi.sivustamo.dev\/wp-content\/uploads\/2015\/08\/hylky.jpg 1050w\" sizes=\"auto, (max-width: 600px) 100vw, 600px\" \/><p id=\"caption-attachment-4167\" class=\"wp-caption-text\">UT\u00d6N KOILLISPUOLELLA ON BALTIALAISEN PUUPROOMUN HYLKY<\/p><\/div>\n<p>Tiistaina 4.8.2015 oli pilvet\u00f6nt\u00e4, l\u00e4mmint\u00e4 (+20, kes\u00e4n enn\u00e4tys t\u00e4\u00e4ll\u00e4) ja heikkoa etel\u00e4tuulta. Staijia aamulla tunnin verran, muuten kevytt\u00e4 kiertely\u00e4 kyl\u00e4ll\u00e4 ja hotellialueella. Lintumaailma oli kovin hiljainen, mainittavimpia varpushaukka, 5 suosirri\u00e4, 4 liroa, mustaviklo, 5 t\u00f6rm\u00e4p\u00e4\u00e4sky\u00e4 ja satamalahdella py\u00f6r\u00e4ht\u00e4nyt nuori <strong>pikkulokki<\/strong>. Outi l\u00e4hti t\u00e4n\u00e4\u00e4n mantereelle t\u00f6ihin ja Tuomas &amp; Iida-Mariakin l\u00e4htiv\u00e4t.<\/p>\n<div id=\"attachment_4168\" style=\"width: 610px\" class=\"wp-caption alignnone\"><img loading=\"lazy\" decoding=\"async\" aria-describedby=\"caption-attachment-4168\" class=\"size-large wp-image-4168\" src=\"https:\/\/jteblogi.sivustamo.dev\/wp-content\/uploads\/2015\/08\/tormapaasky_01_Korppoo_08_15-600x343.jpg\" alt=\"T\u00d6RM\u00c4P\u00c4\u00c4SKYJ\u00c4 ON JOSTAIN ILMESTYNYT SAAREEN\" width=\"600\" height=\"343\" srcset=\"https:\/\/jteblogi.sivustamo.dev\/wp-content\/uploads\/2015\/08\/tormapaasky_01_Korppoo_08_15-600x343.jpg 600w, https:\/\/jteblogi.sivustamo.dev\/wp-content\/uploads\/2015\/08\/tormapaasky_01_Korppoo_08_15-300x171.jpg 300w, https:\/\/jteblogi.sivustamo.dev\/wp-content\/uploads\/2015\/08\/tormapaasky_01_Korppoo_08_15.jpg 1050w\" sizes=\"auto, (max-width: 600px) 100vw, 600px\" \/><p id=\"caption-attachment-4168\" class=\"wp-caption-text\">T\u00d6RM\u00c4P\u00c4\u00c4SKYJ\u00c4 ON JOSTAIN ILMESTYNYT SAAREEN<\/p><\/div>\n<p>Keskiviikko 5.8. 2015 oli edelleen vaisu lintup\u00e4iv\u00e4. Aamulla oli aurinkoista mutta iltap\u00e4iv\u00e4ll\u00e4 saatiin vesisadetta, reipas it\u00e4kaakkoinen tuuli puhalsi. Aamulla taas runsas tunti luotsiasemalla, n\u00e4kyi mm. ruokki, harmaahaikara, 11 suosirri\u00e4, 2 liroa, pikkukuovi ja t\u00f6rm\u00e4p\u00e4\u00e4sky.<\/p>\n<div id=\"attachment_4169\" style=\"width: 610px\" class=\"wp-caption alignnone\"><img loading=\"lazy\" decoding=\"async\" aria-describedby=\"caption-attachment-4169\" class=\"size-large wp-image-4169\" src=\"https:\/\/jteblogi.sivustamo.dev\/wp-content\/uploads\/2015\/08\/mustarastas_01_Korppoo_08_15-600x343.jpg\" alt=\"MUSTARASTAS ON PESINYT SAARELLA, AINAKIN 2 P\u00c5RIA\" width=\"600\" height=\"343\" srcset=\"https:\/\/jteblogi.sivustamo.dev\/wp-content\/uploads\/2015\/08\/mustarastas_01_Korppoo_08_15-600x343.jpg 600w, https:\/\/jteblogi.sivustamo.dev\/wp-content\/uploads\/2015\/08\/mustarastas_01_Korppoo_08_15-300x171.jpg 300w, https:\/\/jteblogi.sivustamo.dev\/wp-content\/uploads\/2015\/08\/mustarastas_01_Korppoo_08_15.jpg 1050w\" sizes=\"auto, (max-width: 600px) 100vw, 600px\" \/><p id=\"caption-attachment-4169\" class=\"wp-caption-text\">MUSTARASTAS ON PESINYT SAARELLA, AINAKIN 2 P\u00c5RIA<\/p><\/div>\n<p>Torstaina 6.8.2015 aamu oli sumuinen eik\u00e4 merelle n\u00e4hnyt. P\u00e4iv\u00e4ll\u00e4 selkeni, aurinko paistoi ja l\u00e4mp\u00f6\u00e4 oli 20 astetta. Lintuja edelleen hyvin niukasti, mainita voinee pikkukuovin, 2 k\u00e4pytikkaa ja syksyn eka siritt\u00e4j\u00e4n. Iltap\u00e4iv\u00e4ll\u00e4 kiertelin veneell\u00e4 Ut\u00f6n koillispuolella alueella \u00d6rsk\u00e4r \u2013 \u00d6rsk\u00e4rs\u00f6ren \u2013 Bokulla\u00f6ren mutta lintuja oli siell\u00e4kin niukasti. Maissa en k\u00e4ynyt. Isokoskeloparvia, merimetsoja ja merikotka, siin\u00e4 melkein kaikki. Huomenna aamulaivalla taas mantereelle.<\/p>\n<div id=\"attachment_4170\" style=\"width: 610px\" class=\"wp-caption alignnone\"><img loading=\"lazy\" decoding=\"async\" aria-describedby=\"caption-attachment-4170\" class=\"size-large wp-image-4170\" src=\"https:\/\/jteblogi.sivustamo.dev\/wp-content\/uploads\/2015\/08\/haarapaasky_01_Korppoo_08_15-600x343.jpg\" alt=\"RANTAVAJAN SEIN\u00c4 ANTAA ERIKOISTA TAUSTAV\u00c4RI\u00c4 LINTUKUVIIN \" width=\"600\" height=\"343\" srcset=\"https:\/\/jteblogi.sivustamo.dev\/wp-content\/uploads\/2015\/08\/haarapaasky_01_Korppoo_08_15-600x343.jpg 600w, https:\/\/jteblogi.sivustamo.dev\/wp-content\/uploads\/2015\/08\/haarapaasky_01_Korppoo_08_15-300x171.jpg 300w, https:\/\/jteblogi.sivustamo.dev\/wp-content\/uploads\/2015\/08\/haarapaasky_01_Korppoo_08_15.jpg 1050w\" sizes=\"auto, (max-width: 600px) 100vw, 600px\" \/><p id=\"caption-attachment-4170\" class=\"wp-caption-text\">RANTAVAJAN SEIN\u00c4 ANTAA ERIKOISTA TAUSTAV\u00c4RI\u00c4 LINTUKUVIIN<\/p><\/div>\n","protected":false},"excerpt":{"rendered":"<p>Maanantaina 3.8.2015 oli j\u00e4lleen aurinkoinen kes\u00e4p\u00e4iv\u00e4, tuuli l\u00e4nsiluoteesta 6 m\/s ja l\u00e4mp\u00f6\u00e4 oli 18 astetta. Aamulla tunnin staiji, my\u00f6hemmin mattojen ja veneen pesua ym kotihommia ja illansuussa tehtiin tunnin venekierros Ut\u00f6n ja Jurmon v\u00e4lisell\u00e4 vesialueella sopivia syysreittej\u00e4 kartoittaen. Havaintoja t\u00e4n\u00e4\u00e4n &hellip; <a href=\"https:\/\/jteblogi.sivustamo.dev\/?p=4166\">Lue loppuun <span class=\"meta-nav\">&rarr;<\/span><\/a><\/p>\n","protected":false},"author":3,"featured_media":0,"comment_status":"closed","ping_status":"open","sticky":false,"template":"","format":"standard","meta":{"footnotes":""},"categories":[1,3],"tags":[],"class_list":["post-4166","post","type-post","status-publish","format-standard","hentry","category-ajankohtaista-linturetkilta","category-digikuvia-luonnosta"],"_links":{"self":[{"href":"https:\/\/jteblogi.sivustamo.dev\/index.php?rest_route=\/wp\/v2\/posts\/4166","targetHints":{"allow":["GET"]}}],"collection":[{"href":"https:\/\/jteblogi.sivustamo.dev\/index.php?rest_route=\/wp\/v2\/posts"}],"about":[{"href":"https:\/\/jteblogi.sivustamo.dev\/index.php?rest_route=\/wp\/v2\/types\/post"}],"author":[{"embeddable":true,"href":"https:\/\/jteblogi.sivustamo.dev\/index.php?rest_route=\/wp\/v2\/users\/3"}],"replies":[{"embeddable":true,"href":"https:\/\/jteblogi.sivustamo.dev\/index.php?rest_route=%2Fwp%2Fv2%2Fcomments&post=4166"}],"version-history":[{"count":1,"href":"https:\/\/jteblogi.sivustamo.dev\/index.php?rest_route=\/wp\/v2\/posts\/4166\/revisions"}],"predecessor-version":[{"id":4171,"href":"https:\/\/jteblogi.sivustamo.dev\/index.php?rest_route=\/wp\/v2\/posts\/4166\/revisions\/4171"}],"wp:attachment":[{"href":"https:\/\/jteblogi.sivustamo.dev\/index.php?rest_route=%2Fwp%2Fv2%2Fmedia&parent=4166"}],"wp:term":[{"taxonomy":"category","embeddable":true,"href":"https:\/\/jteblogi.sivustamo.dev\/index.php?rest_route=%2Fwp%2Fv2%2Fcategories&post=4166"},{"taxonomy":"post_tag","embeddable":true,"href":"https:\/\/jteblogi.sivustamo.dev\/index.php?rest_route=%2Fwp%2Fv2%2Ftags&post=4166"}],"curies":[{"name":"wp","href":"https:\/\/api.w.org\/{rel}","templated":true}]}}