{"id":4485,"date":"2016-01-08T10:46:03","date_gmt":"2016-01-08T08:46:03","guid":{"rendered":"https:\/\/jteblogi.sivustamo.dev\/?p=4485"},"modified":"2016-01-11T18:50:22","modified_gmt":"2016-01-11T16:50:22","slug":"yhteeveto-kesan-ja-syksyn-2015-havainnoista-utossa","status":"publish","type":"post","link":"https:\/\/jteblogi.sivustamo.dev\/?p=4485","title":{"rendered":"Yhteenveto kes\u00e4n ja syksyn 2015 havainnoista Ut\u00f6ss\u00e4"},"content":{"rendered":"<p>Vuoden alkupuoliskon yhteenveto julkaistiin kes\u00e4kuussa ja l\u00f6ytyy <strong><a href=\"https:\/\/jteblogi.sivustamo.dev\/?p=4068\">t\u00e4\u00e4lt\u00e4<\/a><\/strong><\/p>\n<div id=\"attachment_4487\" style=\"width: 610px\" class=\"wp-caption alignnone\"><img loading=\"lazy\" decoding=\"async\" aria-describedby=\"caption-attachment-4487\" class=\"size-large wp-image-4487\" src=\"https:\/\/jteblogi.sivustamo.dev\/wp-content\/uploads\/2016\/01\/juhannus-600x400.jpg\" alt=\"JUHANNUS OLI PERINTEISEN VILKAS\" width=\"600\" height=\"400\" srcset=\"https:\/\/jteblogi.sivustamo.dev\/wp-content\/uploads\/2016\/01\/juhannus-600x400.jpg 600w, https:\/\/jteblogi.sivustamo.dev\/wp-content\/uploads\/2016\/01\/juhannus-300x200.jpg 300w, https:\/\/jteblogi.sivustamo.dev\/wp-content\/uploads\/2016\/01\/juhannus.jpg 1050w\" sizes=\"auto, (max-width: 600px) 100vw, 600px\" \/><p id=\"caption-attachment-4487\" class=\"wp-caption-text\">JUHANNUS OLI PERINTEISEN VILKAS<\/p><\/div>\n<p>Hein\u00e4kuussa oli kohtuullista kahlaajamuuttoa, ensimm\u00e4inen kuovisirri ja lapinsirri n\u00e4htiin 7.7., suosirrej\u00e4 jo aiemmin. J\u00e4nk\u00e4sirri\u00e4inen saapui 18.7. ja tundrakurmitsa 25.7, syksyn <strong>pulmussirrit<\/strong> n\u00e4htiin 26.7. (2 yks) ja 29-30.7. (1-2 yks). Ensimm\u00e4inen syksyinen <strong>muuttohaukka<\/strong> n\u00e4htiin 14.8. ja syksyn summaksi tuli ainakin 16 yksil\u00f6\u00e4. Talvehtiva muuttohaukka ilmestyi 16.11. J\u00e4\u00e4kuikkalaji muutti 27.9. ja isokokoinen kirvinen n\u00e4htiin 2.10. ja 11.11. Maakotka muutti 5.10. ja 17.10. ja <strong>mustalepp\u00e4lintu<\/strong> havaittiin 7.10., 25.10., 7.11. ja 2.12. Nokkavarpusia n\u00e4htiin syksyn aikana vain 4 yksil\u00f6\u00e4. Ut\u00f6ss\u00e4 harvinainen teeri l\u00f6ytyi 16.10.<\/p>\n<div id=\"attachment_4488\" style=\"width: 610px\" class=\"wp-caption alignnone\"><img loading=\"lazy\" decoding=\"async\" aria-describedby=\"caption-attachment-4488\" class=\"size-large wp-image-4488\" src=\"https:\/\/jteblogi.sivustamo.dev\/wp-content\/uploads\/2016\/01\/huuhkaja_03_Korppoo_09_15-600x343.jpg\" alt=\"HUUHKAJAPARI ASUSTAA EDELLEEN KOBBANIN LUODOILLA\" width=\"600\" height=\"343\" srcset=\"https:\/\/jteblogi.sivustamo.dev\/wp-content\/uploads\/2016\/01\/huuhkaja_03_Korppoo_09_15-600x343.jpg 600w, https:\/\/jteblogi.sivustamo.dev\/wp-content\/uploads\/2016\/01\/huuhkaja_03_Korppoo_09_15-300x171.jpg 300w, https:\/\/jteblogi.sivustamo.dev\/wp-content\/uploads\/2016\/01\/huuhkaja_03_Korppoo_09_15.jpg 1050w\" sizes=\"auto, (max-width: 600px) 100vw, 600px\" \/><p id=\"caption-attachment-4488\" class=\"wp-caption-text\">HUUHKAJAPARI ASUSTAA EDELLEEN KOBBANIN LUODOILLA<\/p><\/div>\n<p>Ep\u00e4tavallisia kes\u00e4havaintoja olivat mm. 2 sepelhanhea ja mehil\u00e4ishaukka 12.7. Kesykyyhky (renkaallinen) k\u00e4vi saaressa 29.7. Luhtakana sai 3 poikasta it\u00e4rannan ruovikossa ja mustakurkku-uikku yhden poikasen. Kirjokerttupari pesi saarella ja sai 2 lentopoikasta.<\/p>\n<div id=\"attachment_4489\" style=\"width: 610px\" class=\"wp-caption alignnone\"><img loading=\"lazy\" decoding=\"async\" aria-describedby=\"caption-attachment-4489\" class=\"size-large wp-image-4489\" src=\"https:\/\/jteblogi.sivustamo.dev\/wp-content\/uploads\/2016\/01\/kirjokerttu_01_Korppoo_07_15-600x343.jpg\" alt=\"KIRJOKERTTUJA ON UT\u00d6SS\u00c4 EN\u00c4\u00c4 YKSI PARI\" width=\"600\" height=\"343\" srcset=\"https:\/\/jteblogi.sivustamo.dev\/wp-content\/uploads\/2016\/01\/kirjokerttu_01_Korppoo_07_15-600x343.jpg 600w, https:\/\/jteblogi.sivustamo.dev\/wp-content\/uploads\/2016\/01\/kirjokerttu_01_Korppoo_07_15-300x171.jpg 300w, https:\/\/jteblogi.sivustamo.dev\/wp-content\/uploads\/2016\/01\/kirjokerttu_01_Korppoo_07_15.jpg 1050w\" sizes=\"auto, (max-width: 600px) 100vw, 600px\" \/><p id=\"caption-attachment-4489\" class=\"wp-caption-text\">KIRJOKERTTUJA ON UT\u00d6SS\u00c4 EN\u00c4\u00c4 YKSI PARI<\/p><\/div>\n<div id=\"attachment_4490\" style=\"width: 610px\" class=\"wp-caption alignnone\"><img loading=\"lazy\" decoding=\"async\" aria-describedby=\"caption-attachment-4490\" class=\"size-large wp-image-4490\" src=\"https:\/\/jteblogi.sivustamo.dev\/wp-content\/uploads\/2016\/01\/luhtakana_02_Korppoo_07_15-600x343.jpg\" alt=\"LUHTAKANAPARI SAI T\u00c4N\u00c4KIN VUONNA POIKASIA\" width=\"600\" height=\"343\" srcset=\"https:\/\/jteblogi.sivustamo.dev\/wp-content\/uploads\/2016\/01\/luhtakana_02_Korppoo_07_15-600x343.jpg 600w, https:\/\/jteblogi.sivustamo.dev\/wp-content\/uploads\/2016\/01\/luhtakana_02_Korppoo_07_15-300x171.jpg 300w, https:\/\/jteblogi.sivustamo.dev\/wp-content\/uploads\/2016\/01\/luhtakana_02_Korppoo_07_15.jpg 1050w\" sizes=\"auto, (max-width: 600px) 100vw, 600px\" \/><p id=\"caption-attachment-4490\" class=\"wp-caption-text\">LUHTAKANAPARI SAI T\u00c4N\u00c4KIN VUONNA POIKASIA<\/p><\/div>\n<p>Aikaisia syysmuuttajia olivat mm. pensastasku 29.7., ruskosuohaukka 2.8., alli 17.8. ja my\u00f6h\u00e4isi\u00e4 mm. k\u00e4ki 27.9., lapinkirvinen 4.10., t\u00f6rm\u00e4p\u00e4\u00e4sky 10.10., ruokokerttunen 14.10., pikkusieppo 17.10., haarap\u00e4\u00e4sky 19.10., ruisr\u00e4\u00e4kk\u00e4 19.10., kapustarinta 23.10., kivitasku 1.11., lapinsirkku 3.11.,tundrakurmitsa 5.11., t\u00f6yht\u00f6hyypp\u00e4 6.11., valkoposkihanhi 20.11., piekana 2.12., mustap\u00e4\u00e4kerttu 2.12., kulorastas 2.12., tiltaltti 5.12., kangaskiuru 31.12., niittykirvinen 31.12. ja taivaanvuohi 31.12. Ensimm\u00e4iset <strong>merisirrit<\/strong> ilmestyiv\u00e4t 19.10. (enimmill\u00e4\u00e4n 21.10. 50 yksil\u00f6\u00e4) ja <strong>vuorihemppo<\/strong> n\u00e4htiin 22. ja 28.10. sek\u00e4 9.11. Vuoden ainoat <strong>tundraurpiaiset<\/strong> havaittiin 9.11. ja 31.12.<\/p>\n<div id=\"attachment_4491\" style=\"width: 610px\" class=\"wp-caption alignnone\"><img loading=\"lazy\" decoding=\"async\" aria-describedby=\"caption-attachment-4491\" class=\"size-large wp-image-4491\" src=\"https:\/\/jteblogi.sivustamo.dev\/wp-content\/uploads\/2016\/01\/merimetso_03_Korppoo_08_15-600x343.jpg\" alt=\"MERIMETSOJA KER\u00c4\u00c4NTYY LOPPUKES\u00c4LL\u00c4 JA ALKUSYKSYLL\u00c4 UT\u00d6N VESILLE\" width=\"600\" height=\"343\" srcset=\"https:\/\/jteblogi.sivustamo.dev\/wp-content\/uploads\/2016\/01\/merimetso_03_Korppoo_08_15-600x343.jpg 600w, https:\/\/jteblogi.sivustamo.dev\/wp-content\/uploads\/2016\/01\/merimetso_03_Korppoo_08_15-300x171.jpg 300w, https:\/\/jteblogi.sivustamo.dev\/wp-content\/uploads\/2016\/01\/merimetso_03_Korppoo_08_15.jpg 1050w\" sizes=\"auto, (max-width: 600px) 100vw, 600px\" \/><p id=\"caption-attachment-4491\" class=\"wp-caption-text\">MERIMETSOJA KER\u00c4\u00c4NTYY LOPPUKES\u00c4LL\u00c4 JA ALKUSYKSYLL\u00c4 UT\u00d6N VESILLE<\/p><\/div>\n<p>Vaelluslintujakin oli liikkeell\u00e4, v\u00e4h\u00e4n k\u00e4pytikkoja ja etenkin syyskuussa kuusitiaisia, enimmill\u00e4\u00e4n 22.9. noin 170 yksil\u00f6\u00e4. Syksyn voimakas palok\u00e4rkivaelluskin ylsi Ut\u00f6h\u00f6n saakka \u2013 20.9. 1 yks saaressa. Pikkutikkojakin vaelsi, ensimm\u00e4inen n\u00e4htiin 7.10. ja Ut\u00f6n enn\u00e4tys tehtiin 11.10., jolloin n\u00e4htiin 10 yksil\u00f6\u00e4. <strong>P\u00e4hkin\u00e4hakkeja<\/strong> havaittiin 2 yksil\u00f6\u00e4 27.9. ja 2 yksil\u00f6\u00e4 11.10. sek\u00e4 n\u00e4rhi\u00e4 ainakin 9 yksil\u00f6\u00e4 7-11.10. Saaresta l\u00f6ytyi yll\u00e4tt\u00e4en <strong>varpusp\u00f6ll\u00f6<\/strong> 14.10. (-17.10.) ja <strong>hiirip\u00f6ll\u00f6<\/strong> 19.10. vaikka varsinaista n\u00e4iden p\u00f6ll\u00f6jen vaellusta ei t\u00e4n\u00e4 syksyn\u00e4 Suomessa ollut.<\/p>\n<div id=\"attachment_4492\" style=\"width: 610px\" class=\"wp-caption alignnone\"><img loading=\"lazy\" decoding=\"async\" aria-describedby=\"caption-attachment-4492\" class=\"size-large wp-image-4492\" src=\"https:\/\/jteblogi.sivustamo.dev\/wp-content\/uploads\/2016\/01\/varpuspollo_09_Korppoo_10_15-600x343.jpg\" alt=\"VARPUSP\u00d6LL\u00d6 LEP\u00c4ILI HETKEN TALOMME SEINUSTALLA\" width=\"600\" height=\"343\" srcset=\"https:\/\/jteblogi.sivustamo.dev\/wp-content\/uploads\/2016\/01\/varpuspollo_09_Korppoo_10_15-600x343.jpg 600w, https:\/\/jteblogi.sivustamo.dev\/wp-content\/uploads\/2016\/01\/varpuspollo_09_Korppoo_10_15-300x171.jpg 300w, https:\/\/jteblogi.sivustamo.dev\/wp-content\/uploads\/2016\/01\/varpuspollo_09_Korppoo_10_15.jpg 1050w\" sizes=\"auto, (max-width: 600px) 100vw, 600px\" \/><p id=\"caption-attachment-4492\" class=\"wp-caption-text\">VARPUSP\u00d6LL\u00d6 LEP\u00c4ILI HETKEN TALOMME SEINUSTALLA<\/p><\/div>\n<p>Harvinaisuuksien suhteen syyspuoli oli ihan hyv\u00e4, lokakuu oli v\u00e4h\u00e4n vaatimattomampi mutta loppusyksy taas palkitseva. Saarelle uusia lajeja ei vuoden loppupuoliskolla havaittu.<\/p>\n<div id=\"attachment_4493\" style=\"width: 610px\" class=\"wp-caption alignnone\"><img loading=\"lazy\" decoding=\"async\" aria-describedby=\"caption-attachment-4493\" class=\"size-large wp-image-4493\" src=\"https:\/\/jteblogi.sivustamo.dev\/wp-content\/uploads\/2016\/01\/\u00f6ren_09_15-600x343.jpg\" alt=\"KES\u00c4LL\u00c4 JA ALKUSYKSYLL\u00c4 TEIMME VENERETKI\u00c4 HIENOILLE L\u00c4HISAARILLE - KUVA \u00d6RSK\u00c4RS\u00d6RENILT\u00c4\" width=\"600\" height=\"343\" srcset=\"https:\/\/jteblogi.sivustamo.dev\/wp-content\/uploads\/2016\/01\/\u00f6ren_09_15-600x343.jpg 600w, https:\/\/jteblogi.sivustamo.dev\/wp-content\/uploads\/2016\/01\/\u00f6ren_09_15-300x171.jpg 300w, https:\/\/jteblogi.sivustamo.dev\/wp-content\/uploads\/2016\/01\/\u00f6ren_09_15.jpg 1050w\" sizes=\"auto, (max-width: 600px) 100vw, 600px\" \/><p id=\"caption-attachment-4493\" class=\"wp-caption-text\">KES\u00c4LL\u00c4 JA ALKUSYKSYLL\u00c4 TEIMME VENERETKI\u00c4 HIENOILLE L\u00c4HISAARILLE &#8211; KUVA \u00d6RSK\u00c4RS\u00d6RENILT\u00c4<\/p><\/div>\n<p><em>Harvinaisuudet\/pikkurarit:<\/em><\/p>\n<p><strong>Turturikyyhky<\/strong> 24-25.6. 1 p<\/p>\n<p><strong>Turkinkyyhky<\/strong> 3.7. 1 p<\/p>\n<p><strong>Pikkutiira<\/strong> 5.7. 2 p<\/p>\n<p><strong>Etel\u00e4nkiisla<\/strong> 9.7. 2 m, 19.7. 1 m<\/p>\n<div id=\"attachment_4494\" style=\"width: 610px\" class=\"wp-caption alignnone\"><img loading=\"lazy\" decoding=\"async\" aria-describedby=\"caption-attachment-4494\" class=\"size-large wp-image-4494\" src=\"https:\/\/jteblogi.sivustamo.dev\/wp-content\/uploads\/2016\/01\/etelankiisla_03_Korppoo_06_15-600x343.jpg\" alt=\"ETEL\u00c4NKIISLA ILMEISESTI PESI L\u00c4HISAARELLA, GROPSK\u00c4RISS\u00c4 TAI ALUNSK\u00c4RISS\u00c4\" width=\"600\" height=\"343\" srcset=\"https:\/\/jteblogi.sivustamo.dev\/wp-content\/uploads\/2016\/01\/etelankiisla_03_Korppoo_06_15-600x343.jpg 600w, https:\/\/jteblogi.sivustamo.dev\/wp-content\/uploads\/2016\/01\/etelankiisla_03_Korppoo_06_15-300x171.jpg 300w, https:\/\/jteblogi.sivustamo.dev\/wp-content\/uploads\/2016\/01\/etelankiisla_03_Korppoo_06_15.jpg 1050w\" sizes=\"auto, (max-width: 600px) 100vw, 600px\" \/><p id=\"caption-attachment-4494\" class=\"wp-caption-text\">ETEL\u00c4NKIISLA ILMEISESTI PESI L\u00c4HISAARELLA, GROPSK\u00c4RISS\u00c4 TAI ALUNSK\u00c4RISS\u00c4<\/p><\/div>\n<p><strong>Jalohaikara<\/strong> 1.9. 1 m (saaren 3.)<\/p>\n<p><strong>Arosuohaukka<\/strong> 18-19.9. 1kv p, 26.9. 1kv m, 27.9. 1kv m (eri kuin 26.9.)<\/p>\n<p><strong>Taigauunilintu<\/strong> 18.9. 1 p, 19.9. 1 p, 20.9. 8 p, 27.9. 1 p (yhteens\u00e4 11 yksil\u00f6\u00e4)<\/p>\n<p><strong>Haarahaukka<\/strong> 20.9. 1 m<\/p>\n<p><strong>Ruskouunilintu<\/strong> 26.9. 1 p (saaren 3.)<\/p>\n<p><strong>Isokirvinen<\/strong> 27-28.9. 1 p<\/p>\n<p><strong>Lyhytnokkahanhi<\/strong> 28.9. 1 m (saaren 3.), 30.9. 1 m, 25.10.-16.11. 1 p<\/p>\n<p><strong>Hippi\u00e4isuunilintu<\/strong> 8.10. 1 p, 14-16.11. 1 p<\/p>\n<div id=\"attachment_4495\" style=\"width: 610px\" class=\"wp-caption alignnone\"><img loading=\"lazy\" decoding=\"async\" aria-describedby=\"caption-attachment-4495\" class=\"size-large wp-image-4495\" src=\"https:\/\/jteblogi.sivustamo.dev\/wp-content\/uploads\/2016\/01\/hippiaisuunilintu_23-600x400.jpg\" alt=\"LOKAKUINEN HIPPI\u00c4ISUUNILINTU\" width=\"600\" height=\"400\" srcset=\"https:\/\/jteblogi.sivustamo.dev\/wp-content\/uploads\/2016\/01\/hippiaisuunilintu_23-600x400.jpg 600w, https:\/\/jteblogi.sivustamo.dev\/wp-content\/uploads\/2016\/01\/hippiaisuunilintu_23-300x200.jpg 300w, https:\/\/jteblogi.sivustamo.dev\/wp-content\/uploads\/2016\/01\/hippiaisuunilintu_23.jpg 890w\" sizes=\"auto, (max-width: 600px) 100vw, 600px\" \/><p id=\"caption-attachment-4495\" class=\"wp-caption-text\">LOKAKUINEN HIPPI\u00c4ISUUNILINTU<\/p><\/div>\n<p><strong>Sepelrastas<\/strong> 12.10. 1 p<\/p>\n<p><strong>Virtav\u00e4st\u00e4r\u00e4kki<\/strong> 12.10. 1 p Gropsk\u00e4riss\u00e4<\/p>\n<p><strong>Tunturikiuru<\/strong> 23.10. 1 m<\/p>\n<p><strong>Pikkusirkku<\/strong> 25.10. 1 p<\/p>\n<p><strong>Mustakaularastas<\/strong> 31.10. 1k p (saaren 2.)<\/p>\n<p><strong>Mongoliankirvinen<\/strong> 11-13.11. 1 p (saaren 2.)<\/p>\n<p><strong>Sepeltasku<\/strong> 13-16.11. 1 p<\/p>\n<div id=\"attachment_4496\" style=\"width: 610px\" class=\"wp-caption alignnone\"><img loading=\"lazy\" decoding=\"async\" aria-describedby=\"caption-attachment-4496\" class=\"size-large wp-image-4496\" src=\"https:\/\/jteblogi.sivustamo.dev\/wp-content\/uploads\/2016\/01\/lyhytnokkahanhi_05_Korppoo_11_15-600x400.jpg\" alt=\"NUORI LYHYTNOKKAHANHI VIIHTYI PITK\u00c4\u00c4N SAARESSA\" width=\"600\" height=\"400\" srcset=\"https:\/\/jteblogi.sivustamo.dev\/wp-content\/uploads\/2016\/01\/lyhytnokkahanhi_05_Korppoo_11_15-600x400.jpg 600w, https:\/\/jteblogi.sivustamo.dev\/wp-content\/uploads\/2016\/01\/lyhytnokkahanhi_05_Korppoo_11_15-300x200.jpg 300w, https:\/\/jteblogi.sivustamo.dev\/wp-content\/uploads\/2016\/01\/lyhytnokkahanhi_05_Korppoo_11_15.jpg 1050w\" sizes=\"auto, (max-width: 600px) 100vw, 600px\" \/><p id=\"caption-attachment-4496\" class=\"wp-caption-text\">NUORI LYHYTNOKKAHANHI VIIHTYI PITK\u00c4\u00c4N SAARESSA<\/p><\/div>\n<p>Osa rarihavainnoista on viel\u00e4 RK-k\u00e4sittelyss\u00e4. Koko vuoden lajim\u00e4\u00e4r\u00e4 Ut\u00f6ss\u00e4 oli <strong>223<\/strong> lajia, joka on varsin normaali m\u00e4\u00e4r\u00e4. Yll\u00e4tt\u00e4vimpi\u00e4 puutteita olivat mm. pikkukajava, leve\u00e4pyrst\u00f6kihu, hein\u00e4kurppa, kirjosiipik\u00e4pylintu ja helmip\u00f6ll\u00f6. Lintuharrastajia saaressa k\u00e4vi melko runsaasti loppuvuodenkin aikana, pitk\u00e4aikaisimpia itseni lis\u00e4ksi olivat Juha Laaksonen, Kimmo Kuusisto, Ismo Hyv\u00e4rinen ja Mikko J\u00e4rvinen.<\/p>\n<div id=\"attachment_4497\" style=\"width: 610px\" class=\"wp-caption alignnone\"><img loading=\"lazy\" decoding=\"async\" aria-describedby=\"caption-attachment-4497\" class=\"size-large wp-image-4497\" src=\"https:\/\/jteblogi.sivustamo.dev\/wp-content\/uploads\/2016\/01\/staijari_majakalla-600x405.jpg\" alt=\"MERELLE STAIJATIIN AHKERASTI MUTTA MERIMUUTTO EI OLLUT ERITYISEN &quot;PALKITSEVAA&quot; SYKSYN AIKANA\" width=\"600\" height=\"405\" srcset=\"https:\/\/jteblogi.sivustamo.dev\/wp-content\/uploads\/2016\/01\/staijari_majakalla-600x405.jpg 600w, https:\/\/jteblogi.sivustamo.dev\/wp-content\/uploads\/2016\/01\/staijari_majakalla-300x203.jpg 300w, https:\/\/jteblogi.sivustamo.dev\/wp-content\/uploads\/2016\/01\/staijari_majakalla.jpg 1050w\" sizes=\"auto, (max-width: 600px) 100vw, 600px\" \/><p id=\"caption-attachment-4497\" class=\"wp-caption-text\">MERELLE STAIJATIIN AHKERASTI MUTTA MERIMUUTTO EI OLLUT ERITYISEN &#8221;PALKITSEVAA&#8221; SYKSYN AIKANA<\/p><\/div>\n<div id=\"attachment_4498\" style=\"width: 610px\" class=\"wp-caption alignnone\"><img loading=\"lazy\" decoding=\"async\" aria-describedby=\"caption-attachment-4498\" class=\"size-large wp-image-4498\" src=\"https:\/\/jteblogi.sivustamo.dev\/wp-content\/uploads\/2016\/01\/sirri_02-600x342.jpg\" alt=\"MARRASKUUSSA N\u00c4HTIIN YKSI HUIPPUVUORILLA V\u00c4RIRENGASTETTU MERISIRRI (kuvassa)\" width=\"600\" height=\"342\" srcset=\"https:\/\/jteblogi.sivustamo.dev\/wp-content\/uploads\/2016\/01\/sirri_02-600x342.jpg 600w, https:\/\/jteblogi.sivustamo.dev\/wp-content\/uploads\/2016\/01\/sirri_02-300x171.jpg 300w, https:\/\/jteblogi.sivustamo.dev\/wp-content\/uploads\/2016\/01\/sirri_02.jpg 1050w\" sizes=\"auto, (max-width: 600px) 100vw, 600px\" \/><p id=\"caption-attachment-4498\" class=\"wp-caption-text\">MARRASKUUSSA N\u00c4HTIIN YKSI HUIPPUVUORILLA V\u00c4RIRENGASTETTU MERISIRRI (kuvassa)<\/p><\/div>\n<p>&nbsp;<\/p>\n","protected":false},"excerpt":{"rendered":"<p>Vuoden alkupuoliskon yhteenveto julkaistiin kes\u00e4kuussa ja l\u00f6ytyy t\u00e4\u00e4lt\u00e4 Hein\u00e4kuussa oli kohtuullista kahlaajamuuttoa, ensimm\u00e4inen kuovisirri ja lapinsirri n\u00e4htiin 7.7., suosirrej\u00e4 jo aiemmin. J\u00e4nk\u00e4sirri\u00e4inen saapui 18.7. ja tundrakurmitsa 25.7, syksyn pulmussirrit n\u00e4htiin 26.7. (2 yks) ja 29-30.7. (1-2 yks). Ensimm\u00e4inen syksyinen muuttohaukka &hellip; <a href=\"https:\/\/jteblogi.sivustamo.dev\/?p=4485\">Lue loppuun <span class=\"meta-nav\">&rarr;<\/span><\/a><\/p>\n","protected":false},"author":3,"featured_media":0,"comment_status":"closed","ping_status":"open","sticky":false,"template":"","format":"standard","meta":{"footnotes":""},"categories":[1,3],"tags":[],"class_list":["post-4485","post","type-post","status-publish","format-standard","hentry","category-ajankohtaista-linturetkilta","category-digikuvia-luonnosta"],"_links":{"self":[{"href":"https:\/\/jteblogi.sivustamo.dev\/index.php?rest_route=\/wp\/v2\/posts\/4485","targetHints":{"allow":["GET"]}}],"collection":[{"href":"https:\/\/jteblogi.sivustamo.dev\/index.php?rest_route=\/wp\/v2\/posts"}],"about":[{"href":"https:\/\/jteblogi.sivustamo.dev\/index.php?rest_route=\/wp\/v2\/types\/post"}],"author":[{"embeddable":true,"href":"https:\/\/jteblogi.sivustamo.dev\/index.php?rest_route=\/wp\/v2\/users\/3"}],"replies":[{"embeddable":true,"href":"https:\/\/jteblogi.sivustamo.dev\/index.php?rest_route=%2Fwp%2Fv2%2Fcomments&post=4485"}],"version-history":[{"count":6,"href":"https:\/\/jteblogi.sivustamo.dev\/index.php?rest_route=\/wp\/v2\/posts\/4485\/revisions"}],"predecessor-version":[{"id":4510,"href":"https:\/\/jteblogi.sivustamo.dev\/index.php?rest_route=\/wp\/v2\/posts\/4485\/revisions\/4510"}],"wp:attachment":[{"href":"https:\/\/jteblogi.sivustamo.dev\/index.php?rest_route=%2Fwp%2Fv2%2Fmedia&parent=4485"}],"wp:term":[{"taxonomy":"category","embeddable":true,"href":"https:\/\/jteblogi.sivustamo.dev\/index.php?rest_route=%2Fwp%2Fv2%2Fcategories&post=4485"},{"taxonomy":"post_tag","embeddable":true,"href":"https:\/\/jteblogi.sivustamo.dev\/index.php?rest_route=%2Fwp%2Fv2%2Ftags&post=4485"}],"curies":[{"name":"wp","href":"https:\/\/api.w.org\/{rel}","templated":true}]}}