{"id":4503,"date":"2016-01-11T16:22:11","date_gmt":"2016-01-11T14:22:11","guid":{"rendered":"https:\/\/jteblogi.sivustamo.dev\/?p=4503"},"modified":"2016-01-11T16:22:11","modified_gmt":"2016-01-11T14:22:11","slug":"talvi-kiristaa-otetta-ulkosaaristossakin","status":"publish","type":"post","link":"https:\/\/jteblogi.sivustamo.dev\/?p=4503","title":{"rendered":"Talvi kirist\u00e4\u00e4 otetta ulkosaaristossakin"},"content":{"rendered":"<p>Perjantaina 8.1.2016 l\u00e4hdin takaisin Ut\u00f6h\u00f6n, Outi j\u00e4i nyt mantereelle. Pakkasta oli Turussa 12 astetta, taivas selke\u00e4 ja tien pinnat kuurassa. Ajelin rauhallisesti Nauvoon, jossa \u201dohjelmassa\u201d totutusti kauppa ja kahvi sek\u00e4 pieni k\u00e4velykierros. M\/s Eivorille ei perjantai-illasta huolimatta kertynyt ihmeemmin v\u00e4ke\u00e4, lintuporukkaa oli nelj\u00e4 tuttua matkalla Jurmoon. Koska koko matka oli pime\u00e4\u00e4n aikaan niin lintuhavaintoja ei kertynyt. Ut\u00f6ss\u00e4 oltiin perill\u00e4 klo 23.05. Saaressa oli paikalla lintumiehi\u00e4 Panu Muhli ja Markus Varesvuo.<\/p>\n<div id=\"attachment_4504\" style=\"width: 610px\" class=\"wp-caption alignnone\"><img loading=\"lazy\" decoding=\"async\" aria-describedby=\"caption-attachment-4504\" class=\"size-large wp-image-4504\" src=\"https:\/\/jteblogi.sivustamo.dev\/wp-content\/uploads\/2016\/01\/vesilintuja_01_Korppoo_01_16-600x314.jpg\" alt=\"UT\u00d6N SATAMALAHDELLE ALKAA KER\u00c4\u00c4NTY\u00c4 VESILINTUJA KUN SAARISTO HILJALLEEN J\u00c4\u00c4TYY\" width=\"600\" height=\"314\" srcset=\"https:\/\/jteblogi.sivustamo.dev\/wp-content\/uploads\/2016\/01\/vesilintuja_01_Korppoo_01_16-600x314.jpg 600w, https:\/\/jteblogi.sivustamo.dev\/wp-content\/uploads\/2016\/01\/vesilintuja_01_Korppoo_01_16-300x157.jpg 300w, https:\/\/jteblogi.sivustamo.dev\/wp-content\/uploads\/2016\/01\/vesilintuja_01_Korppoo_01_16.jpg 1050w\" sizes=\"auto, (max-width: 600px) 100vw, 600px\" \/><p id=\"caption-attachment-4504\" class=\"wp-caption-text\">UT\u00d6N SATAMALAHDELLE ALKAA KER\u00c4\u00c4NTY\u00c4 VESILINTUJA KUN SAARISTO HILJALLEEN J\u00c4\u00c4TYY<\/p><\/div>\n<p>Lauantaina 9.1.2016 oli pilvist\u00e4 ja pitkin p\u00e4iv\u00e4\u00e4 kevytt\u00e4 lumisadetta. It\u00e4tuuli oli 6-7 m\/s ja pakkasta 7 astetta, meri savuaa ja l\u00e4mp\u00f6v\u00e4reilee edelleen. Pari tuntia staijia luotsiasemalta ja p\u00e4\u00e4osa saaresta kierrettiin. Satamalahden rannat alkavat j\u00e4\u00e4ty\u00e4, samoin it\u00e4ranta, mutta vesilintuja on tullut lyhyess\u00e4 ajassa paljon lis\u00e4\u00e4 Fladanille. Sisemm\u00e4n saariston j\u00e4\u00e4tyminen n\u00e4kyy. Mainittavia havaintoja olivat mm. <strong>harmaahaikara<\/strong>, 2 laulujoutsenta, <strong>4 merisirri\u00e4<\/strong> (etel\u00e4k\u00e4rjen luodoilla), 2 uiveloa, 4 lapasotkaa, 210 telkk\u00e4\u00e4, 90 tukkasotkaa, tukkakoskelo ja 4 naurulokkia. Saaressa havaittiin my\u00f6s edelleen <strong>2 kangaskiurua<\/strong>, kiuru ja punarinta, lis\u00e4ksi 38 tilhe\u00e4, r\u00e4k\u00e4ttirastas, j\u00e4rripeippo, peippo ja illansuussa museon luona <strong>2 vuorihemppoa<\/strong> (jo eilen oli ollut yksi).<\/p>\n<div id=\"attachment_4505\" style=\"width: 610px\" class=\"wp-caption alignnone\"><img loading=\"lazy\" decoding=\"async\" aria-describedby=\"caption-attachment-4505\" class=\"size-large wp-image-4505\" src=\"https:\/\/jteblogi.sivustamo.dev\/wp-content\/uploads\/2016\/01\/kangaskiuru_10_Korppoo_01_16-600x343.jpg\" alt=\"KANGASKIURUT VIIHTYV\u00c4T UT\u00d6N SORATEILL\u00c4\" width=\"600\" height=\"343\" srcset=\"https:\/\/jteblogi.sivustamo.dev\/wp-content\/uploads\/2016\/01\/kangaskiuru_10_Korppoo_01_16-600x343.jpg 600w, https:\/\/jteblogi.sivustamo.dev\/wp-content\/uploads\/2016\/01\/kangaskiuru_10_Korppoo_01_16-300x171.jpg 300w, https:\/\/jteblogi.sivustamo.dev\/wp-content\/uploads\/2016\/01\/kangaskiuru_10_Korppoo_01_16.jpg 1050w\" sizes=\"auto, (max-width: 600px) 100vw, 600px\" \/><p id=\"caption-attachment-4505\" class=\"wp-caption-text\">KANGASKIURUT VIIHTYV\u00c4T UT\u00d6N SORATEILL\u00c4<\/p><\/div>\n<p>Sunnuntaina 10.1.2016 sama s\u00e4\u00e4tyyppi jatkui. Taivas oli paksussa pilvess\u00e4, muutama lumikuuro ja it\u00e4tuulta 9 m\/s. Pakkasta oli 5 astetta. Staijia tunnin verran ja saarikierros lukuun ottamatta etel\u00e4nieme\u00e4. Mainittavimmat havainnot olivat riskil\u00e4, 6 uiveloa, tukkakoskelo, lapasotka, 50 merimetsoa ja 4 naurulokkia. Vesilintuja oli eiliseen tapaan satamalahdella. Tilhi\u00e4 oli viel\u00e4 52, kangaskiuruja 2 ja <strong>kiuru<\/strong> it\u00e4rannalla. Vihervarpusia n\u00e4kyi 5, j\u00e4rripeippo, 3 peippoa, 2 pikkuvarpusta ja aamulla istuskeli\u00a0<strong>muuttohaukka<\/strong>\u00a0j\u00e4lleen Knivsk\u00e4rin reunamerkill\u00e4. Varesvuon Markus ja Minna sek\u00e4 Panu Muhli l\u00e4htiv\u00e4t p\u00e4iv\u00e4ll\u00e4 mantereelle.<\/p>\n<div id=\"attachment_4506\" style=\"width: 610px\" class=\"wp-caption alignnone\"><img loading=\"lazy\" decoding=\"async\" aria-describedby=\"caption-attachment-4506\" class=\"size-large wp-image-4506\" src=\"https:\/\/jteblogi.sivustamo.dev\/wp-content\/uploads\/2016\/01\/uivelo_01_Korppoo_01_16-600x314.jpg\" alt=\"UIVELOITA ON ILMESTYNYT FLADANILLE\" width=\"600\" height=\"314\" srcset=\"https:\/\/jteblogi.sivustamo.dev\/wp-content\/uploads\/2016\/01\/uivelo_01_Korppoo_01_16-600x314.jpg 600w, https:\/\/jteblogi.sivustamo.dev\/wp-content\/uploads\/2016\/01\/uivelo_01_Korppoo_01_16-300x157.jpg 300w, https:\/\/jteblogi.sivustamo.dev\/wp-content\/uploads\/2016\/01\/uivelo_01_Korppoo_01_16.jpg 1050w\" sizes=\"auto, (max-width: 600px) 100vw, 600px\" \/><p id=\"caption-attachment-4506\" class=\"wp-caption-text\">UIVELOITA ON ILMESTYNYT FLADANILLE<\/p><\/div>\n<p>Maanantaina 11.1.2016 lounaasta levisi lumisadealue ja lunta tulikin sakeasti pitkin \u201dvaloisaa\u201d aikaa, pakkasta oli pari astetta ja kaakkoistuuli kovaa: 15-17 m\/s. Ulkona olo oli v\u00e4h\u00e4ist\u00e4 ja olin muutenkin l\u00e4hd\u00f6ss\u00e4 mantereelle my\u00f6h\u00e4isen iltap\u00e4iv\u00e4n laivavuorolla. Havaintoja omalta pihalta olivat mm. 2 laulujoutsenta, 2 peippoa ja 16 tilhe\u00e4. Pieni kierros kyl\u00e4alueella pyryn keskell\u00e4 ei tuottanut mainittavia lis\u00e4haviksia.<\/p>\n<div id=\"attachment_4507\" style=\"width: 610px\" class=\"wp-caption alignnone\"><img loading=\"lazy\" decoding=\"async\" aria-describedby=\"caption-attachment-4507\" class=\"size-large wp-image-4507\" src=\"https:\/\/jteblogi.sivustamo.dev\/wp-content\/uploads\/2016\/01\/jarripeippo_01_Korppoo_01_16-600x371.jpg\" alt=\"KOMEA J\u00c4RRIPEIPPO K\u00c4Y RUOKINNALLAMME\" width=\"600\" height=\"371\" srcset=\"https:\/\/jteblogi.sivustamo.dev\/wp-content\/uploads\/2016\/01\/jarripeippo_01_Korppoo_01_16-600x371.jpg 600w, https:\/\/jteblogi.sivustamo.dev\/wp-content\/uploads\/2016\/01\/jarripeippo_01_Korppoo_01_16-300x186.jpg 300w, https:\/\/jteblogi.sivustamo.dev\/wp-content\/uploads\/2016\/01\/jarripeippo_01_Korppoo_01_16.jpg 1050w\" sizes=\"auto, (max-width: 600px) 100vw, 600px\" \/><p id=\"caption-attachment-4507\" class=\"wp-caption-text\">KOMEA J\u00c4RRIPEIPPO K\u00c4Y RUOKINNALLAMME<\/p><\/div>\n<div id=\"attachment_4508\" style=\"width: 610px\" class=\"wp-caption alignnone\"><img loading=\"lazy\" decoding=\"async\" aria-describedby=\"caption-attachment-4508\" class=\"size-large wp-image-4508\" src=\"https:\/\/jteblogi.sivustamo.dev\/wp-content\/uploads\/2016\/01\/telkka_10_Korppoo_01_16-600x343.jpg\" alt=\"TELKK\u00c4 ON T\u00c4M\u00c4N AJAN RUNSAIN VESILINTU\" width=\"600\" height=\"343\" srcset=\"https:\/\/jteblogi.sivustamo.dev\/wp-content\/uploads\/2016\/01\/telkka_10_Korppoo_01_16-600x343.jpg 600w, https:\/\/jteblogi.sivustamo.dev\/wp-content\/uploads\/2016\/01\/telkka_10_Korppoo_01_16-300x171.jpg 300w, https:\/\/jteblogi.sivustamo.dev\/wp-content\/uploads\/2016\/01\/telkka_10_Korppoo_01_16.jpg 1050w\" sizes=\"auto, (max-width: 600px) 100vw, 600px\" \/><p id=\"caption-attachment-4508\" class=\"wp-caption-text\">TELKK\u00c4 ON T\u00c4M\u00c4N AJAN RUNSAIN VESILINTU<\/p><\/div>\n","protected":false},"excerpt":{"rendered":"<p>Perjantaina 8.1.2016 l\u00e4hdin takaisin Ut\u00f6h\u00f6n, Outi j\u00e4i nyt mantereelle. Pakkasta oli Turussa 12 astetta, taivas selke\u00e4 ja tien pinnat kuurassa. Ajelin rauhallisesti Nauvoon, jossa \u201dohjelmassa\u201d totutusti kauppa ja kahvi sek\u00e4 pieni k\u00e4velykierros. M\/s Eivorille ei perjantai-illasta huolimatta kertynyt ihmeemmin v\u00e4ke\u00e4, &hellip; <a href=\"https:\/\/jteblogi.sivustamo.dev\/?p=4503\">Lue loppuun <span class=\"meta-nav\">&rarr;<\/span><\/a><\/p>\n","protected":false},"author":3,"featured_media":0,"comment_status":"closed","ping_status":"open","sticky":false,"template":"","format":"standard","meta":{"footnotes":""},"categories":[1,3],"tags":[],"class_list":["post-4503","post","type-post","status-publish","format-standard","hentry","category-ajankohtaista-linturetkilta","category-digikuvia-luonnosta"],"_links":{"self":[{"href":"https:\/\/jteblogi.sivustamo.dev\/index.php?rest_route=\/wp\/v2\/posts\/4503","targetHints":{"allow":["GET"]}}],"collection":[{"href":"https:\/\/jteblogi.sivustamo.dev\/index.php?rest_route=\/wp\/v2\/posts"}],"about":[{"href":"https:\/\/jteblogi.sivustamo.dev\/index.php?rest_route=\/wp\/v2\/types\/post"}],"author":[{"embeddable":true,"href":"https:\/\/jteblogi.sivustamo.dev\/index.php?rest_route=\/wp\/v2\/users\/3"}],"replies":[{"embeddable":true,"href":"https:\/\/jteblogi.sivustamo.dev\/index.php?rest_route=%2Fwp%2Fv2%2Fcomments&post=4503"}],"version-history":[{"count":1,"href":"https:\/\/jteblogi.sivustamo.dev\/index.php?rest_route=\/wp\/v2\/posts\/4503\/revisions"}],"predecessor-version":[{"id":4509,"href":"https:\/\/jteblogi.sivustamo.dev\/index.php?rest_route=\/wp\/v2\/posts\/4503\/revisions\/4509"}],"wp:attachment":[{"href":"https:\/\/jteblogi.sivustamo.dev\/index.php?rest_route=%2Fwp%2Fv2%2Fmedia&parent=4503"}],"wp:term":[{"taxonomy":"category","embeddable":true,"href":"https:\/\/jteblogi.sivustamo.dev\/index.php?rest_route=%2Fwp%2Fv2%2Fcategories&post=4503"},{"taxonomy":"post_tag","embeddable":true,"href":"https:\/\/jteblogi.sivustamo.dev\/index.php?rest_route=%2Fwp%2Fv2%2Ftags&post=4503"}],"curies":[{"name":"wp","href":"https:\/\/api.w.org\/{rel}","templated":true}]}}