{"id":4511,"date":"2016-01-17T18:43:18","date_gmt":"2016-01-17T16:43:18","guid":{"rendered":"https:\/\/jteblogi.sivustamo.dev\/?p=4511"},"modified":"2016-01-17T18:43:18","modified_gmt":"2016-01-17T16:43:18","slug":"ulkoilua-mantereella-kamera-folis","status":"publish","type":"post","link":"https:\/\/jteblogi.sivustamo.dev\/?p=4511","title":{"rendered":"Ulkoilua mantereella, kamera f\u00f6lis"},"content":{"rendered":"<p>Lauantaina 16.1.2016 k\u00e4yntiin Outin kanssa v\u00e4h\u00e4n ulkoilemassa Turun Ruissalossa ja Kaarinan Kuusistossa. Ilma oli puolipilvinen, pakkasta 12 astetta ja tyynt\u00e4. Kelpo keli siis. Aloitettiin Ruissalon Kolkasta, jossa tavoitteena oli paikalla liikkuneen valkoselk\u00e4tikan l\u00f6yt\u00e4minen mutta eip\u00e4 onnistunut. <strong>Pohjantikka<\/strong> koiras sent\u00e4\u00e4n n\u00e4htiin ja siit\u00e4 jokunen kuvakin saatiin, viihtyi vaan turhan korkealla kuusissa kuvausta ajatellen. Samassa puussa nakutteli my\u00f6s k\u00e4pytikka. Airistonselk\u00e4 n\u00e4ytti olevan p\u00e4\u00e4osin j\u00e4\u00e4ss\u00e4.<\/p>\n<div id=\"attachment_4512\" style=\"width: 610px\" class=\"wp-caption alignnone\"><img loading=\"lazy\" decoding=\"async\" aria-describedby=\"caption-attachment-4512\" class=\"size-large wp-image-4512\" src=\"https:\/\/jteblogi.sivustamo.dev\/wp-content\/uploads\/2016\/01\/pohjantikka_02_Turku_01_16-600x400.jpg\" alt=\"RUISSALON KOLKAN POHJANTIKKA\" width=\"600\" height=\"400\" srcset=\"https:\/\/jteblogi.sivustamo.dev\/wp-content\/uploads\/2016\/01\/pohjantikka_02_Turku_01_16-600x400.jpg 600w, https:\/\/jteblogi.sivustamo.dev\/wp-content\/uploads\/2016\/01\/pohjantikka_02_Turku_01_16-300x200.jpg 300w, https:\/\/jteblogi.sivustamo.dev\/wp-content\/uploads\/2016\/01\/pohjantikka_02_Turku_01_16.jpg 1050w\" sizes=\"auto, (max-width: 600px) 100vw, 600px\" \/><p id=\"caption-attachment-4512\" class=\"wp-caption-text\">RUISSALON KOLKAN POHJANTIKKA<\/p><\/div>\n<p>Seuraavaksi ajeltiin Ruissalon Veneveist\u00e4m\u00f6n tuntumaan, jossa on jo pitk\u00e4\u00e4n ollut isohko viiksitimaliparvi kuvattavissa autotien reunalta. Paikalla oli nytkin kuvaajia, selv\u00e4sti enemm\u00e4n (n. 10 kpl) kuin timaleita, joita n\u00e4kyi vain yksi naarasyksil\u00f6. No, toki tuota yksin\u00e4ist\u00e4 <strong>viiksitimalia<\/strong> jonkin aikaa kuvasimme. Jatkettiin reissuamme viel\u00e4 Kuusiston kappelim\u00e4elle, johon olen jo t\u00e4n\u00e4 talvena tehnyt pari hukkareissua valkoselk\u00e4tikan per\u00e4ss\u00e4. Ja nyt tuli kolmas hukkareissu. Valkoselki\u00e4 oli kaksikin ollut n\u00e4ytill\u00e4 aamup\u00e4iv\u00e4ll\u00e4 ja viel\u00e4 hetki ennen saapumistammekin toinen lintu mutta runsaan tunnin etsimisell\u00e4 l\u00f6ysimme vain yhden harmaap\u00e4\u00e4tikan. No, ei siin\u00e4 mit\u00e4\u00e4n \u2013 kahvit Tuorlan majatalossa maistuivat silti yht\u00e4 hyv\u00e4lt\u00e4 kuin ennenkin. Kotiin saavuttiin klo 16 maissa.<\/p>\n<div id=\"attachment_4513\" style=\"width: 610px\" class=\"wp-caption alignnone\"><img loading=\"lazy\" decoding=\"async\" aria-describedby=\"caption-attachment-4513\" class=\"size-large wp-image-4513\" src=\"https:\/\/jteblogi.sivustamo.dev\/wp-content\/uploads\/2016\/01\/viiksitimali_01_Turku_01_16-600x371.jpg\" alt=\"P\u00c4IV\u00c4N AINOA VIIKSITIMALI\" width=\"600\" height=\"371\" srcset=\"https:\/\/jteblogi.sivustamo.dev\/wp-content\/uploads\/2016\/01\/viiksitimali_01_Turku_01_16-600x371.jpg 600w, https:\/\/jteblogi.sivustamo.dev\/wp-content\/uploads\/2016\/01\/viiksitimali_01_Turku_01_16-300x186.jpg 300w, https:\/\/jteblogi.sivustamo.dev\/wp-content\/uploads\/2016\/01\/viiksitimali_01_Turku_01_16.jpg 1050w\" sizes=\"auto, (max-width: 600px) 100vw, 600px\" \/><p id=\"caption-attachment-4513\" class=\"wp-caption-text\">P\u00c4IV\u00c4N AINOA VIIKSITIMALI<\/p><\/div>\n<p>Sunnuntaina 17.1.2016 p\u00e4\u00e4timme Outin kanssa tehd\u00e4 kunnon kaupunkik\u00e4velyn kauniissa talvikeliss\u00e4. Pakkasta 10 astetta, taivas oli puolipilvinen. Aloitettiin Mannerheimin puistosta, jossa kuvattiin yh\u00e4 harvalukuisemmaksi k\u00e4yvi\u00e4 varpusia, ja kierrettiin Kakolanm\u00e4en yli Aurajoelle, F\u00f6rill\u00e4 yli ja WA-museossa kahvit ja keskustan kautta takaisin kotikulmille. Pari kameraakin oli matkassa mukana, pisin obiska kyll\u00e4kin j\u00e4tettiin kotiin.<\/p>\n<div id=\"attachment_4514\" style=\"width: 610px\" class=\"wp-caption alignnone\"><img loading=\"lazy\" decoding=\"async\" aria-describedby=\"caption-attachment-4514\" class=\"size-large wp-image-4514\" src=\"https:\/\/jteblogi.sivustamo.dev\/wp-content\/uploads\/2016\/01\/varpunen_02_Turku_01_16-600x400.jpg\" alt=\"VARPUSTA TULEE HARVOIN KUVATTUA, T\u00c4N\u00c4\u00c4N KORJATTIIN V\u00c4H\u00c4N VARPUSKANSION PUUTTEITA\" width=\"600\" height=\"400\" srcset=\"https:\/\/jteblogi.sivustamo.dev\/wp-content\/uploads\/2016\/01\/varpunen_02_Turku_01_16-600x400.jpg 600w, https:\/\/jteblogi.sivustamo.dev\/wp-content\/uploads\/2016\/01\/varpunen_02_Turku_01_16-300x200.jpg 300w, https:\/\/jteblogi.sivustamo.dev\/wp-content\/uploads\/2016\/01\/varpunen_02_Turku_01_16.jpg 1050w\" sizes=\"auto, (max-width: 600px) 100vw, 600px\" \/><p id=\"caption-attachment-4514\" class=\"wp-caption-text\">VARPUSTA TULEE HARVOIN KUVATTUA, T\u00c4N\u00c4\u00c4N KORJATTIIN V\u00c4H\u00c4N VARPUSKANSION PUUTTEITA<\/p><\/div>\n<div id=\"attachment_4515\" style=\"width: 610px\" class=\"wp-caption alignnone\"><img loading=\"lazy\" decoding=\"async\" aria-describedby=\"caption-attachment-4515\" class=\"size-large wp-image-4515\" src=\"https:\/\/jteblogi.sivustamo.dev\/wp-content\/uploads\/2016\/01\/sinisorsa_06_Turku_01_16-600x400.jpg\" alt=\"SINISORSIAKIN TULI KUVATTUA, NIIT\u00c4 RIITTI TUNGOKSEEN ASTI\" width=\"600\" height=\"400\" srcset=\"https:\/\/jteblogi.sivustamo.dev\/wp-content\/uploads\/2016\/01\/sinisorsa_06_Turku_01_16-600x400.jpg 600w, https:\/\/jteblogi.sivustamo.dev\/wp-content\/uploads\/2016\/01\/sinisorsa_06_Turku_01_16-300x200.jpg 300w, https:\/\/jteblogi.sivustamo.dev\/wp-content\/uploads\/2016\/01\/sinisorsa_06_Turku_01_16.jpg 1050w\" sizes=\"auto, (max-width: 600px) 100vw, 600px\" \/><p id=\"caption-attachment-4515\" class=\"wp-caption-text\">SINISORSIAKIN TULI KUVATTUA, NIIT\u00c4 RIITTI TUNGOKSEEN ASTI<\/p><\/div>\n","protected":false},"excerpt":{"rendered":"<p>Lauantaina 16.1.2016 k\u00e4yntiin Outin kanssa v\u00e4h\u00e4n ulkoilemassa Turun Ruissalossa ja Kaarinan Kuusistossa. Ilma oli puolipilvinen, pakkasta 12 astetta ja tyynt\u00e4. Kelpo keli siis. Aloitettiin Ruissalon Kolkasta, jossa tavoitteena oli paikalla liikkuneen valkoselk\u00e4tikan l\u00f6yt\u00e4minen mutta eip\u00e4 onnistunut. Pohjantikka koiras sent\u00e4\u00e4n n\u00e4htiin &hellip; <a href=\"https:\/\/jteblogi.sivustamo.dev\/?p=4511\">Lue loppuun <span class=\"meta-nav\">&rarr;<\/span><\/a><\/p>\n","protected":false},"author":3,"featured_media":0,"comment_status":"closed","ping_status":"open","sticky":false,"template":"","format":"standard","meta":{"footnotes":""},"categories":[1,3],"tags":[],"class_list":["post-4511","post","type-post","status-publish","format-standard","hentry","category-ajankohtaista-linturetkilta","category-digikuvia-luonnosta"],"_links":{"self":[{"href":"https:\/\/jteblogi.sivustamo.dev\/index.php?rest_route=\/wp\/v2\/posts\/4511","targetHints":{"allow":["GET"]}}],"collection":[{"href":"https:\/\/jteblogi.sivustamo.dev\/index.php?rest_route=\/wp\/v2\/posts"}],"about":[{"href":"https:\/\/jteblogi.sivustamo.dev\/index.php?rest_route=\/wp\/v2\/types\/post"}],"author":[{"embeddable":true,"href":"https:\/\/jteblogi.sivustamo.dev\/index.php?rest_route=\/wp\/v2\/users\/3"}],"replies":[{"embeddable":true,"href":"https:\/\/jteblogi.sivustamo.dev\/index.php?rest_route=%2Fwp%2Fv2%2Fcomments&post=4511"}],"version-history":[{"count":1,"href":"https:\/\/jteblogi.sivustamo.dev\/index.php?rest_route=\/wp\/v2\/posts\/4511\/revisions"}],"predecessor-version":[{"id":4516,"href":"https:\/\/jteblogi.sivustamo.dev\/index.php?rest_route=\/wp\/v2\/posts\/4511\/revisions\/4516"}],"wp:attachment":[{"href":"https:\/\/jteblogi.sivustamo.dev\/index.php?rest_route=%2Fwp%2Fv2%2Fmedia&parent=4511"}],"wp:term":[{"taxonomy":"category","embeddable":true,"href":"https:\/\/jteblogi.sivustamo.dev\/index.php?rest_route=%2Fwp%2Fv2%2Fcategories&post=4511"},{"taxonomy":"post_tag","embeddable":true,"href":"https:\/\/jteblogi.sivustamo.dev\/index.php?rest_route=%2Fwp%2Fv2%2Ftags&post=4511"}],"curies":[{"name":"wp","href":"https:\/\/api.w.org\/{rel}","templated":true}]}}