{"id":6850,"date":"2018-09-26T18:42:04","date_gmt":"2018-09-26T16:42:04","guid":{"rendered":"https:\/\/jteblogi.sivustamo.dev\/?p=6850"},"modified":"2018-09-26T18:42:04","modified_gmt":"2018-09-26T16:42:04","slug":"syysmyrskya-ja-reipasta-muuttoa","status":"publish","type":"post","link":"https:\/\/jteblogi.sivustamo.dev\/?p=6850","title":{"rendered":"Syysmyrsky\u00e4 ja reipasta muuttoa"},"content":{"rendered":"<p>Maanantaina 24.9.2018 tuuli oli k\u00e4\u00e4ntynyt y\u00f6ll\u00e4 luoteeseen ja voimistui p\u00e4iv\u00e4n aikana 10-15 m\/s, ilma oli viilentynyt 11 asteeseen ja p\u00e4\u00e4osin oli aurinkoista, mutta sadekuurojakin saatiin. Staijia taas pitkin p\u00e4iv\u00e4\u00e4 luotsiaseman suojassa ja saari kompattiin. Muuttavana n\u00e4htiin mm. 15 mets\u00e4hanhea, 65 haapanaa, <strong>3360<\/strong> haahkaa, 65 allia, 42 mustalintua, 25 pilkkasiipe\u00e4, 3 kaakkuria, 29 kuikkaa, 42 <em>Gaviaa<\/em>, silkkiuikku, 844 merimetsoa, ruokki, 3 merikihua, 258 kurkea, 54 sepelkyyhky\u00e4 ja 3 mustavarista. Petolintujakin muutti edelleen mukavasti \u2013 217 varpushaukkaa, 10 sinisuohaukkaa, 7 <em>Circus sp<\/em>, 8 tuulihaukkaa, 2 ampuhaukkaa ja <strong>muuttohaukka<\/strong>. Saaressa n\u00e4htiin mm. 11 harmaahaikaraa, 2 tylli\u00e4, 7 taivaanvuohta, 2 suosirri\u00e4, valkoviklo ja pikkulinnuista mm. kangaskiuru, 2 kulorastasta, 2 mustap\u00e4\u00e4kerttua, <strong>pikkusieppo<\/strong> ja syksyn ekat 8 kuusitiaista. <strong>Turturikyyhky<\/strong> oleskeli edelleen saaressa ja oli illansuussa kauniisti n\u00e4ht\u00e4vill\u00e4 it\u00e4niityn reunalla. Saareen saapuivat t\u00e4n\u00e4\u00e4n lintureissulle Saarnion Jarmo ja Lasse Kaartinen.<\/p>\n<div id=\"attachment_6851\" style=\"width: 610px\" class=\"wp-caption alignnone\"><img loading=\"lazy\" decoding=\"async\" aria-describedby=\"caption-attachment-6851\" class=\"size-large wp-image-6851\" src=\"https:\/\/jteblogi.sivustamo.dev\/wp-content\/uploads\/2018\/09\/kurki_01_Korppoo_09_18-600x400.jpg\" alt=\"KURKIMUUTTO YLSI PIENELT\u00c4 OSIN MY\u00d6S UT\u00d6H\u00d6N\" width=\"600\" height=\"400\" srcset=\"https:\/\/jteblogi.sivustamo.dev\/wp-content\/uploads\/2018\/09\/kurki_01_Korppoo_09_18-600x400.jpg 600w, https:\/\/jteblogi.sivustamo.dev\/wp-content\/uploads\/2018\/09\/kurki_01_Korppoo_09_18-300x200.jpg 300w, https:\/\/jteblogi.sivustamo.dev\/wp-content\/uploads\/2018\/09\/kurki_01_Korppoo_09_18.jpg 1050w\" sizes=\"auto, (max-width: 600px) 100vw, 600px\" \/><p id=\"caption-attachment-6851\" class=\"wp-caption-text\">KURKIMUUTTO YLSI PIENELT\u00c4 OSIN MY\u00d6S UT\u00d6H\u00d6N<\/p><\/div>\n<div id=\"attachment_6855\" style=\"width: 610px\" class=\"wp-caption alignnone\"><img loading=\"lazy\" decoding=\"async\" aria-describedby=\"caption-attachment-6855\" class=\"size-large wp-image-6855\" src=\"https:\/\/jteblogi.sivustamo.dev\/wp-content\/uploads\/2018\/09\/turturikyyhky_05_Korppoo_09_18-600x371.jpg\" alt=\"TURTURIKYYHKY VIIHTYY EDELLEEN SAARESSA\" width=\"600\" height=\"371\" srcset=\"https:\/\/jteblogi.sivustamo.dev\/wp-content\/uploads\/2018\/09\/turturikyyhky_05_Korppoo_09_18-600x371.jpg 600w, https:\/\/jteblogi.sivustamo.dev\/wp-content\/uploads\/2018\/09\/turturikyyhky_05_Korppoo_09_18-300x186.jpg 300w, https:\/\/jteblogi.sivustamo.dev\/wp-content\/uploads\/2018\/09\/turturikyyhky_05_Korppoo_09_18.jpg 1050w\" sizes=\"auto, (max-width: 600px) 100vw, 600px\" \/><p id=\"caption-attachment-6855\" class=\"wp-caption-text\">TURTURIKYYHKY VIIHTYY EDELLEEN SAARESSA<\/p><\/div>\n<p>Tiistaina 25.9.2018 oli edelleen kovaa luoteistuulta \u2013 11-16 m\/s koko p\u00e4iv\u00e4n. Taivas oli puolipilvinen, pari vesikuuroa ja l\u00e4mp\u00f6\u00e4 oli 12 astetta. Taas staijia l\u00e4hes koko p\u00e4iv\u00e4n plus koko saaren komppaus. Muuttavana n\u00e4htiin mm. ristisorsa, 830 haahkaa, 200 allia, 20 mustalintua, 24 pilkkasiipe\u00e4, 2 kaakkuria, 17 kuikkaa, 45 <em>Gaviaa<\/em>, silkkiuikku, 220 merimetsoa ja 109 kurkea. Petolintuja n\u00e4htiin 11 sinisuohaukkaa (+3 <em>sp<\/em>), 132 varpushaukkaa, hiirihaukka, 3 piekanaa (syksyn ekat), 4 tuulihaukkaa ja ampuhaukka. Saaressa n\u00e4htiin mm. 3 tylli\u00e4, 3 taivaanvuohta, valkoviklo, 4 kapustarintaa, 4 kangaskiurua, 3 lapinkirvist\u00e4, <strong>pikkusieppo<\/strong>, 2 kuusitiaista ja 6 pikkuvarpusta. P\u00e4iv\u00e4n laji oli taas <strong>aroharmaalokki<\/strong> \u2013 sama 1kv lintu kuin pari p\u00e4iv\u00e4\u00e4 sitten ilmestyi taas luotsiaseman edustalle ja hengaili saaren ymp\u00e4rill\u00e4 koko p\u00e4iv\u00e4n. Iltap\u00e4iv\u00e4ll\u00e4 <em>cace<\/em> oli jonkin aikaa hyvin kuvattavissa (\u201dh\u00f6yhenentarkat kuvat\u201d) Fladaninkin puolella ja hoitui helposti my\u00f6s pihapinnaksi.<\/p>\n<div id=\"attachment_6852\" style=\"width: 610px\" class=\"wp-caption alignnone\"><img loading=\"lazy\" decoding=\"async\" aria-describedby=\"caption-attachment-6852\" class=\"size-large wp-image-6852\" src=\"https:\/\/jteblogi.sivustamo.dev\/wp-content\/uploads\/2018\/09\/punarinta_02_Korppoo_09_18-600x390.jpg\" alt=\"PUNARINTOJEN MUUTTO ON TOISTAISEKSI OLLUT HYVIN NIUKKAA\" width=\"600\" height=\"390\" srcset=\"https:\/\/jteblogi.sivustamo.dev\/wp-content\/uploads\/2018\/09\/punarinta_02_Korppoo_09_18-600x390.jpg 600w, https:\/\/jteblogi.sivustamo.dev\/wp-content\/uploads\/2018\/09\/punarinta_02_Korppoo_09_18-300x195.jpg 300w, https:\/\/jteblogi.sivustamo.dev\/wp-content\/uploads\/2018\/09\/punarinta_02_Korppoo_09_18.jpg 1000w\" sizes=\"auto, (max-width: 600px) 100vw, 600px\" \/><p id=\"caption-attachment-6852\" class=\"wp-caption-text\">PUNARINTOJEN MUUTTO ON TOISTAISEKSI OLLUT HYVIN NIUKKAA<\/p><\/div>\n<p>Keskiviikkona 26.9.2018 oli j\u00e4lleen myrskyp\u00e4iv\u00e4 \u2013 lounaistuuli oli kovaa koko p\u00e4iv\u00e4n, enimmill\u00e4\u00e4n 22 m\/s ja puuskat 28 m\/s. Sadetta saatiin aamup\u00e4iv\u00e4st\u00e4 alkaen, loppui klo 14 j\u00e4lkeen, ja illalla pilkisti v\u00e4h\u00e4n aurinkokin. L\u00e4mp\u00f6\u00e4 oli 10 astetta. Staijia majakalla aamulla tunnin verran ja saaren komppausta sateen tauottua. N\u00e4htiin muuttavana mm. 30 haapanaa, 480 haahkaa, 2 sinisuohaukkaa, 9 varpushaukkaa ja 2 tuulihaukkaa. Saaressa n\u00e4htiin mm. 2 suosirri\u00e4, pikkusirri ja tundrakurmitsa it\u00e4rannalla, k\u00e4pytikka sek\u00e4 <strong>turturikyyhky<\/strong> edelleen. My\u00f6s 1kv <strong>aroharmaalokki<\/strong> viihtyi edelleen koko p\u00e4iv\u00e4n paikalla ja k\u00e4vi useita kertoja luotsilaiturin tuntumassa, eli kuviakin syntyi lis\u00e4\u00e4. Saareen saapuivat iltap\u00e4iv\u00e4n reippaassa merenk\u00e4ynniss\u00e4 mm. Varesvuon Markus ja Minna, Tittosen Jouni ja Outikin tuli mantereen visiitilt\u00e4 kotiin. Kekki ja Lagerroos puolestaan l\u00e4htiv\u00e4t mantereelle.<\/p>\n<div id=\"attachment_6853\" style=\"width: 610px\" class=\"wp-caption alignnone\"><img loading=\"lazy\" decoding=\"async\" aria-describedby=\"caption-attachment-6853\" class=\"size-large wp-image-6853\" src=\"https:\/\/jteblogi.sivustamo.dev\/wp-content\/uploads\/2018\/09\/eivor_09_18-600x371.jpg\" alt=\"M\/S EIVOR SAAPUI TURVALLISESTI KOVATUULISELTA MERELT\u00c4\" width=\"600\" height=\"371\" srcset=\"https:\/\/jteblogi.sivustamo.dev\/wp-content\/uploads\/2018\/09\/eivor_09_18-600x371.jpg 600w, https:\/\/jteblogi.sivustamo.dev\/wp-content\/uploads\/2018\/09\/eivor_09_18-300x186.jpg 300w, https:\/\/jteblogi.sivustamo.dev\/wp-content\/uploads\/2018\/09\/eivor_09_18.jpg 1050w\" sizes=\"auto, (max-width: 600px) 100vw, 600px\" \/><p id=\"caption-attachment-6853\" class=\"wp-caption-text\">M\/S EIVOR SAAPUI TURVALLISESTI KOVATUULISELTA MERELT\u00c4<\/p><\/div>\n<div id=\"attachment_6854\" style=\"width: 610px\" class=\"wp-caption alignnone\"><img loading=\"lazy\" decoding=\"async\" aria-describedby=\"caption-attachment-6854\" class=\"size-large wp-image-6854\" src=\"https:\/\/jteblogi.sivustamo.dev\/wp-content\/uploads\/2018\/09\/harmaasieppo_05_Korppoo_09_18-600x371.jpg\" alt=\"HARMAASIEPPOJEN MUUTTO ALKAA OLLA OHI\" width=\"600\" height=\"371\" srcset=\"https:\/\/jteblogi.sivustamo.dev\/wp-content\/uploads\/2018\/09\/harmaasieppo_05_Korppoo_09_18-600x371.jpg 600w, https:\/\/jteblogi.sivustamo.dev\/wp-content\/uploads\/2018\/09\/harmaasieppo_05_Korppoo_09_18-300x186.jpg 300w, https:\/\/jteblogi.sivustamo.dev\/wp-content\/uploads\/2018\/09\/harmaasieppo_05_Korppoo_09_18.jpg 1050w\" sizes=\"auto, (max-width: 600px) 100vw, 600px\" \/><p id=\"caption-attachment-6854\" class=\"wp-caption-text\">HARMAASIEPPOJEN MUUTTO ALKAA OLLA OHI<\/p><\/div>\n","protected":false},"excerpt":{"rendered":"<p>Maanantaina 24.9.2018 tuuli oli k\u00e4\u00e4ntynyt y\u00f6ll\u00e4 luoteeseen ja voimistui p\u00e4iv\u00e4n aikana 10-15 m\/s, ilma oli viilentynyt 11 asteeseen ja p\u00e4\u00e4osin oli aurinkoista, mutta sadekuurojakin saatiin. Staijia taas pitkin p\u00e4iv\u00e4\u00e4 luotsiaseman suojassa ja saari kompattiin. Muuttavana n\u00e4htiin mm. 15 mets\u00e4hanhea, 65 &hellip; <a href=\"https:\/\/jteblogi.sivustamo.dev\/?p=6850\">Lue loppuun <span class=\"meta-nav\">&rarr;<\/span><\/a><\/p>\n","protected":false},"author":3,"featured_media":0,"comment_status":"closed","ping_status":"open","sticky":false,"template":"","format":"standard","meta":{"footnotes":""},"categories":[1,3],"tags":[],"class_list":["post-6850","post","type-post","status-publish","format-standard","hentry","category-ajankohtaista-linturetkilta","category-digikuvia-luonnosta"],"_links":{"self":[{"href":"https:\/\/jteblogi.sivustamo.dev\/index.php?rest_route=\/wp\/v2\/posts\/6850","targetHints":{"allow":["GET"]}}],"collection":[{"href":"https:\/\/jteblogi.sivustamo.dev\/index.php?rest_route=\/wp\/v2\/posts"}],"about":[{"href":"https:\/\/jteblogi.sivustamo.dev\/index.php?rest_route=\/wp\/v2\/types\/post"}],"author":[{"embeddable":true,"href":"https:\/\/jteblogi.sivustamo.dev\/index.php?rest_route=\/wp\/v2\/users\/3"}],"replies":[{"embeddable":true,"href":"https:\/\/jteblogi.sivustamo.dev\/index.php?rest_route=%2Fwp%2Fv2%2Fcomments&post=6850"}],"version-history":[{"count":1,"href":"https:\/\/jteblogi.sivustamo.dev\/index.php?rest_route=\/wp\/v2\/posts\/6850\/revisions"}],"predecessor-version":[{"id":6856,"href":"https:\/\/jteblogi.sivustamo.dev\/index.php?rest_route=\/wp\/v2\/posts\/6850\/revisions\/6856"}],"wp:attachment":[{"href":"https:\/\/jteblogi.sivustamo.dev\/index.php?rest_route=%2Fwp%2Fv2%2Fmedia&parent=6850"}],"wp:term":[{"taxonomy":"category","embeddable":true,"href":"https:\/\/jteblogi.sivustamo.dev\/index.php?rest_route=%2Fwp%2Fv2%2Fcategories&post=6850"},{"taxonomy":"post_tag","embeddable":true,"href":"https:\/\/jteblogi.sivustamo.dev\/index.php?rest_route=%2Fwp%2Fv2%2Ftags&post=6850"}],"curies":[{"name":"wp","href":"https:\/\/api.w.org\/{rel}","templated":true}]}}