{"id":8040,"date":"2020-02-09T17:35:58","date_gmt":"2020-02-09T15:35:58","guid":{"rendered":"https:\/\/jteblogi.sivustamo.dev\/?p=8040"},"modified":"2020-02-09T17:35:58","modified_gmt":"2020-02-09T15:35:58","slug":"helmikuinen-mukuru","status":"publish","type":"post","link":"https:\/\/jteblogi.sivustamo.dev\/?p=8040","title":{"rendered":"Helmikuinen mukuru!"},"content":{"rendered":"<p>Lauantaina 8.2.2020 oli aika palata Ut\u00f6h\u00f6n, Outi j\u00e4i viel\u00e4 mantereelle. Ajelin pilvisen\u00e4 aamuna Nauvoon, l\u00e4mp\u00f6\u00e4 oli +1 aste ja tuuli heikkoa ja ilma sumuinen. K\u00e4vin kaffella ja pist\u00e4ydyin vierasvenesatamassa, jossa n\u00e4kyi paikalla jo jonkin aikaa viihtynyt koiras <strong>harmaasorsa<\/strong>, sinisorsien seurassa. Tapasin paikalla my\u00f6s J\u00e4rvisen Mikon ja Wallinin Juhan, molemmat olivat my\u00f6s tulossa Ut\u00f6h\u00f6n. M\/s K\u00f6karille kertyi niukasti v\u00e4ke\u00e4 ja matka Ut\u00f6h\u00f6n sujui leppoisasti, perill\u00e4 oltiin klo 17.30 aikoihin. Matkalla ei n\u00e4kynyt merikotkaa kummempaa, mutta p\u00e4\u00e4osin oltiinkin sis\u00e4tiloissa. Saaressa oli paikalla lintureissulla Hyv\u00e4risen Ismo.<\/p>\n<div id=\"attachment_8041\" style=\"width: 610px\" class=\"wp-caption alignnone\"><img loading=\"lazy\" decoding=\"async\" aria-describedby=\"caption-attachment-8041\" class=\"size-large wp-image-8041\" src=\"https:\/\/jteblogi.sivustamo.dev\/wp-content\/uploads\/2020\/02\/urpiainen_01_Korppoo_02_20-600x371.jpg\" alt=\"PIENI\u00c4 M\u00c4\u00c4RI\u00c4 URPIAISIA N\u00c4KYY SAARESSA SILLOIN T\u00c4LL\u00d6IN\" width=\"600\" height=\"371\" srcset=\"https:\/\/jteblogi.sivustamo.dev\/wp-content\/uploads\/2020\/02\/urpiainen_01_Korppoo_02_20-600x371.jpg 600w, https:\/\/jteblogi.sivustamo.dev\/wp-content\/uploads\/2020\/02\/urpiainen_01_Korppoo_02_20-300x186.jpg 300w, https:\/\/jteblogi.sivustamo.dev\/wp-content\/uploads\/2020\/02\/urpiainen_01_Korppoo_02_20.jpg 1050w\" sizes=\"auto, (max-width: 600px) 100vw, 600px\" \/><p id=\"caption-attachment-8041\" class=\"wp-caption-text\">PIENI\u00c4 M\u00c4\u00c4RI\u00c4 URPIAISIA N\u00c4KYY SAARESSA SILLOIN T\u00c4LL\u00d6IN<\/p><\/div>\n<p>Sunnuntaina 9.2.2020 p\u00e4\u00e4osin pilvist\u00e4, aluksi oli navakkaa (12-14 m\/s) lounaistuulta, joka illaksi k\u00e4\u00e4ntyi etel\u00e4\u00e4n ja voimistui l\u00e4hes 20 m\/s. L\u00e4nnest\u00e4 l\u00e4hestyy syv\u00e4 matalapaine. L\u00e4mp\u00f6\u00e4 oli t\u00e4n\u00e4\u00e4n 5 astetta. Lyhyt staiji aamulla merelle mutta p\u00e4iv\u00e4 kului koko saaren komppauksessa, vain etel\u00e4k\u00e4rki j\u00e4i k\u00e4ym\u00e4tt\u00e4. Havaittiin mm. 2 n\u00e4rhe\u00e4, satamalahdella n. 70 tukkasotkaa, <strong>luhtakana<\/strong>, 2 rautiaista, 4 punarintaa, 6 peukaloista, kiuru, niittykirvinen, mustap\u00e4\u00e4kerttu, 3 pikkuvarpusta, 14 vihervarpusta ja it\u00e4rannalla <strong>vuorihemppo<\/strong>. Tammikuussa it\u00e4rannalla pitk\u00e4\u00e4n viihtynyt vuorihemppo on ollut poissa kolmisen viikkoa \u2013 lieneek\u00f6 tullut takaisin vai onkohan eri yksil\u00f6? P\u00e4iv\u00e4n varsinainen yll\u00e4tys oli Mikon aamup\u00e4iv\u00e4ll\u00e4 koulun lahdelta l\u00f6yt\u00e4m\u00e4 <strong>mustakurkku-uikku<\/strong>! Taitaa olla vasta toinen helmikuinen mukuru kautta aikain Suomessa. Lintu on l\u00e4hes juhlapukuinen, joka viittaa enemm\u00e4n etel\u00e4st\u00e4 kuin mantereen suunnasta saapuneeseen yksil\u00f6\u00f6n. P\u00e4iv\u00e4ll\u00e4 l\u00f6ysin viel\u00e4 it\u00e4niitylt\u00e4 <strong>j\u00e4nk\u00e4kurpan<\/strong>, jonka muutkin ehtiv\u00e4t \u201dhoitaa\u201d ennen laivan l\u00e4ht\u00f6\u00e4. Ismo l\u00e4hti iltap\u00e4iv\u00e4ll\u00e4 mantereelle ja Mikko ja Juha Jurmoon.<\/p>\n<p><img loading=\"lazy\" decoding=\"async\" class=\"alignnone size-large wp-image-8042\" src=\"https:\/\/jteblogi.sivustamo.dev\/wp-content\/uploads\/2020\/02\/mustakurkku_uikku_02_Korppoo_02_20-600x400.jpg\" alt=\"mustakurkku_uikku_02_Korppoo_02_20\" width=\"600\" height=\"400\" srcset=\"https:\/\/jteblogi.sivustamo.dev\/wp-content\/uploads\/2020\/02\/mustakurkku_uikku_02_Korppoo_02_20-600x400.jpg 600w, https:\/\/jteblogi.sivustamo.dev\/wp-content\/uploads\/2020\/02\/mustakurkku_uikku_02_Korppoo_02_20-300x200.jpg 300w, https:\/\/jteblogi.sivustamo.dev\/wp-content\/uploads\/2020\/02\/mustakurkku_uikku_02_Korppoo_02_20.jpg 1050w\" sizes=\"auto, (max-width: 600px) 100vw, 600px\" \/><\/p>\n<div id=\"attachment_8043\" style=\"width: 610px\" class=\"wp-caption alignnone\"><img loading=\"lazy\" decoding=\"async\" aria-describedby=\"caption-attachment-8043\" class=\"size-large wp-image-8043\" src=\"https:\/\/jteblogi.sivustamo.dev\/wp-content\/uploads\/2020\/02\/mustakurkku_uikku_05_Korppoo_02_20-600x400.jpg\" alt=\"MUSTAKURKKU-UIKKU, &quot;MUKURU&quot;, N\u00c4IN HELMIKUUSSA OLI AIKAMOINEN YLL\u00c4TYS\" width=\"600\" height=\"400\" srcset=\"https:\/\/jteblogi.sivustamo.dev\/wp-content\/uploads\/2020\/02\/mustakurkku_uikku_05_Korppoo_02_20-600x400.jpg 600w, https:\/\/jteblogi.sivustamo.dev\/wp-content\/uploads\/2020\/02\/mustakurkku_uikku_05_Korppoo_02_20-300x200.jpg 300w, https:\/\/jteblogi.sivustamo.dev\/wp-content\/uploads\/2020\/02\/mustakurkku_uikku_05_Korppoo_02_20.jpg 1050w\" sizes=\"auto, (max-width: 600px) 100vw, 600px\" \/><p id=\"caption-attachment-8043\" class=\"wp-caption-text\">MUSTAKURKKU-UIKKU, &#8221;MUKURU&#8221;, N\u00c4IN HELMIKUUSSA OLI AIKAMOINEN YLL\u00c4TYS<\/p><\/div>\n","protected":false},"excerpt":{"rendered":"<p>Lauantaina 8.2.2020 oli aika palata Ut\u00f6h\u00f6n, Outi j\u00e4i viel\u00e4 mantereelle. Ajelin pilvisen\u00e4 aamuna Nauvoon, l\u00e4mp\u00f6\u00e4 oli +1 aste ja tuuli heikkoa ja ilma sumuinen. K\u00e4vin kaffella ja pist\u00e4ydyin vierasvenesatamassa, jossa n\u00e4kyi paikalla jo jonkin aikaa viihtynyt koiras harmaasorsa, sinisorsien seurassa. &hellip; <a href=\"https:\/\/jteblogi.sivustamo.dev\/?p=8040\">Lue loppuun <span class=\"meta-nav\">&rarr;<\/span><\/a><\/p>\n","protected":false},"author":3,"featured_media":0,"comment_status":"closed","ping_status":"open","sticky":false,"template":"","format":"standard","meta":{"footnotes":""},"categories":[1,3],"tags":[],"class_list":["post-8040","post","type-post","status-publish","format-standard","hentry","category-ajankohtaista-linturetkilta","category-digikuvia-luonnosta"],"_links":{"self":[{"href":"https:\/\/jteblogi.sivustamo.dev\/index.php?rest_route=\/wp\/v2\/posts\/8040","targetHints":{"allow":["GET"]}}],"collection":[{"href":"https:\/\/jteblogi.sivustamo.dev\/index.php?rest_route=\/wp\/v2\/posts"}],"about":[{"href":"https:\/\/jteblogi.sivustamo.dev\/index.php?rest_route=\/wp\/v2\/types\/post"}],"author":[{"embeddable":true,"href":"https:\/\/jteblogi.sivustamo.dev\/index.php?rest_route=\/wp\/v2\/users\/3"}],"replies":[{"embeddable":true,"href":"https:\/\/jteblogi.sivustamo.dev\/index.php?rest_route=%2Fwp%2Fv2%2Fcomments&post=8040"}],"version-history":[{"count":1,"href":"https:\/\/jteblogi.sivustamo.dev\/index.php?rest_route=\/wp\/v2\/posts\/8040\/revisions"}],"predecessor-version":[{"id":8044,"href":"https:\/\/jteblogi.sivustamo.dev\/index.php?rest_route=\/wp\/v2\/posts\/8040\/revisions\/8044"}],"wp:attachment":[{"href":"https:\/\/jteblogi.sivustamo.dev\/index.php?rest_route=%2Fwp%2Fv2%2Fmedia&parent=8040"}],"wp:term":[{"taxonomy":"category","embeddable":true,"href":"https:\/\/jteblogi.sivustamo.dev\/index.php?rest_route=%2Fwp%2Fv2%2Fcategories&post=8040"},{"taxonomy":"post_tag","embeddable":true,"href":"https:\/\/jteblogi.sivustamo.dev\/index.php?rest_route=%2Fwp%2Fv2%2Ftags&post=8040"}],"curies":[{"name":"wp","href":"https:\/\/api.w.org\/{rel}","templated":true}]}}