{"id":8046,"date":"2020-02-13T18:22:48","date_gmt":"2020-02-13T16:22:48","guid":{"rendered":"https:\/\/jteblogi.sivustamo.dev\/?p=8046"},"modified":"2020-02-13T18:22:48","modified_gmt":"2020-02-13T16:22:48","slug":"kevatmuutto-kaynnistyy","status":"publish","type":"post","link":"https:\/\/jteblogi.sivustamo.dev\/?p=8046","title":{"rendered":"Kev\u00e4tmuutto k\u00e4ynnistyy"},"content":{"rendered":"<p>Maanantaina 10.2.2020 oli myrskyinen p\u00e4iv\u00e4, kovimmillaan etel\u00e4tuuli oli y\u00f6ll\u00e4 n. 21 m\/s ja puuskat 28 m\/s. P\u00e4iv\u00e4ll\u00e4 tuuli hiljalleen rauhoittui 14-18 m\/s v\u00e4lille. L\u00e4mp\u00f6\u00e4 oli 6 astetta ja sadetta y\u00f6ll\u00e4 ja illalla, p\u00e4iv\u00e4ll\u00e4 oli mukavan puolipilvist\u00e4. Keskityin t\u00e4n\u00e4\u00e4n enemm\u00e4n kuvaamiseen, mutta koko saari tuli kierretty\u00e4 ja aamulla staijiakin tunti majakalla. N\u00e4in mm. mustalinnun, 3 pilkkasiipe\u00e4, 2 n\u00e4rhe\u00e4, kiurun, peukaloisen, punarinnan, rautiaisen, 2 pikkuvarpusta ja vuoden ekan <strong>sepelkyyhkyn<\/strong>, joka oli ilmestynyt Gamla Postenin m\u00e4nnikk\u00f6\u00f6n. Kalalokkeja oli useita satoja l\u00e4hiluodoilla. Myrskyis\u00e4n tuulen takia yhteysalus m\/s K\u00f6kar ei kulkenut t\u00e4n\u00e4\u00e4n lainkaan.<\/p>\n<div id=\"attachment_8047\" style=\"width: 610px\" class=\"wp-caption alignnone\"><img loading=\"lazy\" decoding=\"async\" aria-describedby=\"caption-attachment-8047\" class=\"size-large wp-image-8047\" src=\"https:\/\/jteblogi.sivustamo.dev\/wp-content\/uploads\/2020\/02\/kalalokki_09_Korppoo_02_20-600x371.jpg\" alt=\"KALALOKIT HAKIVAT RUOKAA KOMEISTA AALLOISTA\" width=\"600\" height=\"371\" srcset=\"https:\/\/jteblogi.sivustamo.dev\/wp-content\/uploads\/2020\/02\/kalalokki_09_Korppoo_02_20-600x371.jpg 600w, https:\/\/jteblogi.sivustamo.dev\/wp-content\/uploads\/2020\/02\/kalalokki_09_Korppoo_02_20-300x186.jpg 300w, https:\/\/jteblogi.sivustamo.dev\/wp-content\/uploads\/2020\/02\/kalalokki_09_Korppoo_02_20.jpg 1050w\" sizes=\"auto, (max-width: 600px) 100vw, 600px\" \/><p id=\"caption-attachment-8047\" class=\"wp-caption-text\">KALALOKIT HAKIVAT RUOKAA KOMEISTA AALLOISTA<\/p><\/div>\n<p>Tiistaina 11.2.2020 jatkui navakka lounaistuuli, 11-14 m\/s. Taivas oli puolipilvinen ja l\u00e4mp\u00f6\u00e4 oli 5 astetta. Staijia tunti aamulla majakalla ja kiersin koko saaren lukuun ottamatta Ensk\u00e4ri\u00e4. Taas keskityin enemm\u00e4n kuvaamiseen kuin lintujen hakemiseen, mutta n\u00e4in mm. 6 allia, 2 mustalintua, silkkiuikun edelleen (nyt Fladanilla), sepelkyyhkyn ja it\u00e4rannalla pienen tauon j\u00e4lkeen taas <strong>merisirrej\u00e4<\/strong>, nyt 13 yksil\u00f6\u00e4. Pikkulintuja n\u00e4kyi mm. 3 punarintaa, 2 peukaloista, rautiainen, kiuru ja niittykirvinen. Rivaston Ari saapui eilen saareen.<\/p>\n<div id=\"attachment_8048\" style=\"width: 610px\" class=\"wp-caption alignnone\"><img loading=\"lazy\" decoding=\"async\" aria-describedby=\"caption-attachment-8048\" class=\"size-large wp-image-8048\" src=\"https:\/\/jteblogi.sivustamo.dev\/wp-content\/uploads\/2020\/02\/silkkiuikku_05_Korppoo_02_20-600x371.jpg\" alt=\"PITK\u00c4\u00c4N VIIHTYNYT SILKKIUIKKU OLI T\u00c4N\u00c4\u00c4N HYVIN KUVATTAVISSA\" width=\"600\" height=\"371\" srcset=\"https:\/\/jteblogi.sivustamo.dev\/wp-content\/uploads\/2020\/02\/silkkiuikku_05_Korppoo_02_20-600x371.jpg 600w, https:\/\/jteblogi.sivustamo.dev\/wp-content\/uploads\/2020\/02\/silkkiuikku_05_Korppoo_02_20-300x186.jpg 300w, https:\/\/jteblogi.sivustamo.dev\/wp-content\/uploads\/2020\/02\/silkkiuikku_05_Korppoo_02_20.jpg 1050w\" sizes=\"auto, (max-width: 600px) 100vw, 600px\" \/><p id=\"caption-attachment-8048\" class=\"wp-caption-text\">PITK\u00c4\u00c4N VIIHTYNYT SILKKIUIKKU OLI T\u00c4N\u00c4\u00c4N HYVIN KUVATTAVISSA<\/p><\/div>\n<p>Keskiviikkona 12.2.2020 jatkui lounaistuuli, nyt 10-13 m\/s. L\u00e4mp\u00f6\u00e4 oli 5 astetta ja taivas p\u00e4\u00e4osin pilvess\u00e4. Staijia aamulla taas majakalla, runsas tunti, ja kiersin koko saaren Kesn\u00e4si\u00e4 lukuun ottamatta. Merell\u00e4 n\u00e4kyi mm. 9 allia, 8 mustalintua, 5 tukkakoskeloa, naarashaahka, <strong>2 merisirri\u00e4<\/strong> B\u00e5danilla ja kev\u00e4\u00e4n eka muuttava laulujoutsenparvi: 5 <em>ad<\/em> lintua saapui Gotlannin suunnasta ja jatkoivat toitottaen saaren yli koilliseen kohti mannerta. Saaressa n\u00e4kyi mm. 2 n\u00e4rhe\u00e4, sepelkyyhky, 3 punarintaa, 2 peukaloista, rautiainen, kiuru, 5 r\u00e4k\u00e4ttirastasta ja 3 pikkuvarpusta. Saareen saapui iltap\u00e4iv\u00e4ll\u00e4 uutta lintuporukkaa, Ilkka Lehtonen kaverinsa kanssa sek\u00e4 Matti M\u00e4kel\u00e4.<\/p>\n<div id=\"attachment_8049\" style=\"width: 610px\" class=\"wp-caption alignnone\"><img loading=\"lazy\" decoding=\"async\" aria-describedby=\"caption-attachment-8049\" class=\"size-large wp-image-8049\" src=\"https:\/\/jteblogi.sivustamo.dev\/wp-content\/uploads\/2020\/02\/sinisorsa_07_Korppoo_02_20-600x343.jpg\" alt=\"SINISORSALLA OLI HELMI P\u00c4\u00c4N P\u00c4\u00c4LL\u00c4\" width=\"600\" height=\"343\" srcset=\"https:\/\/jteblogi.sivustamo.dev\/wp-content\/uploads\/2020\/02\/sinisorsa_07_Korppoo_02_20-600x343.jpg 600w, https:\/\/jteblogi.sivustamo.dev\/wp-content\/uploads\/2020\/02\/sinisorsa_07_Korppoo_02_20-300x171.jpg 300w, https:\/\/jteblogi.sivustamo.dev\/wp-content\/uploads\/2020\/02\/sinisorsa_07_Korppoo_02_20.jpg 1050w\" sizes=\"auto, (max-width: 600px) 100vw, 600px\" \/><p id=\"caption-attachment-8049\" class=\"wp-caption-text\">SINISORSALLA OLI HELMI P\u00c4\u00c4N P\u00c4\u00c4LL\u00c4<\/p><\/div>\n<p>Torstaina 13.2.2020 oli kylm\u00e4n y\u00f6n j\u00e4lkeen mukava ulkoilus\u00e4\u00e4 \u2013 l\u00e4nsituulta 6-8 m\/s, aurinkoa ja l\u00e4mp\u00f6\u00e4 4 astetta. Staijailin aamulla 2 tuntia, my\u00f6hemmin tuli kierretty\u00e4 koko saari Kesn\u00e4si\u00e4 lukuun ottamatta. Havaintoja t\u00e4n\u00e4\u00e4n olivat mm. 6 riskil\u00e4\u00e4 (kaikki viel\u00e4 tp), ruokki (sekin tp), silkkiuikku, 2 n\u00e4rhe\u00e4, sepelkyyhky, <strong>luhtakana<\/strong> \u00e4\u00e4ness\u00e4, ampuhaukka ja yhteens\u00e4 ainakin <strong>42 merisirri\u00e4<\/strong>. Pikkulintuja n\u00e4htiin mm. 5 punarintaa, 4 peukaloista, rautiainen, kiuru, niittykirvinen, mustap\u00e4\u00e4kerttu, 3 pikkuvarpusta ja Matti n\u00e4ki kev\u00e4\u00e4n ekan <strong>pajusirkun<\/strong>. Varhain huomenaamulla on l\u00e4ht\u00f6 taas muutamaksi p\u00e4iv\u00e4ksi mantereelle perhejuhlien takia.<\/p>\n<div id=\"attachment_8050\" style=\"width: 610px\" class=\"wp-caption alignnone\"><img loading=\"lazy\" decoding=\"async\" aria-describedby=\"caption-attachment-8050\" class=\"size-large wp-image-8050\" src=\"https:\/\/jteblogi.sivustamo.dev\/wp-content\/uploads\/2020\/02\/merisirri_10_Korppoo_02_201-600x314.jpg\" alt=\"MERISIRREJ\u00c4 ON TAAS SILLOIN T\u00c4LL\u00d6IN IT\u00c4RANNALLA\" width=\"600\" height=\"314\" srcset=\"https:\/\/jteblogi.sivustamo.dev\/wp-content\/uploads\/2020\/02\/merisirri_10_Korppoo_02_201-600x314.jpg 600w, https:\/\/jteblogi.sivustamo.dev\/wp-content\/uploads\/2020\/02\/merisirri_10_Korppoo_02_201-300x157.jpg 300w, https:\/\/jteblogi.sivustamo.dev\/wp-content\/uploads\/2020\/02\/merisirri_10_Korppoo_02_201.jpg 1050w\" sizes=\"auto, (max-width: 600px) 100vw, 600px\" \/><p id=\"caption-attachment-8050\" class=\"wp-caption-text\">MERISIRREJ\u00c4 ON TAAS SILLOIN T\u00c4LL\u00d6IN IT\u00c4RANNALLA<\/p><\/div>\n<div id=\"attachment_8051\" style=\"width: 610px\" class=\"wp-caption alignnone\"><img loading=\"lazy\" decoding=\"async\" aria-describedby=\"caption-attachment-8051\" class=\"size-large wp-image-8051\" src=\"https:\/\/jteblogi.sivustamo.dev\/wp-content\/uploads\/2020\/02\/telkk\u00e4_06_Korppoo_02_20-600x343.jpg\" alt=\"KOVALLA TUULELLA TELKK\u00c4 PITI PYRST\u00d6\u00c4 YLH\u00c4\u00c4LL\u00c4 PURJEENA\" width=\"600\" height=\"343\" srcset=\"https:\/\/jteblogi.sivustamo.dev\/wp-content\/uploads\/2020\/02\/telkk\u00e4_06_Korppoo_02_20-600x343.jpg 600w, https:\/\/jteblogi.sivustamo.dev\/wp-content\/uploads\/2020\/02\/telkk\u00e4_06_Korppoo_02_20-300x171.jpg 300w, https:\/\/jteblogi.sivustamo.dev\/wp-content\/uploads\/2020\/02\/telkk\u00e4_06_Korppoo_02_20.jpg 1050w\" sizes=\"auto, (max-width: 600px) 100vw, 600px\" \/><p id=\"caption-attachment-8051\" class=\"wp-caption-text\">KOVALLA TUULELLA TELKK\u00c4 PITI PYRST\u00d6\u00c4 YLH\u00c4\u00c4LL\u00c4 PURJEENA<\/p><\/div>\n","protected":false},"excerpt":{"rendered":"<p>Maanantaina 10.2.2020 oli myrskyinen p\u00e4iv\u00e4, kovimmillaan etel\u00e4tuuli oli y\u00f6ll\u00e4 n. 21 m\/s ja puuskat 28 m\/s. P\u00e4iv\u00e4ll\u00e4 tuuli hiljalleen rauhoittui 14-18 m\/s v\u00e4lille. L\u00e4mp\u00f6\u00e4 oli 6 astetta ja sadetta y\u00f6ll\u00e4 ja illalla, p\u00e4iv\u00e4ll\u00e4 oli mukavan puolipilvist\u00e4. Keskityin t\u00e4n\u00e4\u00e4n enemm\u00e4n kuvaamiseen, &hellip; <a href=\"https:\/\/jteblogi.sivustamo.dev\/?p=8046\">Lue loppuun <span class=\"meta-nav\">&rarr;<\/span><\/a><\/p>\n","protected":false},"author":3,"featured_media":0,"comment_status":"closed","ping_status":"open","sticky":false,"template":"","format":"standard","meta":{"footnotes":""},"categories":[1,3],"tags":[],"class_list":["post-8046","post","type-post","status-publish","format-standard","hentry","category-ajankohtaista-linturetkilta","category-digikuvia-luonnosta"],"_links":{"self":[{"href":"https:\/\/jteblogi.sivustamo.dev\/index.php?rest_route=\/wp\/v2\/posts\/8046","targetHints":{"allow":["GET"]}}],"collection":[{"href":"https:\/\/jteblogi.sivustamo.dev\/index.php?rest_route=\/wp\/v2\/posts"}],"about":[{"href":"https:\/\/jteblogi.sivustamo.dev\/index.php?rest_route=\/wp\/v2\/types\/post"}],"author":[{"embeddable":true,"href":"https:\/\/jteblogi.sivustamo.dev\/index.php?rest_route=\/wp\/v2\/users\/3"}],"replies":[{"embeddable":true,"href":"https:\/\/jteblogi.sivustamo.dev\/index.php?rest_route=%2Fwp%2Fv2%2Fcomments&post=8046"}],"version-history":[{"count":1,"href":"https:\/\/jteblogi.sivustamo.dev\/index.php?rest_route=\/wp\/v2\/posts\/8046\/revisions"}],"predecessor-version":[{"id":8052,"href":"https:\/\/jteblogi.sivustamo.dev\/index.php?rest_route=\/wp\/v2\/posts\/8046\/revisions\/8052"}],"wp:attachment":[{"href":"https:\/\/jteblogi.sivustamo.dev\/index.php?rest_route=%2Fwp%2Fv2%2Fmedia&parent=8046"}],"wp:term":[{"taxonomy":"category","embeddable":true,"href":"https:\/\/jteblogi.sivustamo.dev\/index.php?rest_route=%2Fwp%2Fv2%2Fcategories&post=8046"},{"taxonomy":"post_tag","embeddable":true,"href":"https:\/\/jteblogi.sivustamo.dev\/index.php?rest_route=%2Fwp%2Fv2%2Ftags&post=8046"}],"curies":[{"name":"wp","href":"https:\/\/api.w.org\/{rel}","templated":true}]}}