{"id":885,"date":"2011-12-11T13:48:32","date_gmt":"2011-12-11T11:48:32","guid":{"rendered":"https:\/\/jteblogi.sivustamo.dev\/?p=885"},"modified":"2011-12-11T20:22:14","modified_gmt":"2011-12-11T18:22:14","slug":"myrskyn-keskella-utossa","status":"publish","type":"post","link":"https:\/\/jteblogi.sivustamo.dev\/?p=885","title":{"rendered":"Myrskyn keskell\u00e4 Ut\u00f6ss\u00e4"},"content":{"rendered":"<p>Torstai 8.12.2011 oli mukava ulkoilu- ja lintup\u00e4iv\u00e4. Tuuli oli t\u00e4n\u00e4\u00e4n l\u00e4nnest\u00e4 6-8 m\/s ja taivas puolipilvinen, l\u00e4mp\u00f6\u00e4 +3 astetta. Aamup\u00e4iv\u00e4ll\u00e4 tuli muutama reipas rae-, r\u00e4nt\u00e4- ja vesikuuro mutta ne olivat lyhytaikaisia. Staijasin luotsiasemalla klo 08.50-12, iltap\u00e4iv\u00e4 komppausta. Muuttavana n\u00e4kyi mm. kuikka, kaakkuri, <em>Gavia sp<\/em>, 6 merimetsoa, 22 laulujoutsenta, 5 haahkaa, 30 allia, 3 riskil\u00e4\u00e4, n. 45 kalalokkia ja hienosti 1kv <strong>pikkukajava<\/strong> etel\u00e4niemen editse l\u00e4nteen klo 09.35-09.40 \u2013 jo syksyn 6. <em>rissa<\/em> Ut\u00f6ss\u00e4 t\u00e4n\u00e4 mainiona kajavasyksyn\u00e4! Saaren vesill\u00e4 n\u00e4htiin mm. 11 tukkakoskeloa, 3 tavia, 7 naurulokkia ja 3 kiertelev\u00e4\u00e4 merikotkaa. Saaressa n\u00e4htiin mm. 51 tilhe\u00e4, peukaloinen, 4 r\u00e4k\u00e4tti\u00e4, mustarastas, 2 pikkuvarpusta, mustap\u00e4\u00e4kerttu ja it\u00e4rannalla ruokaili edelleen yksin\u00e4inen <strong>merisirri<\/strong>. Iltap\u00e4iv\u00e4ll\u00e4 saareen saapuivat Outi sek\u00e4 Varesvuon Markus ja Minna.<\/p>\n<div id=\"attachment_891\" style=\"width: 610px\" class=\"wp-caption alignnone\"><img loading=\"lazy\" decoding=\"async\" aria-describedby=\"caption-attachment-891\" class=\"size-large wp-image-891\" title=\"merisirri_09_Korppoo_12_11\" src=\"https:\/\/jteblogi.sivustamo.dev\/wp-content\/uploads\/2011\/12\/merisirri_09_Korppoo_12_111-600x450.jpg\" alt=\"\" width=\"600\" height=\"450\" srcset=\"https:\/\/jteblogi.sivustamo.dev\/wp-content\/uploads\/2011\/12\/merisirri_09_Korppoo_12_111-600x450.jpg 600w, https:\/\/jteblogi.sivustamo.dev\/wp-content\/uploads\/2011\/12\/merisirri_09_Korppoo_12_111-300x225.jpg 300w, https:\/\/jteblogi.sivustamo.dev\/wp-content\/uploads\/2011\/12\/merisirri_09_Korppoo_12_111.jpg 900w\" sizes=\"auto, (max-width: 600px) 100vw, 600px\" \/><p id=\"caption-attachment-891\" class=\"wp-caption-text\">MERISIRRIKIN SAI OSANSA P\u00c4RSKEIST\u00c4<\/p><\/div>\n<p>Perjantaina 9.12.2011 oli ennustettu talvimyrsky. Sade tuli t\u00e4\u00e4ll\u00e4 veten\u00e4, mantereella kai enemm\u00e4n lumena ja tuuli puhalsi rajusti koko p\u00e4iv\u00e4n kaakosta \u2013 keskituuli oli 20 m\/s ja puuskat enimmill\u00e4\u00e4n 29 m\/s. Merivesikin nousi laiturien tasalle ja Ut\u00f6n etel\u00e4puolella olevan aaltopoijun mukaan suurimmat aallot olivat 9-10 metri\u00e4 korkeita! S\u00e4hk\u00f6t katkesivat aamulla klo 08.50 ja ilman s\u00e4hk\u00f6\u00e4 oltiinkin sitten 12 tuntia \u2013 vasta hiukan ennen iltayhdeks\u00e4\u00e4 saatiin valoa. L\u00e4mmitimme tuvan puuhellalla, jolla Outi loihti my\u00f6s hienot tarjoilut my\u00f6s Markukselle ja Minnalle, jotka kyl\u00e4iliv\u00e4t meill\u00e4 iltap\u00e4iv\u00e4ll\u00e4 ja illansuussa. Ulkona k\u00e4ytiin vain pari pient\u00e4 hetke\u00e4, omalla ruokinnalla k\u00e4vi p\u00e4iv\u00e4ll\u00e4 mm. 2 peippoa, 3 pikkuvarpusta ja yll\u00e4tt\u00e4en <strong>nokkavarpunen<\/strong>. Mist\u00e4 lie myrsky heitt\u00e4nyt\u2026<\/p>\n<div id=\"attachment_892\" style=\"width: 610px\" class=\"wp-caption alignnone\"><img loading=\"lazy\" decoding=\"async\" aria-describedby=\"caption-attachment-892\" class=\"size-large wp-image-892\" title=\"maisema_Outi_01_12_11\" src=\"https:\/\/jteblogi.sivustamo.dev\/wp-content\/uploads\/2011\/12\/maisema_Outi_01_12_111-600x379.jpg\" alt=\"\" width=\"600\" height=\"379\" srcset=\"https:\/\/jteblogi.sivustamo.dev\/wp-content\/uploads\/2011\/12\/maisema_Outi_01_12_111-600x379.jpg 600w, https:\/\/jteblogi.sivustamo.dev\/wp-content\/uploads\/2011\/12\/maisema_Outi_01_12_111-300x189.jpg 300w, https:\/\/jteblogi.sivustamo.dev\/wp-content\/uploads\/2011\/12\/maisema_Outi_01_12_111.jpeg 1200w\" sizes=\"auto, (max-width: 600px) 100vw, 600px\" \/><p id=\"caption-attachment-892\" class=\"wp-caption-text\">AALTOPOIJUN MUKAAN UT\u00d6N ETEL\u00c4PUOLELLA SUURIMMAT AALLOT OLIVAT YLI 9-METRISI\u00c4<\/p><\/div>\n<div id=\"attachment_893\" style=\"width: 610px\" class=\"wp-caption alignnone\"><img loading=\"lazy\" decoding=\"async\" aria-describedby=\"caption-attachment-893\" class=\"size-large wp-image-893\" title=\"surffari_03_Korppoo_12_11\" src=\"https:\/\/jteblogi.sivustamo.dev\/wp-content\/uploads\/2011\/12\/surffari_03_Korppoo_12_111-600x385.jpg\" alt=\"\" width=\"600\" height=\"385\" srcset=\"https:\/\/jteblogi.sivustamo.dev\/wp-content\/uploads\/2011\/12\/surffari_03_Korppoo_12_111-600x385.jpg 600w, https:\/\/jteblogi.sivustamo.dev\/wp-content\/uploads\/2011\/12\/surffari_03_Korppoo_12_111-300x192.jpg 300w, https:\/\/jteblogi.sivustamo.dev\/wp-content\/uploads\/2011\/12\/surffari_03_Korppoo_12_111.jpeg 1200w\" sizes=\"auto, (max-width: 600px) 100vw, 600px\" \/><p id=\"caption-attachment-893\" class=\"wp-caption-text\">SURFFARIT SAAPUVAT UT\u00d6SEEN KOVIEN TUULIEN AIKAAN<\/p><\/div>\n<p>Lauantaina 10.12.2011 vesikuurot jatkuivat pitkin p\u00e4iv\u00e4\u00e4 ja tuulikin oli edelleen reipas 15-17 m\/s l\u00e4nsilounaasta, l\u00e4mp\u00f6\u00e4 4 astetta. Kierreltiin saarta suurin osa valoisasta ajasta ja lintujakin l\u00f6ytyi muutama mainittava.\u00a0 It\u00e4rannalla oli mm. 3 naurulokkia, tukkakoskelo ja j\u00e4lleen <strong>tiltaltti<\/strong>, jota tuuli riepotti rantakasvustossa &#8211; n\u00e4ytti eri yksil\u00f6lt\u00e4 kuin alkuviikolla. Lintu h\u00e4visi it\u00e4niityn rantaruovikkoon. Kyl\u00e4n rannassa oleskeli edelleen <strong>kiuru<\/strong> ja kaupan takaa l\u00f6ytyi <strong>laulurastas<\/strong>. Ruokinnalla oli yh\u00e4 naaras-mustap\u00e4\u00e4kerttu ja lis\u00e4ksi mm. 3 peippoa ja 4 pikkuvarpusta. Vietimme toista tuntia etel\u00e4k\u00e4rjess\u00e4 kuvaten komeita aaltoja ja kolmea paikalla viihtynytt\u00e4 surffaria.<\/p>\n<div id=\"attachment_894\" style=\"width: 610px\" class=\"wp-caption alignnone\"><img loading=\"lazy\" decoding=\"async\" aria-describedby=\"caption-attachment-894\" class=\"size-large wp-image-894\" title=\"kalalokki_10_Korppoo_12_11\" src=\"https:\/\/jteblogi.sivustamo.dev\/wp-content\/uploads\/2011\/12\/kalalokki_10_Korppoo_12_111-600x400.jpg\" alt=\"\" width=\"600\" height=\"400\" srcset=\"https:\/\/jteblogi.sivustamo.dev\/wp-content\/uploads\/2011\/12\/kalalokki_10_Korppoo_12_111-600x400.jpg 600w, https:\/\/jteblogi.sivustamo.dev\/wp-content\/uploads\/2011\/12\/kalalokki_10_Korppoo_12_111-300x200.jpg 300w, https:\/\/jteblogi.sivustamo.dev\/wp-content\/uploads\/2011\/12\/kalalokki_10_Korppoo_12_111.jpg 1200w\" sizes=\"auto, (max-width: 600px) 100vw, 600px\" \/><p id=\"caption-attachment-894\" class=\"wp-caption-text\">LOPPUSYKSYNKIN VALOT OVAT JOSKUS HIENOJA<\/p><\/div>\n<p>Sunnuntaina 11.12.2011 l\u00e4hdettiin mantereelle t\u00f6ihin, tuuli oli nyt l\u00e4nsiluoteesta 7 m\/s ja l\u00e4mp\u00f6\u00e4 4 astetta. Aamuh\u00e4m\u00e4riss\u00e4 istuskeli <strong>huuhkaja<\/strong> pitk\u00e4\u00e4n Anderssonin telkkariantennin p\u00e4\u00e4ll\u00e4 muutaman kerran huhuillen! Harmi ettei valo riitt\u00e4nyt kunnon kuvan ottoon. Kolmenvartin aamustaiji luotsiasemalla tuotti mm. <em>Gavian<\/em>, 5 tukkakoskeloa, 2 pilkkasiipe\u00e4, 2 haahkaa, 2 allia, riskil\u00e4n, merimetson, 3 tilhe\u00e4 ja urpiaisen. Kyl\u00e4n keskelt\u00e4 l\u00f6ytyi tuore kyhmyjoutsenen raato, y\u00f6ll\u00e4 kuollut ja osin sy\u00f6ty. Kettu vai huuhkaja? Paluumatkalla ei havaittu riskil\u00e4\u00e4 kummempaa ja p\u00e4ivit\u00e4nkin t\u00e4t\u00e4 taas jo laivalta, N\u00f6t\u00f6n l\u00e4helt\u00e4.<\/p>\n<div id=\"attachment_895\" style=\"width: 610px\" class=\"wp-caption alignnone\"><img loading=\"lazy\" decoding=\"async\" aria-describedby=\"caption-attachment-895\" class=\"size-large wp-image-895\" title=\"tukkakoskelo_01_Korppoo_12_11\" src=\"https:\/\/jteblogi.sivustamo.dev\/wp-content\/uploads\/2011\/12\/tukkakoskelo_01_Korppoo_12_11-600x400.jpg\" alt=\"\" width=\"600\" height=\"400\" srcset=\"https:\/\/jteblogi.sivustamo.dev\/wp-content\/uploads\/2011\/12\/tukkakoskelo_01_Korppoo_12_11-600x400.jpg 600w, https:\/\/jteblogi.sivustamo.dev\/wp-content\/uploads\/2011\/12\/tukkakoskelo_01_Korppoo_12_11-300x200.jpg 300w, https:\/\/jteblogi.sivustamo.dev\/wp-content\/uploads\/2011\/12\/tukkakoskelo_01_Korppoo_12_11.jpg 900w\" sizes=\"auto, (max-width: 600px) 100vw, 600px\" \/><p id=\"caption-attachment-895\" class=\"wp-caption-text\">TUKKAKOSKELOITA VIIHTYY SAAREN RANTAVESISS\u00c4<\/p><\/div>\n<p>&nbsp;<\/p>\n","protected":false},"excerpt":{"rendered":"<p>Torstai 8.12.2011 oli mukava ulkoilu- ja lintup\u00e4iv\u00e4. Tuuli oli t\u00e4n\u00e4\u00e4n l\u00e4nnest\u00e4 6-8 m\/s ja taivas puolipilvinen, l\u00e4mp\u00f6\u00e4 +3 astetta. Aamup\u00e4iv\u00e4ll\u00e4 tuli muutama reipas rae-, r\u00e4nt\u00e4- ja vesikuuro mutta ne olivat lyhytaikaisia. Staijasin luotsiasemalla klo 08.50-12, iltap\u00e4iv\u00e4 komppausta. Muuttavana n\u00e4kyi mm. &hellip; <a href=\"https:\/\/jteblogi.sivustamo.dev\/?p=885\">Lue loppuun <span class=\"meta-nav\">&rarr;<\/span><\/a><\/p>\n","protected":false},"author":3,"featured_media":0,"comment_status":"closed","ping_status":"open","sticky":false,"template":"","format":"standard","meta":{"footnotes":""},"categories":[1,3],"tags":[],"class_list":["post-885","post","type-post","status-publish","format-standard","hentry","category-ajankohtaista-linturetkilta","category-digikuvia-luonnosta"],"_links":{"self":[{"href":"https:\/\/jteblogi.sivustamo.dev\/index.php?rest_route=\/wp\/v2\/posts\/885","targetHints":{"allow":["GET"]}}],"collection":[{"href":"https:\/\/jteblogi.sivustamo.dev\/index.php?rest_route=\/wp\/v2\/posts"}],"about":[{"href":"https:\/\/jteblogi.sivustamo.dev\/index.php?rest_route=\/wp\/v2\/types\/post"}],"author":[{"embeddable":true,"href":"https:\/\/jteblogi.sivustamo.dev\/index.php?rest_route=\/wp\/v2\/users\/3"}],"replies":[{"embeddable":true,"href":"https:\/\/jteblogi.sivustamo.dev\/index.php?rest_route=%2Fwp%2Fv2%2Fcomments&post=885"}],"version-history":[{"count":3,"href":"https:\/\/jteblogi.sivustamo.dev\/index.php?rest_route=\/wp\/v2\/posts\/885\/revisions"}],"predecessor-version":[{"id":899,"href":"https:\/\/jteblogi.sivustamo.dev\/index.php?rest_route=\/wp\/v2\/posts\/885\/revisions\/899"}],"wp:attachment":[{"href":"https:\/\/jteblogi.sivustamo.dev\/index.php?rest_route=%2Fwp%2Fv2%2Fmedia&parent=885"}],"wp:term":[{"taxonomy":"category","embeddable":true,"href":"https:\/\/jteblogi.sivustamo.dev\/index.php?rest_route=%2Fwp%2Fv2%2Fcategories&post=885"},{"taxonomy":"post_tag","embeddable":true,"href":"https:\/\/jteblogi.sivustamo.dev\/index.php?rest_route=%2Fwp%2Fv2%2Ftags&post=885"}],"curies":[{"name":"wp","href":"https:\/\/api.w.org\/{rel}","templated":true}]}}