{"id":8853,"date":"2020-12-20T18:36:06","date_gmt":"2020-12-20T16:36:06","guid":{"rendered":"https:\/\/jteblogi.sivustamo.dev\/?p=8853"},"modified":"2020-12-20T18:36:06","modified_gmt":"2020-12-20T16:36:06","slug":"viiden-hanhilajin-reissu-joulukuussa","status":"publish","type":"post","link":"https:\/\/jteblogi.sivustamo.dev\/?p=8853","title":{"rendered":"Viiden hanhilajin reissu joulukuussa"},"content":{"rendered":"<p>Sunnuntaina 20.12.2020 \u2013 vuoden pimeimp\u00e4\u00e4n aikaan ja viel\u00e4p\u00e4 pilvip\u00e4iv\u00e4n niukoissa valoissa \u2013 p\u00e4\u00e4tin tehd\u00e4 vuoden toistaiseksi ainoan bongausreissuni, t\u00e4ht\u00e4imen\u00e4 Porissa jo pitk\u00e4\u00e4n oleskellut pikkukanadanhanhi (<i>Branta hutchinsii, ssp hutchinsii<\/i>). Jos havis hyv\u00e4ksyt\u00e4\u00e4n, se on vasta toinen Suomesta \u2013 eka oli vuonna 2013 Parikkalassa. Ajelin yksikseni (korona-aika!) aamulla kohti Poria, jonne saavuin klo 10.20. Maaviikin pelloilla oli vilskett\u00e4: n. 700 laulujoutsenta ja per\u00e4ti 5 lajia hanhia. Paikalla oli merihanhi, taigamets\u00e4hanhi, kiertelev\u00e4 <em>ad<\/em>-tundrahanhi (ei laskeutunut), n. 20 kanadanhanhea ja niiden joukossa <strong>pikkukanadanhanhi<\/strong>. Aika komea hanhisetti n\u00e4in joulukuussa!<\/p>\n<div id=\"attachment_8854\" style=\"width: 610px\" class=\"wp-caption alignnone\"><img loading=\"lazy\" decoding=\"async\" aria-describedby=\"caption-attachment-8854\" class=\"size-large wp-image-8854\" src=\"https:\/\/jteblogi.sivustamo.dev\/wp-content\/uploads\/2020\/12\/tundrahanhi_01_Pori_12_20-600x371.jpg\" alt=\"VANHA TUNDRAHANHI PY\u00d6R\u00c4HTI PAIKALLA\" width=\"600\" height=\"371\" srcset=\"https:\/\/jteblogi.sivustamo.dev\/wp-content\/uploads\/2020\/12\/tundrahanhi_01_Pori_12_20-600x371.jpg 600w, https:\/\/jteblogi.sivustamo.dev\/wp-content\/uploads\/2020\/12\/tundrahanhi_01_Pori_12_20-300x186.jpg 300w, https:\/\/jteblogi.sivustamo.dev\/wp-content\/uploads\/2020\/12\/tundrahanhi_01_Pori_12_20.jpg 1050w\" sizes=\"auto, (max-width: 600px) 100vw, 600px\" \/><p id=\"caption-attachment-8854\" class=\"wp-caption-text\">VANHA TUNDRAHANHI PY\u00d6R\u00c4HTI PAIKALLA<\/p><\/div>\n<p>Kanadanhanhiporukassa oli my\u00f6s hyvin tumma <em>occidentalis<\/em>-tyyppinen kanadanhanhi, joten katsottavaa riitti. Lintuporukkaa oli runsaan tunnin aikana vajaa 10 kpl, mm. pikkukanukkia jo paljon kuvannut Esa M\u00e4kel\u00e4 sek\u00e4 porilaistunut retkikaverini vuosien ajalta, Jukka J Nurmi. Pikkukanadanhanhi oli kyll\u00e4 kaukoputkella n\u00e4ht\u00e4viss\u00e4, mutta harmillisesti koko ajan sen verran hankalassa paikassa ja et\u00e4\u00e4ll\u00e4, ettei kelvollisia kuvia lyhyehk\u00f6n k\u00e4yntini aikana\u00a0syntynyt. Tumma kanukki ja tundrahanhi tulivat sent\u00e4\u00e4n jotenkin dokumentoitua. Turussa olin takaisin jo klo 13.50. Ihan ok keikka, vaikka p\u00e4\u00e4t\u00e4hden kuvaaminen ei natsannutkaan.<\/p>\n<div id=\"attachment_8855\" style=\"width: 610px\" class=\"wp-caption alignnone\"><img loading=\"lazy\" decoding=\"async\" aria-describedby=\"caption-attachment-8855\" class=\"size-large wp-image-8855\" src=\"https:\/\/jteblogi.sivustamo.dev\/wp-content\/uploads\/2020\/12\/kanadanhanhi_01_Pori_12_20-600x371.jpg\" alt=\"TUMMA OCCIDENTALIS-TYYPPINEN KANADANHANHI PORISTA\" width=\"600\" height=\"371\" srcset=\"https:\/\/jteblogi.sivustamo.dev\/wp-content\/uploads\/2020\/12\/kanadanhanhi_01_Pori_12_20-600x371.jpg 600w, https:\/\/jteblogi.sivustamo.dev\/wp-content\/uploads\/2020\/12\/kanadanhanhi_01_Pori_12_20-300x186.jpg 300w, https:\/\/jteblogi.sivustamo.dev\/wp-content\/uploads\/2020\/12\/kanadanhanhi_01_Pori_12_20.jpg 1050w\" sizes=\"auto, (max-width: 600px) 100vw, 600px\" \/><p id=\"caption-attachment-8855\" class=\"wp-caption-text\">TUMMA <em>OCCIDENTALIS<\/em>-TYYPPINEN KANADANHANHI\u00a0MAAVIIKISS\u00c4<\/p><\/div>\n","protected":false},"excerpt":{"rendered":"<p>Sunnuntaina 20.12.2020 \u2013 vuoden pimeimp\u00e4\u00e4n aikaan ja viel\u00e4p\u00e4 pilvip\u00e4iv\u00e4n niukoissa valoissa \u2013 p\u00e4\u00e4tin tehd\u00e4 vuoden toistaiseksi ainoan bongausreissuni, t\u00e4ht\u00e4imen\u00e4 Porissa jo pitk\u00e4\u00e4n oleskellut pikkukanadanhanhi (Branta hutchinsii, ssp hutchinsii). Jos havis hyv\u00e4ksyt\u00e4\u00e4n, se on vasta toinen Suomesta \u2013 eka oli vuonna &hellip; <a href=\"https:\/\/jteblogi.sivustamo.dev\/?p=8853\">Lue loppuun <span class=\"meta-nav\">&rarr;<\/span><\/a><\/p>\n","protected":false},"author":3,"featured_media":0,"comment_status":"closed","ping_status":"open","sticky":false,"template":"","format":"standard","meta":{"footnotes":""},"categories":[1,3],"tags":[],"class_list":["post-8853","post","type-post","status-publish","format-standard","hentry","category-ajankohtaista-linturetkilta","category-digikuvia-luonnosta"],"_links":{"self":[{"href":"https:\/\/jteblogi.sivustamo.dev\/index.php?rest_route=\/wp\/v2\/posts\/8853","targetHints":{"allow":["GET"]}}],"collection":[{"href":"https:\/\/jteblogi.sivustamo.dev\/index.php?rest_route=\/wp\/v2\/posts"}],"about":[{"href":"https:\/\/jteblogi.sivustamo.dev\/index.php?rest_route=\/wp\/v2\/types\/post"}],"author":[{"embeddable":true,"href":"https:\/\/jteblogi.sivustamo.dev\/index.php?rest_route=\/wp\/v2\/users\/3"}],"replies":[{"embeddable":true,"href":"https:\/\/jteblogi.sivustamo.dev\/index.php?rest_route=%2Fwp%2Fv2%2Fcomments&post=8853"}],"version-history":[{"count":1,"href":"https:\/\/jteblogi.sivustamo.dev\/index.php?rest_route=\/wp\/v2\/posts\/8853\/revisions"}],"predecessor-version":[{"id":8856,"href":"https:\/\/jteblogi.sivustamo.dev\/index.php?rest_route=\/wp\/v2\/posts\/8853\/revisions\/8856"}],"wp:attachment":[{"href":"https:\/\/jteblogi.sivustamo.dev\/index.php?rest_route=%2Fwp%2Fv2%2Fmedia&parent=8853"}],"wp:term":[{"taxonomy":"category","embeddable":true,"href":"https:\/\/jteblogi.sivustamo.dev\/index.php?rest_route=%2Fwp%2Fv2%2Fcategories&post=8853"},{"taxonomy":"post_tag","embeddable":true,"href":"https:\/\/jteblogi.sivustamo.dev\/index.php?rest_route=%2Fwp%2Fv2%2Ftags&post=8853"}],"curies":[{"name":"wp","href":"https:\/\/api.w.org\/{rel}","templated":true}]}}