{"id":8867,"date":"2020-12-29T18:18:54","date_gmt":"2020-12-29T16:18:54","guid":{"rendered":"https:\/\/jteblogi.sivustamo.dev\/?p=8867"},"modified":"2020-12-29T18:18:54","modified_gmt":"2020-12-29T16:18:54","slug":"kunkkubongaus-turussa","status":"publish","type":"post","link":"https:\/\/jteblogi.sivustamo.dev\/?p=8867","title":{"rendered":"Kunkkubongaus Turussa"},"content":{"rendered":"<p>Maanantaina 28.12. ja tiistaina 29.12.2020 k\u00e4vimme Outin kanssa p\u00e4iv\u00e4k\u00e4velyll\u00e4 Aurajokirannassa, Koroisten-Halisten alueella. S\u00e4\u00e4 oli molempina p\u00e4ivin\u00e4 pime\u00e4\u00e4, tuulista ja l\u00e4mp\u00f6tila nollan kieppeill\u00e4. K\u00e4velyn tarkoituksena oli l\u00f6yt\u00e4\u00e4 alueella\u00a0jo pidemm\u00e4n aikaa oleskellut <strong>kuningaskalastaja<\/strong>, jota Outi ei ollut Suomessa viel\u00e4 n\u00e4hnyt \u2013 ulkomailla toki usein. Maanantaina ei \u201dkunkku\u201d t\u00e4rp\u00e4nnyt, mutta tiistaina lintu n\u00e4kyi 4-5 kertaa runsaan tunnin aikana ja jokunen pime\u00e4n p\u00e4iv\u00e4n dokumenttikuvakin saatiin. Muutakin lintuv\u00e4ke\u00e4 k\u00e4vi paikalla ahkerasti, monia tuttujakin.<\/p>\n<p><img loading=\"lazy\" decoding=\"async\" class=\"alignnone size-large wp-image-8868\" src=\"https:\/\/jteblogi.sivustamo.dev\/wp-content\/uploads\/2020\/12\/kuningaskalastaja_03_Turku_12_20-600x371.jpg\" alt=\"kuningaskalastaja_03_Turku_12_20\" width=\"600\" height=\"371\" srcset=\"https:\/\/jteblogi.sivustamo.dev\/wp-content\/uploads\/2020\/12\/kuningaskalastaja_03_Turku_12_20-600x371.jpg 600w, https:\/\/jteblogi.sivustamo.dev\/wp-content\/uploads\/2020\/12\/kuningaskalastaja_03_Turku_12_20-300x186.jpg 300w, https:\/\/jteblogi.sivustamo.dev\/wp-content\/uploads\/2020\/12\/kuningaskalastaja_03_Turku_12_20.jpg 1050w\" sizes=\"auto, (max-width: 600px) 100vw, 600px\" \/><\/p>\n<div id=\"attachment_8869\" style=\"width: 610px\" class=\"wp-caption alignnone\"><img loading=\"lazy\" decoding=\"async\" aria-describedby=\"caption-attachment-8869\" class=\"size-large wp-image-8869\" src=\"https:\/\/jteblogi.sivustamo.dev\/wp-content\/uploads\/2020\/12\/kuningaskalastaja_02_Turku_12_20-600x343.jpg\" alt=\"KORISTON KUNKKU\" width=\"600\" height=\"343\" srcset=\"https:\/\/jteblogi.sivustamo.dev\/wp-content\/uploads\/2020\/12\/kuningaskalastaja_02_Turku_12_20-600x343.jpg 600w, https:\/\/jteblogi.sivustamo.dev\/wp-content\/uploads\/2020\/12\/kuningaskalastaja_02_Turku_12_20-300x171.jpg 300w, https:\/\/jteblogi.sivustamo.dev\/wp-content\/uploads\/2020\/12\/kuningaskalastaja_02_Turku_12_20.jpg 1050w\" sizes=\"auto, (max-width: 600px) 100vw, 600px\" \/><p id=\"caption-attachment-8869\" class=\"wp-caption-text\">KORISTON KUNKKU<\/p><\/div>\n","protected":false},"excerpt":{"rendered":"<p>Maanantaina 28.12. ja tiistaina 29.12.2020 k\u00e4vimme Outin kanssa p\u00e4iv\u00e4k\u00e4velyll\u00e4 Aurajokirannassa, Koroisten-Halisten alueella. S\u00e4\u00e4 oli molempina p\u00e4ivin\u00e4 pime\u00e4\u00e4, tuulista ja l\u00e4mp\u00f6tila nollan kieppeill\u00e4. K\u00e4velyn tarkoituksena oli l\u00f6yt\u00e4\u00e4 alueella\u00a0jo pidemm\u00e4n aikaa oleskellut kuningaskalastaja, jota Outi ei ollut Suomessa viel\u00e4 n\u00e4hnyt \u2013 ulkomailla &hellip; <a href=\"https:\/\/jteblogi.sivustamo.dev\/?p=8867\">Lue loppuun <span class=\"meta-nav\">&rarr;<\/span><\/a><\/p>\n","protected":false},"author":3,"featured_media":0,"comment_status":"closed","ping_status":"open","sticky":false,"template":"","format":"standard","meta":{"footnotes":""},"categories":[],"tags":[],"class_list":["post-8867","post","type-post","status-publish","format-standard","hentry"],"_links":{"self":[{"href":"https:\/\/jteblogi.sivustamo.dev\/index.php?rest_route=\/wp\/v2\/posts\/8867","targetHints":{"allow":["GET"]}}],"collection":[{"href":"https:\/\/jteblogi.sivustamo.dev\/index.php?rest_route=\/wp\/v2\/posts"}],"about":[{"href":"https:\/\/jteblogi.sivustamo.dev\/index.php?rest_route=\/wp\/v2\/types\/post"}],"author":[{"embeddable":true,"href":"https:\/\/jteblogi.sivustamo.dev\/index.php?rest_route=\/wp\/v2\/users\/3"}],"replies":[{"embeddable":true,"href":"https:\/\/jteblogi.sivustamo.dev\/index.php?rest_route=%2Fwp%2Fv2%2Fcomments&post=8867"}],"version-history":[{"count":1,"href":"https:\/\/jteblogi.sivustamo.dev\/index.php?rest_route=\/wp\/v2\/posts\/8867\/revisions"}],"predecessor-version":[{"id":8870,"href":"https:\/\/jteblogi.sivustamo.dev\/index.php?rest_route=\/wp\/v2\/posts\/8867\/revisions\/8870"}],"wp:attachment":[{"href":"https:\/\/jteblogi.sivustamo.dev\/index.php?rest_route=%2Fwp%2Fv2%2Fmedia&parent=8867"}],"wp:term":[{"taxonomy":"category","embeddable":true,"href":"https:\/\/jteblogi.sivustamo.dev\/index.php?rest_route=%2Fwp%2Fv2%2Fcategories&post=8867"},{"taxonomy":"post_tag","embeddable":true,"href":"https:\/\/jteblogi.sivustamo.dev\/index.php?rest_route=%2Fwp%2Fv2%2Ftags&post=8867"}],"curies":[{"name":"wp","href":"https:\/\/api.w.org\/{rel}","templated":true}]}}