{"id":900,"date":"2011-12-20T16:13:22","date_gmt":"2011-12-20T14:13:22","guid":{"rendered":"https:\/\/jteblogi.sivustamo.dev\/?p=900"},"modified":"2011-12-20T21:55:47","modified_gmt":"2011-12-20T19:55:47","slug":"sateen-keskella-utossa","status":"publish","type":"post","link":"https:\/\/jteblogi.sivustamo.dev\/?p=900","title":{"rendered":"Sateen keskell\u00e4 Ut\u00f6ss\u00e4"},"content":{"rendered":"<p>Perjantaina 16.12.2011 p\u00e4\u00e4sin vihdoin koko ty\u00f6viikon j\u00e4lkeen matkaan kohti Ut\u00f6t\u00e4, Outi on Nummella jouluvalmisteluissa. Pilvisess\u00e4 ja l\u00e4mpim\u00e4ss\u00e4 (4 astetta) s\u00e4\u00e4ss\u00e4 ajelin Nauvoon kahville, kauppareissu tuli vaihteeksi taas tehty\u00e4 jo Turussa. M\/s Eivorille ker\u00e4\u00e4ntyi melko niukasti v\u00e4ke\u00e4 ja muita lintuharrastajia ei yht\u00e4\u00e4n. Ut\u00f6st\u00e4 Varesvuon Markus raportoi, ett\u00e4 eilen oli it\u00e4rannalla ollut viel\u00e4 tiltaltti sek\u00e4 p\u00e4ivitt\u00e4in 1-2 merisirri\u00e4 ja 1-2 nokkavarpusta. Laivamatka pime\u00e4ss\u00e4 sujui tavanomaisesti ja Ut\u00f6seen saavuttiin klo 23.30, kirkkaan t\u00e4htitaivaan alla.<\/p>\n<div id=\"attachment_901\" style=\"width: 610px\" class=\"wp-caption alignnone\"><img loading=\"lazy\" decoding=\"async\" aria-describedby=\"caption-attachment-901\" class=\"size-large wp-image-901\" title=\"huuhkaja_uto\" src=\"https:\/\/jteblogi.sivustamo.dev\/wp-content\/uploads\/2011\/12\/huuhkaja_uto-600x450.jpg\" alt=\"\" width=\"600\" height=\"450\" srcset=\"https:\/\/jteblogi.sivustamo.dev\/wp-content\/uploads\/2011\/12\/huuhkaja_uto-600x450.jpg 600w, https:\/\/jteblogi.sivustamo.dev\/wp-content\/uploads\/2011\/12\/huuhkaja_uto-300x225.jpg 300w, https:\/\/jteblogi.sivustamo.dev\/wp-content\/uploads\/2011\/12\/huuhkaja_uto.jpg 800w\" sizes=\"auto, (max-width: 600px) 100vw, 600px\" \/><p id=\"caption-attachment-901\" class=\"wp-caption-text\">VIIME VIIKONVAIHTEESSA L\u00c4HES TUNTI ENNEN AURINGONNOUSUA OTETTU HAHMOKUVA HUUHKAJASTA GUNNARIN TELKKARIANTENNILLA UT\u00d6SS\u00c4<\/p><\/div>\n<p>Lauantai 17.12.2011 oli kauniin eilisp\u00e4iv\u00e4n j\u00e4lkeen t\u00e4ysi vastakohta: koko \u201dvaloisa\u201d aika paiskoi reipasta vesisadetta ja puhalsi kova (15-18 m\/s) it\u00e4tuuli, l\u00e4mp\u00f6\u00e4 oli 3-4 astetta. Staijasin ja kiertelin nelisen tuntia kunnes olin niin m\u00e4rk\u00e4, ett\u00e4 oli pakko tulla loppup\u00e4iv\u00e4ksi kuivattelemaan ja l\u00e4mmittelem\u00e4\u00e4n. Mainittavimmat havikset vesisateessa olivat 6 naurulokkia, 2 tukkakoskeloa, 2 peippoa, kaupan takana ruokaillut laulurastas (sama kuin 10.12. ?) ja it\u00e4rannan ruovikossa edelleen <strong>tiltaltti<\/strong>. Merisirrit olivat nyt poissa tuuliselta it\u00e4rannalta enk\u00e4 tunnin p\u00e4ivystyksell\u00e4 l\u00f6yt\u00e4nyt nokkavarpustakaan koulun ruokinnalta.<\/p>\n<div id=\"attachment_902\" style=\"width: 610px\" class=\"wp-caption alignnone\"><img loading=\"lazy\" decoding=\"async\" aria-describedby=\"caption-attachment-902\" class=\"size-large wp-image-902\" title=\"itaranta\" src=\"https:\/\/jteblogi.sivustamo.dev\/wp-content\/uploads\/2011\/12\/itaranta-600x400.jpg\" alt=\"\" width=\"600\" height=\"400\" srcset=\"https:\/\/jteblogi.sivustamo.dev\/wp-content\/uploads\/2011\/12\/itaranta-600x400.jpg 600w, https:\/\/jteblogi.sivustamo.dev\/wp-content\/uploads\/2011\/12\/itaranta-300x200.jpg 300w, https:\/\/jteblogi.sivustamo.dev\/wp-content\/uploads\/2011\/12\/itaranta.jpg 1200w\" sizes=\"auto, (max-width: 600px) 100vw, 600px\" \/><p id=\"caption-attachment-902\" class=\"wp-caption-text\">KORKEA VESI JA AALLOKKO OVAT SIISTINEET IT\u00c4RANNAN RANTAVIIVAA<\/p><\/div>\n<p>Sunnuntaina 18.12.2011 vesisade jatkui koko valoisan ajan mutta onneksi hiukan eilist\u00e4 heikompana. Tuuli oli heikentynyt 4-5 m\/s kaakosta ja sen my\u00f6t\u00e4 lintujakin liikkui v\u00e4h\u00e4n eilist\u00e4 enemm\u00e4n. Runsaan nelj\u00e4n tunnin saarikierros tuotti mm. 4 tukkakoskeloa, riskil\u00e4n, allin, tavin, 7 naurulokkia ja Pattsk\u00e4rin etel\u00e4k\u00e4rjen luodolla ruokailleet <strong>7 merisirri\u00e4<\/strong>. Pikkulintujakin oli viel\u00e4 melko monipuolisesti, mm. 42 r\u00e4k\u00e4ttirastasta, 2 mustarastasta, 4 pikkuvarpusta, 6 peippoa, <strong>mustap\u00e4\u00e4kerttu<\/strong> (museon luona), <strong>punarinta<\/strong> (koululla) ja <strong>peukaloinen<\/strong> (it\u00e4niityll\u00e4). Varesvuon Markus ja Minna l\u00e4htiv\u00e4t t\u00e4n\u00e4\u00e4n mantereelle.<\/p>\n<p><img loading=\"lazy\" decoding=\"async\" class=\"alignnone size-large wp-image-903\" title=\"ikkuna\" src=\"https:\/\/jteblogi.sivustamo.dev\/wp-content\/uploads\/2011\/12\/ikkuna-600x400.jpg\" alt=\"\" width=\"600\" height=\"400\" srcset=\"https:\/\/jteblogi.sivustamo.dev\/wp-content\/uploads\/2011\/12\/ikkuna-600x400.jpg 600w, https:\/\/jteblogi.sivustamo.dev\/wp-content\/uploads\/2011\/12\/ikkuna-300x200.jpg 300w, https:\/\/jteblogi.sivustamo.dev\/wp-content\/uploads\/2011\/12\/ikkuna.jpg 900w\" sizes=\"auto, (max-width: 600px) 100vw, 600px\" \/><\/p>\n<p>Maanantaina 19.12.2011 sadekeli jatkui, tosin aamup\u00e4iv\u00e4ll\u00e4 oli muutama pieni hetki satamatta ja siksi jopa staijailin majakalla puolitoista tuntia. Tuuli oli 9 m\/s lounaasta, l\u00e4mp\u00f6\u00e4 3 astetta.\u00a0 Merell\u00e4 n\u00e4kyi mm. kaakkuri, 2 merimetsoa, 3 haahkaa, 6 allia, 2 mustalintua, 7 tukkakoskeloa ja 14 naurulokkia. Saaren rantavesiss\u00e4 oli n. 50 telkk\u00e4\u00e4 ja 8 kyhmyjoutsenta, kalalokkeja muutti lounaaseen n. 40. Saaressa n\u00e4kyi mm. 24 r\u00e4k\u00e4ttirastasta, 3 pikkuvarpusta, 3 peippoa, <strong>kiuru<\/strong> Kattrumpanin kalliolla sek\u00e4 kyl\u00e4ll\u00e4 lennellyt <strong>nokkavarpunen<\/strong>.<\/p>\n<p><img loading=\"lazy\" decoding=\"async\" class=\"alignnone size-large wp-image-904\" title=\"meri\" src=\"https:\/\/jteblogi.sivustamo.dev\/wp-content\/uploads\/2011\/12\/meri-600x400.jpg\" alt=\"\" width=\"600\" height=\"400\" srcset=\"https:\/\/jteblogi.sivustamo.dev\/wp-content\/uploads\/2011\/12\/meri-600x400.jpg 600w, https:\/\/jteblogi.sivustamo.dev\/wp-content\/uploads\/2011\/12\/meri-300x200.jpg 300w, https:\/\/jteblogi.sivustamo.dev\/wp-content\/uploads\/2011\/12\/meri.jpg 1200w\" sizes=\"auto, (max-width: 600px) 100vw, 600px\" \/><\/p>\n<p>Tiistaina 20.12.2011 l\u00e4hdin mantereelle jouluksi. Edelleen vihmoi vesisadetta ja l\u00e4nsilounainen tuuli vinkui nyt 14-15 m\/s. Ennen laivan l\u00e4ht\u00f6\u00e4 klo 13 retkeilin kevyesti saaren it\u00e4osassa ja v\u00e4h\u00e4n staijasin merellekin mutta siell\u00e4 ei lintuja liikkunut. Saaressa sen sijaan n\u00e4kyi mm. 2 merimetsoa, 6 naurulokkia, 2 pikkuvarpusta, 2 urpiaista, mustarastas, 16 r\u00e4k\u00e4tti\u00e4, <strong>punakylkirastas<\/strong> it\u00e4rannan lev\u00e4vallilla, <strong>kiuru<\/strong> taas kappelin luona sek\u00e4 <strong>sarvip\u00f6ll\u00f6<\/strong> killistelem\u00e4ss\u00e4 museon vieress\u00e4 m\u00e4nnyiss\u00e4. Jatkuvan sateen takia ei tullut t\u00e4ll\u00e4 reissulla otettua yht\u00e4\u00e4n lintukuvaa ja laitankin t\u00e4h\u00e4n muutaman Outin ottaman maisemakuvan nyt alkutalvelta. N\u00e4iden sadep\u00e4ivien lajim\u00e4\u00e4r\u00e4ksi kertyi 35. Paluumatkalla ei kummempia n\u00e4kynyt ja p\u00e4ivit\u00e4nkin t\u00e4m\u00e4n taas jo t\u00e4\u00e4lt\u00e4 laivalta, N\u00f6t\u00f6n l\u00e4helt\u00e4.<\/p>\n<div id=\"attachment_905\" style=\"width: 343px\" class=\"wp-caption alignnone\"><img loading=\"lazy\" decoding=\"async\" aria-describedby=\"caption-attachment-905\" class=\"size-large wp-image-905\" title=\"kehakukat\" src=\"https:\/\/jteblogi.sivustamo.dev\/wp-content\/uploads\/2011\/12\/kehakukat-333x500.jpg\" alt=\"\" width=\"333\" height=\"500\" srcset=\"https:\/\/jteblogi.sivustamo.dev\/wp-content\/uploads\/2011\/12\/kehakukat-333x500.jpg 333w, https:\/\/jteblogi.sivustamo.dev\/wp-content\/uploads\/2011\/12\/kehakukat-200x300.jpg 200w, https:\/\/jteblogi.sivustamo.dev\/wp-content\/uploads\/2011\/12\/kehakukat.jpg 800w\" sizes=\"auto, (max-width: 333px) 100vw, 333px\" \/><p id=\"caption-attachment-905\" class=\"wp-caption-text\">KEH\u00c4KUKAT KUKKIVAT EDELLEEN PIHALLAMME<\/p><\/div>\n<p>&nbsp;<\/p>\n","protected":false},"excerpt":{"rendered":"<p>Perjantaina 16.12.2011 p\u00e4\u00e4sin vihdoin koko ty\u00f6viikon j\u00e4lkeen matkaan kohti Ut\u00f6t\u00e4, Outi on Nummella jouluvalmisteluissa. Pilvisess\u00e4 ja l\u00e4mpim\u00e4ss\u00e4 (4 astetta) s\u00e4\u00e4ss\u00e4 ajelin Nauvoon kahville, kauppareissu tuli vaihteeksi taas tehty\u00e4 jo Turussa. M\/s Eivorille ker\u00e4\u00e4ntyi melko niukasti v\u00e4ke\u00e4 ja muita lintuharrastajia ei &hellip; <a href=\"https:\/\/jteblogi.sivustamo.dev\/?p=900\">Lue loppuun <span class=\"meta-nav\">&rarr;<\/span><\/a><\/p>\n","protected":false},"author":3,"featured_media":0,"comment_status":"closed","ping_status":"open","sticky":false,"template":"","format":"standard","meta":{"footnotes":""},"categories":[1,3],"tags":[],"class_list":["post-900","post","type-post","status-publish","format-standard","hentry","category-ajankohtaista-linturetkilta","category-digikuvia-luonnosta"],"_links":{"self":[{"href":"https:\/\/jteblogi.sivustamo.dev\/index.php?rest_route=\/wp\/v2\/posts\/900","targetHints":{"allow":["GET"]}}],"collection":[{"href":"https:\/\/jteblogi.sivustamo.dev\/index.php?rest_route=\/wp\/v2\/posts"}],"about":[{"href":"https:\/\/jteblogi.sivustamo.dev\/index.php?rest_route=\/wp\/v2\/types\/post"}],"author":[{"embeddable":true,"href":"https:\/\/jteblogi.sivustamo.dev\/index.php?rest_route=\/wp\/v2\/users\/3"}],"replies":[{"embeddable":true,"href":"https:\/\/jteblogi.sivustamo.dev\/index.php?rest_route=%2Fwp%2Fv2%2Fcomments&post=900"}],"version-history":[{"count":4,"href":"https:\/\/jteblogi.sivustamo.dev\/index.php?rest_route=\/wp\/v2\/posts\/900\/revisions"}],"predecessor-version":[{"id":909,"href":"https:\/\/jteblogi.sivustamo.dev\/index.php?rest_route=\/wp\/v2\/posts\/900\/revisions\/909"}],"wp:attachment":[{"href":"https:\/\/jteblogi.sivustamo.dev\/index.php?rest_route=%2Fwp%2Fv2%2Fmedia&parent=900"}],"wp:term":[{"taxonomy":"category","embeddable":true,"href":"https:\/\/jteblogi.sivustamo.dev\/index.php?rest_route=%2Fwp%2Fv2%2Fcategories&post=900"},{"taxonomy":"post_tag","embeddable":true,"href":"https:\/\/jteblogi.sivustamo.dev\/index.php?rest_route=%2Fwp%2Fv2%2Ftags&post=900"}],"curies":[{"name":"wp","href":"https:\/\/api.w.org\/{rel}","templated":true}]}}