{"id":920,"date":"2011-12-28T18:35:18","date_gmt":"2011-12-28T16:35:18","guid":{"rendered":"https:\/\/jteblogi.sivustamo.dev\/?p=920"},"modified":"2011-12-28T18:35:18","modified_gmt":"2011-12-28T16:35:18","slug":"kolmas-kerta-toden","status":"publish","type":"post","link":"https:\/\/jteblogi.sivustamo.dev\/?p=920","title":{"rendered":"Kolmas kerta toden&#8230;"},"content":{"rendered":"<p>Keskiviikkona 28.12.2011 Turun Laukkavuoren <strong>harjalintu<\/strong> oli edelleen paikalla, nyt v\u00e4h\u00e4n pidemp\u00e4\u00e4n kuin aiempina p\u00e4ivin\u00e4. P\u00e4\u00e4tin k\u00e4v\u00e4ist\u00e4 viel\u00e4 kerran katsomassa joulukuista <em>upupaa<\/em>, ei niit\u00e4 niin usein tule vastaan! Ehdin v\u00e4h\u00e4n my\u00f6h\u00e4\u00e4n taas paikalle ja l\u00e4nnest\u00e4 ehtikin levit\u00e4 paksuja pilvi\u00e4 valon eteen mutta jokunen dokumenttitason kuva kuitenkin syntyi. Lintu ruokaili rauhallisesti vakiopaikallaan ja muutama orni, mukaanlukien mm. velipoikani Olli, k\u00e4vi t\u00f6yht\u00f6p\u00e4\u00e4t\u00e4 katsastamassa. Lintu j\u00e4i edelleen nurmikolle ruokailemaan poistuessani.<\/p>\n<div id=\"attachment_921\" style=\"width: 610px\" class=\"wp-caption alignnone\"><img loading=\"lazy\" decoding=\"async\" aria-describedby=\"caption-attachment-921\" class=\"size-large wp-image-921\" title=\"harjalintu_04_Turku_12_11\" src=\"https:\/\/jteblogi.sivustamo.dev\/wp-content\/uploads\/2011\/12\/harjalintu_04_Turku_12_11-600x400.jpg\" alt=\"\" width=\"600\" height=\"400\" srcset=\"https:\/\/jteblogi.sivustamo.dev\/wp-content\/uploads\/2011\/12\/harjalintu_04_Turku_12_11-600x400.jpg 600w, https:\/\/jteblogi.sivustamo.dev\/wp-content\/uploads\/2011\/12\/harjalintu_04_Turku_12_11-300x200.jpg 300w, https:\/\/jteblogi.sivustamo.dev\/wp-content\/uploads\/2011\/12\/harjalintu_04_Turku_12_11.jpg 900w\" sizes=\"auto, (max-width: 600px) 100vw, 600px\" \/><p id=\"caption-attachment-921\" class=\"wp-caption-text\">HARJALINTU N\u00c4YTTI L\u00d6YT\u00c4V\u00c4N HYVIN SY\u00d6T\u00c4V\u00c4\u00c4 JOULUKUISELTA NURMIKOLTA<\/p><\/div>\n","protected":false},"excerpt":{"rendered":"<p>Keskiviikkona 28.12.2011 Turun Laukkavuoren harjalintu oli edelleen paikalla, nyt v\u00e4h\u00e4n pidemp\u00e4\u00e4n kuin aiempina p\u00e4ivin\u00e4. P\u00e4\u00e4tin k\u00e4v\u00e4ist\u00e4 viel\u00e4 kerran katsomassa joulukuista upupaa, ei niit\u00e4 niin usein tule vastaan! Ehdin v\u00e4h\u00e4n my\u00f6h\u00e4\u00e4n taas paikalle ja l\u00e4nnest\u00e4 ehtikin levit\u00e4 paksuja pilvi\u00e4 valon eteen &hellip; <a href=\"https:\/\/jteblogi.sivustamo.dev\/?p=920\">Lue loppuun <span class=\"meta-nav\">&rarr;<\/span><\/a><\/p>\n","protected":false},"author":3,"featured_media":0,"comment_status":"closed","ping_status":"open","sticky":false,"template":"","format":"standard","meta":{"footnotes":""},"categories":[],"tags":[],"class_list":["post-920","post","type-post","status-publish","format-standard","hentry"],"_links":{"self":[{"href":"https:\/\/jteblogi.sivustamo.dev\/index.php?rest_route=\/wp\/v2\/posts\/920","targetHints":{"allow":["GET"]}}],"collection":[{"href":"https:\/\/jteblogi.sivustamo.dev\/index.php?rest_route=\/wp\/v2\/posts"}],"about":[{"href":"https:\/\/jteblogi.sivustamo.dev\/index.php?rest_route=\/wp\/v2\/types\/post"}],"author":[{"embeddable":true,"href":"https:\/\/jteblogi.sivustamo.dev\/index.php?rest_route=\/wp\/v2\/users\/3"}],"replies":[{"embeddable":true,"href":"https:\/\/jteblogi.sivustamo.dev\/index.php?rest_route=%2Fwp%2Fv2%2Fcomments&post=920"}],"version-history":[{"count":1,"href":"https:\/\/jteblogi.sivustamo.dev\/index.php?rest_route=\/wp\/v2\/posts\/920\/revisions"}],"predecessor-version":[{"id":922,"href":"https:\/\/jteblogi.sivustamo.dev\/index.php?rest_route=\/wp\/v2\/posts\/920\/revisions\/922"}],"wp:attachment":[{"href":"https:\/\/jteblogi.sivustamo.dev\/index.php?rest_route=%2Fwp%2Fv2%2Fmedia&parent=920"}],"wp:term":[{"taxonomy":"category","embeddable":true,"href":"https:\/\/jteblogi.sivustamo.dev\/index.php?rest_route=%2Fwp%2Fv2%2Fcategories&post=920"},{"taxonomy":"post_tag","embeddable":true,"href":"https:\/\/jteblogi.sivustamo.dev\/index.php?rest_route=%2Fwp%2Fv2%2Ftags&post=920"}],"curies":[{"name":"wp","href":"https:\/\/api.w.org\/{rel}","templated":true}]}}