{"id":9850,"date":"2022-01-05T17:22:32","date_gmt":"2022-01-05T15:22:32","guid":{"rendered":"https:\/\/jteblogi.sivustamo.dev\/?p=9850"},"modified":"2022-01-06T14:51:51","modified_gmt":"2022-01-06T12:51:51","slug":"vuoden-eka-rari","status":"publish","type":"post","link":"https:\/\/jteblogi.sivustamo.dev\/?p=9850","title":{"rendered":"Vuoden eka rari"},"content":{"rendered":"<p>Maanantaina 3.1.2022 oli hyvin heikkoa (1-4 m\/s) suunnaltaan vaihtelevaa tuulta, l\u00e4mp\u00f6\u00e4 3 astetta ja pilvist\u00e4, iltap\u00e4iv\u00e4ll\u00e4 tihkusadetta. Aamup\u00e4iv\u00e4ll\u00e4 oli erinomainen n\u00e4kyvyys merelle. Staijia n. 2 tuntia, lis\u00e4ksi kierrettiin saari Kesn\u00e4sin etel\u00e4osaa lukuun ottamatta. Merell\u00e4 n\u00e4htiin mm. <strong>2 ruokkia<\/strong>, 4 riskil\u00e4\u00e4, 6 allia, 2 tukkakoskeloa ja luodoilla yhteens\u00e4 <strong>38 merisirri\u00e4<\/strong>. Aamun \u201dstara\u201d oli klo 10.55 l\u00e4helt\u00e4, Patteriniemen yli, koilliseen muuttanut 2kv <strong>pikkukajava<\/strong>. Harmi, ett\u00e4 varhaisaamun tihkusumun takia olimme j\u00e4tt\u00e4neet kamerat k\u00e4mpille.. Saaressa havaittiin mm. n\u00e4rhi, 42 r\u00e4k\u00e4ttirastasta, 12 tilhe\u00e4, luotokirvinen, pikkuvarpunen, 2 peukaloista, 2 punarintaa ja <strong>nokkavarpunen<\/strong>, joka n\u00e4htiin muutaman kerran kyl\u00e4n it\u00e4reunalla. Mainio lintup\u00e4iv\u00e4! Iltap\u00e4iv\u00e4ll\u00e4 l\u00e4htiv\u00e4t mantereelle mm. Varesvuon Markus ja Minna sek\u00e4 \u00d6hmanin Ossi perheineen.<\/p>\n<div id=\"attachment_9851\" style=\"width: 610px\" class=\"wp-caption alignnone\"><img loading=\"lazy\" decoding=\"async\" aria-describedby=\"caption-attachment-9851\" class=\"size-large wp-image-9851\" src=\"https:\/\/jteblogi.sivustamo.dev\/wp-content\/uploads\/2022\/01\/vihervarpunen_01_Korppoo_01_22-600x371.jpg\" alt=\"VIHERVARPUSIA ON LIKIMAIN P\u00c4IVITT\u00c4IN, MUTTA URPIAISET KATEISSA\" width=\"600\" height=\"371\" srcset=\"https:\/\/jteblogi.sivustamo.dev\/wp-content\/uploads\/2022\/01\/vihervarpunen_01_Korppoo_01_22-600x371.jpg 600w, https:\/\/jteblogi.sivustamo.dev\/wp-content\/uploads\/2022\/01\/vihervarpunen_01_Korppoo_01_22-300x186.jpg 300w, https:\/\/jteblogi.sivustamo.dev\/wp-content\/uploads\/2022\/01\/vihervarpunen_01_Korppoo_01_22.jpg 1050w\" sizes=\"auto, (max-width: 600px) 100vw, 600px\" \/><p id=\"caption-attachment-9851\" class=\"wp-caption-text\">VIHERVARPUSIA ON LIKIMAIN P\u00c4IVITT\u00c4IN, MUTTA URPIAISET KATEISSA<\/p><\/div>\n<p>Tiistaina 4.1.2022 y\u00f6llisen vesisateen j\u00e4lkeen oli pilvet\u00f6nt\u00e4 ja 2 astetta l\u00e4mmint\u00e4, mutta aika navakka (10-13 m\/s) lounaistuuli. Staijia vajaa tunti ja kierrettiin saaren it\u00e4- ja etel\u00e4osat. Lintuja oli kuitenkin t\u00e4n\u00e4\u00e4n niukasti, mainittavia vain 5 tukkakoskeloa, 26 r\u00e4k\u00e4ttirastasta ja <strong>luotokirvinen<\/strong>. T\u00e4n\u00e4\u00e4n tehtiin taas vaihteeksi enemm\u00e4n kotihommia.<\/p>\n<div id=\"attachment_9852\" style=\"width: 610px\" class=\"wp-caption alignnone\"><img loading=\"lazy\" decoding=\"async\" aria-describedby=\"caption-attachment-9852\" class=\"size-large wp-image-9852\" src=\"https:\/\/jteblogi.sivustamo.dev\/wp-content\/uploads\/2022\/01\/telkk\u00e4_12_Korppoo_12_21-600x371.jpg\" alt=\"TELKKI\u00c4 ON SAAREN VESILL\u00c4 TAVANOMAISTA V\u00c4HEMM\u00c4N\" width=\"600\" height=\"371\" srcset=\"https:\/\/jteblogi.sivustamo.dev\/wp-content\/uploads\/2022\/01\/telkk\u00e4_12_Korppoo_12_21-600x371.jpg 600w, https:\/\/jteblogi.sivustamo.dev\/wp-content\/uploads\/2022\/01\/telkk\u00e4_12_Korppoo_12_21-300x186.jpg 300w, https:\/\/jteblogi.sivustamo.dev\/wp-content\/uploads\/2022\/01\/telkk\u00e4_12_Korppoo_12_21.jpg 1050w\" sizes=\"auto, (max-width: 600px) 100vw, 600px\" \/><p id=\"caption-attachment-9852\" class=\"wp-caption-text\">TELKKI\u00c4 ON SAAREN VESILL\u00c4 TAVANOMAISTA V\u00c4HEMM\u00c4N<\/p><\/div>\n<p>Keskiviikkona 5.1.2022 oli p\u00e4\u00e4osin pilvist\u00e4 ja aamulla ja iltap\u00e4iv\u00e4ll\u00e4 r\u00e4nt\u00e4-\/vesikuuroja. L\u00e4mp\u00f6\u00e4 oli 2 astetta ja lounaistuulta aamulla 7 m\/s, my\u00f6hemmin tyyntyi kokonaan. Staijia n. 1,5 tuntia ja kierrettiin saari lukuun ottamatta Ensk\u00e4ri\u00e4. Mainittavimmat havainnot olivat tukkakoskelo, 2 riskil\u00e4\u00e4, yhteens\u00e4 <strong>42 merisirri\u00e4<\/strong> (4 parvessa) ja saaressa <strong>huuhkaja<\/strong> (Kobbanilla), <strong>2 sarvip\u00f6ll\u00f6\u00e4<\/strong> illansuussa it\u00e4niityn reunalla, n\u00e4rhi,<strong> 2 luotokirvist\u00e4<\/strong>, 3\u00a0peukaloista, punarinta, 13 r\u00e4k\u00e4ttirastasta, <strong>nokkavarpunen<\/strong> (koululla) ja 16 tilhe\u00e4. Iltap\u00e4iv\u00e4ll\u00e4 saapui lis\u00e4\u00e4 v\u00e4ke\u00e4, lintuporukkaa Ismo Hyv\u00e4rinen ja Laaksosen Juha perheineen.<\/p>\n<div id=\"attachment_9853\" style=\"width: 610px\" class=\"wp-caption alignnone\"><img loading=\"lazy\" decoding=\"async\" aria-describedby=\"caption-attachment-9853\" class=\"size-large wp-image-9853\" src=\"https:\/\/jteblogi.sivustamo.dev\/wp-content\/uploads\/2022\/01\/n\u00e4rhi_01_Korppoo_01_22-600x371.jpg\" alt=\"YKSI N\u00c4RHI ON J\u00c4\u00c4NYT SAAREEN VIETT\u00c4M\u00c4\u00c4N TALVEA\" width=\"600\" height=\"371\" srcset=\"https:\/\/jteblogi.sivustamo.dev\/wp-content\/uploads\/2022\/01\/n\u00e4rhi_01_Korppoo_01_22-600x371.jpg 600w, https:\/\/jteblogi.sivustamo.dev\/wp-content\/uploads\/2022\/01\/n\u00e4rhi_01_Korppoo_01_22-300x186.jpg 300w, https:\/\/jteblogi.sivustamo.dev\/wp-content\/uploads\/2022\/01\/n\u00e4rhi_01_Korppoo_01_22.jpg 1050w\" sizes=\"auto, (max-width: 600px) 100vw, 600px\" \/><p id=\"caption-attachment-9853\" class=\"wp-caption-text\">YKSI N\u00c4RHI ON J\u00c4\u00c4NYT SAAREEN VIETT\u00c4M\u00c4\u00c4N TALVEA<\/p><\/div>\n<p>Uusimmat kuvat isompina tiedostoina <em>exif<\/em>-tietoineen l\u00f6ytyv\u00e4t t\u00e4\u00e4lt\u00e4:<br \/>\n<strong><a href=\"https:\/\/jtenovuo.1g.fi\/kuvat\/UUSIMMAT+-+LATEST+PHOTOS\/\">https:\/\/jtenovuo.1g.fi\/kuvat\/UUSIMMAT+-+LATEST+PHOTOS\/<\/a><\/strong><\/p>\n","protected":false},"excerpt":{"rendered":"<p>Maanantaina 3.1.2022 oli hyvin heikkoa (1-4 m\/s) suunnaltaan vaihtelevaa tuulta, l\u00e4mp\u00f6\u00e4 3 astetta ja pilvist\u00e4, iltap\u00e4iv\u00e4ll\u00e4 tihkusadetta. Aamup\u00e4iv\u00e4ll\u00e4 oli erinomainen n\u00e4kyvyys merelle. Staijia n. 2 tuntia, lis\u00e4ksi kierrettiin saari Kesn\u00e4sin etel\u00e4osaa lukuun ottamatta. Merell\u00e4 n\u00e4htiin mm. 2 ruokkia, 4 riskil\u00e4\u00e4, &hellip; <a href=\"https:\/\/jteblogi.sivustamo.dev\/?p=9850\">Lue loppuun <span class=\"meta-nav\">&rarr;<\/span><\/a><\/p>\n","protected":false},"author":3,"featured_media":0,"comment_status":"closed","ping_status":"open","sticky":false,"template":"","format":"standard","meta":{"footnotes":""},"categories":[1,3],"tags":[],"class_list":["post-9850","post","type-post","status-publish","format-standard","hentry","category-ajankohtaista-linturetkilta","category-digikuvia-luonnosta"],"_links":{"self":[{"href":"https:\/\/jteblogi.sivustamo.dev\/index.php?rest_route=\/wp\/v2\/posts\/9850","targetHints":{"allow":["GET"]}}],"collection":[{"href":"https:\/\/jteblogi.sivustamo.dev\/index.php?rest_route=\/wp\/v2\/posts"}],"about":[{"href":"https:\/\/jteblogi.sivustamo.dev\/index.php?rest_route=\/wp\/v2\/types\/post"}],"author":[{"embeddable":true,"href":"https:\/\/jteblogi.sivustamo.dev\/index.php?rest_route=\/wp\/v2\/users\/3"}],"replies":[{"embeddable":true,"href":"https:\/\/jteblogi.sivustamo.dev\/index.php?rest_route=%2Fwp%2Fv2%2Fcomments&post=9850"}],"version-history":[{"count":6,"href":"https:\/\/jteblogi.sivustamo.dev\/index.php?rest_route=\/wp\/v2\/posts\/9850\/revisions"}],"predecessor-version":[{"id":9859,"href":"https:\/\/jteblogi.sivustamo.dev\/index.php?rest_route=\/wp\/v2\/posts\/9850\/revisions\/9859"}],"wp:attachment":[{"href":"https:\/\/jteblogi.sivustamo.dev\/index.php?rest_route=%2Fwp%2Fv2%2Fmedia&parent=9850"}],"wp:term":[{"taxonomy":"category","embeddable":true,"href":"https:\/\/jteblogi.sivustamo.dev\/index.php?rest_route=%2Fwp%2Fv2%2Fcategories&post=9850"},{"taxonomy":"post_tag","embeddable":true,"href":"https:\/\/jteblogi.sivustamo.dev\/index.php?rest_route=%2Fwp%2Fv2%2Ftags&post=9850"}],"curies":[{"name":"wp","href":"https:\/\/api.w.org\/{rel}","templated":true}]}}