{"id":9875,"date":"2022-01-14T18:26:30","date_gmt":"2022-01-14T16:26:30","guid":{"rendered":"https:\/\/jteblogi.sivustamo.dev\/?p=9875"},"modified":"2022-01-14T18:27:40","modified_gmt":"2022-01-14T16:27:40","slug":"yhteenveto-uton-kesa-ja-syyskaudesta-2021","status":"publish","type":"post","link":"https:\/\/jteblogi.sivustamo.dev\/?p=9875","title":{"rendered":"Yhteenveto Ut\u00f6n kes\u00e4- ja syyskaudesta 2021"},"content":{"rendered":"<p>Kes\u00e4 ja alkusyksy olivat kauniita ja l\u00e4mpimi\u00e4, mutta varsinainen syysaika oli varsin sateinen ja kovat l\u00e4nnenpuoleiset tuulet vallitsivat pitk\u00e4\u00e4n. Pakkasta tuli harvinaisen varhain\u00a0jo joulukuun alkupuolella vaikuttaen v\u00e4hent\u00e4v\u00e4sti talvehtimaan j\u00e4\u00e4vien lintujen m\u00e4\u00e4riin. Korona-ajan takia kotimaan matkailu oli j\u00e4lleen vilkasta, Ut\u00f6ss\u00e4 k\u00e4vi vuoden aikana yli 15.000 vierailijaa.<\/p>\n<div id=\"attachment_9876\" style=\"width: 610px\" class=\"wp-caption alignnone\"><img loading=\"lazy\" decoding=\"async\" aria-describedby=\"caption-attachment-9876\" class=\"size-large wp-image-9876\" src=\"https:\/\/jteblogi.sivustamo.dev\/wp-content\/uploads\/2022\/01\/tulip\u00e4\u00e4paikka_01_Korppoo_10_21-600x371.jpg\" alt=\"LINTUV\u00c4KE\u00c4 OLI TAVANOMAISEN RUNSAASTI\" width=\"600\" height=\"371\" srcset=\"https:\/\/jteblogi.sivustamo.dev\/wp-content\/uploads\/2022\/01\/tulip\u00e4\u00e4paikka_01_Korppoo_10_21-600x371.jpg 600w, https:\/\/jteblogi.sivustamo.dev\/wp-content\/uploads\/2022\/01\/tulip\u00e4\u00e4paikka_01_Korppoo_10_21-300x186.jpg 300w, https:\/\/jteblogi.sivustamo.dev\/wp-content\/uploads\/2022\/01\/tulip\u00e4\u00e4paikka_01_Korppoo_10_21.jpg 1050w\" sizes=\"auto, (max-width: 600px) 100vw, 600px\" \/><p id=\"caption-attachment-9876\" class=\"wp-caption-text\">LINTUV\u00c4KE\u00c4 OLI TAVANOMAISEN RUNSAASTI<\/p><\/div>\n<p>Kes\u00e4ajan mainittavia lintuhavaintoja olivat mm. ruisr\u00e4\u00e4kk\u00e4 it\u00e4niityll\u00e4 26-28.6., kuhankeitt\u00e4j\u00e4 lauloi kyl\u00e4ll\u00e4 30.6. ja etel\u00e4nkiisla havaittiin 6.7. Kirjokerttupari (ja ainakin 2 lentopoikasta) n\u00e4htiin 5.8. saakka.<\/p>\n<div id=\"attachment_9877\" style=\"width: 610px\" class=\"wp-caption alignnone\"><img loading=\"lazy\" decoding=\"async\" aria-describedby=\"caption-attachment-9877\" class=\"size-large wp-image-9877\" src=\"https:\/\/jteblogi.sivustamo.dev\/wp-content\/uploads\/2022\/01\/kirjokerttu_41_Korppoo_07_21-600x349.jpg\" alt=\"KIRJOKERTTU PESI MUUTAMAN VUODEN TAUON J\u00c4LKEEN TAAS UT\u00d6SS\u00c4\" width=\"600\" height=\"349\" srcset=\"https:\/\/jteblogi.sivustamo.dev\/wp-content\/uploads\/2022\/01\/kirjokerttu_41_Korppoo_07_21-600x349.jpg 600w, https:\/\/jteblogi.sivustamo.dev\/wp-content\/uploads\/2022\/01\/kirjokerttu_41_Korppoo_07_21-300x174.jpg 300w, https:\/\/jteblogi.sivustamo.dev\/wp-content\/uploads\/2022\/01\/kirjokerttu_41_Korppoo_07_21.jpg 1050w\" sizes=\"auto, (max-width: 600px) 100vw, 600px\" \/><p id=\"caption-attachment-9877\" class=\"wp-caption-text\">KIRJOKERTTU PESI MUUTAMAN VUODEN TAUON J\u00c4LKEEN TAAS UT\u00d6SS\u00c4<\/p><\/div>\n<p>Muuttohaukkoja n\u00e4htiin 28.8.- 21.11. yhteens\u00e4 34 yksil\u00f6\u00e4. Kaksi lyhytnokkahanhea havaittiin 21.9. ja Ut\u00f6ss\u00e4 harvinainen pohjansirkku 22.9. ja 26.9. Ensimm\u00e4iset merisirrit l\u00f6ydettiin 26.9. ja syksyn suurin lukema 325 yks laskettiin 13.11. Mustalepp\u00e4lintu n\u00e4htiin 4.10. ja 1-4.11., syksyinen etel\u00e4nkiisla 10.10., sepelrastas 21.10. ja maakotka 1.11.<\/p>\n<div id=\"attachment_9878\" style=\"width: 610px\" class=\"wp-caption alignnone\"><img loading=\"lazy\" decoding=\"async\" aria-describedby=\"caption-attachment-9878\" class=\"size-large wp-image-9878\" src=\"https:\/\/jteblogi.sivustamo.dev\/wp-content\/uploads\/2022\/01\/sepelrastas_03_Korppoo_10_21-600x343.jpg\" alt=\"SYKSYINEN SEPELRASTAS\" width=\"600\" height=\"343\" srcset=\"https:\/\/jteblogi.sivustamo.dev\/wp-content\/uploads\/2022\/01\/sepelrastas_03_Korppoo_10_21-600x343.jpg 600w, https:\/\/jteblogi.sivustamo.dev\/wp-content\/uploads\/2022\/01\/sepelrastas_03_Korppoo_10_21-300x171.jpg 300w, https:\/\/jteblogi.sivustamo.dev\/wp-content\/uploads\/2022\/01\/sepelrastas_03_Korppoo_10_21.jpg 1050w\" sizes=\"auto, (max-width: 600px) 100vw, 600px\" \/><p id=\"caption-attachment-9878\" class=\"wp-caption-text\">SYKSYINEN SEPELRASTAS<\/p><\/div>\n<p>Y\u00f6muuttavia kaulushaikaroita havaittiin per\u00e4ti 4 yks 12-13.10. Hiirip\u00f6ll\u00f6 vieraili saaressa 13.10., 2 viiksitimalia 17-24.10., taviokuurna 28-30.10. sek\u00e4 koskikara 4.11.,12.11. ja 17-18.11. (eri lintuja?). Vuorihemppoja n\u00e4htiin 6-7 yks 13-14.11.<\/p>\n<div id=\"attachment_9879\" style=\"width: 610px\" class=\"wp-caption alignnone\"><img loading=\"lazy\" decoding=\"async\" aria-describedby=\"caption-attachment-9879\" class=\"size-large wp-image-9879\" src=\"https:\/\/jteblogi.sivustamo.dev\/wp-content\/uploads\/2022\/01\/viiksitimali_03_Korppoo_10_21-600x371.jpg\" alt=\"USEIMMMAT UT\u00d6SS\u00c4 N\u00c4HDYIST\u00c4 VIIKSITIMALEISTA ON L\u00d6YTYNYT IT\u00c4RANNALTA\" width=\"600\" height=\"371\" srcset=\"https:\/\/jteblogi.sivustamo.dev\/wp-content\/uploads\/2022\/01\/viiksitimali_03_Korppoo_10_21-600x371.jpg 600w, https:\/\/jteblogi.sivustamo.dev\/wp-content\/uploads\/2022\/01\/viiksitimali_03_Korppoo_10_21-300x186.jpg 300w, https:\/\/jteblogi.sivustamo.dev\/wp-content\/uploads\/2022\/01\/viiksitimali_03_Korppoo_10_21.jpg 1050w\" sizes=\"auto, (max-width: 600px) 100vw, 600px\" \/><p id=\"caption-attachment-9879\" class=\"wp-caption-text\">USEIMMMAT UT\u00d6SS\u00c4 N\u00c4HDYIST\u00c4 VIIKSITIMALEISTA ON L\u00d6YTYNYT IT\u00c4RANNALTA<\/p><\/div>\n<p>Aikaisia syysmuuttajia olivat mm. suosirri 23.6., lapinsirri 2.7., k\u00e4ki 9.7., pikkulokki 15.7., ruskosuohaukka 6.8., j\u00e4nk\u00e4kurppa 16.9. ja merisirri 26.9.<\/p>\n<div id=\"attachment_9880\" style=\"width: 610px\" class=\"wp-caption alignnone\"><img loading=\"lazy\" decoding=\"async\" aria-describedby=\"caption-attachment-9880\" class=\"size-large wp-image-9880\" src=\"https:\/\/jteblogi.sivustamo.dev\/wp-content\/uploads\/2022\/01\/hiirip\u00f6ll\u00f6_01_Korppoo_10_21-600x400.jpg\" alt=\"HIIRIP\u00d6LL\u00d6 ON N\u00c4HTY L\u00c4HES VUOSITTAIN\" width=\"600\" height=\"400\" srcset=\"https:\/\/jteblogi.sivustamo.dev\/wp-content\/uploads\/2022\/01\/hiirip\u00f6ll\u00f6_01_Korppoo_10_21-600x400.jpg 600w, https:\/\/jteblogi.sivustamo.dev\/wp-content\/uploads\/2022\/01\/hiirip\u00f6ll\u00f6_01_Korppoo_10_21-300x200.jpg 300w, https:\/\/jteblogi.sivustamo.dev\/wp-content\/uploads\/2022\/01\/hiirip\u00f6ll\u00f6_01_Korppoo_10_21.jpg 1050w\" sizes=\"auto, (max-width: 600px) 100vw, 600px\" \/><p id=\"caption-attachment-9880\" class=\"wp-caption-text\">HIIRIP\u00d6LL\u00d6 ON N\u00c4HTY L\u00c4HES VUOSITTAIN<\/p><\/div>\n<p>My\u00f6h\u00e4isi\u00e4 syysmuuttajia olivat mm. kultarinta 21.9., k\u00e4ki 20.9., kehr\u00e4\u00e4j\u00e4 22.9., mehil\u00e4ishaukka 5.10., kalas\u00e4\u00e4ski 8.10., rantasipi 9.10., lapinkirvinen 11.10., pensastasku 12.10, pikkusieppo 12.10., lehtokerttu 13.10., kivitasku 21.10., hernekerttu 31.10., lapinsirkku 5.11., sinisuohaukka 16.12., hiirihaukka 26.12., harmaasorsa 31.12., kulorastas 31.12. ja luotokirvinen 31.12.<\/p>\n<p>Talvehtimista yritt\u00e4vist\u00e4 n\u00e4rhist\u00e4 viimeinen n\u00e4htiin viel\u00e4 31.12.<\/p>\n<div id=\"attachment_9881\" style=\"width: 610px\" class=\"wp-caption alignnone\"><img loading=\"lazy\" decoding=\"async\" aria-describedby=\"caption-attachment-9881\" class=\"size-large wp-image-9881\" src=\"https:\/\/jteblogi.sivustamo.dev\/wp-content\/uploads\/2022\/01\/varpushaukka_12_Korppoo_08_21-600x400.jpg\" alt=\"VARPUSHAUKKAMUUTTO OLI ERITYISEN RUNSASTA SYKSYLL\u00c4 2021\" width=\"600\" height=\"400\" srcset=\"https:\/\/jteblogi.sivustamo.dev\/wp-content\/uploads\/2022\/01\/varpushaukka_12_Korppoo_08_21-600x400.jpg 600w, https:\/\/jteblogi.sivustamo.dev\/wp-content\/uploads\/2022\/01\/varpushaukka_12_Korppoo_08_21-300x200.jpg 300w, https:\/\/jteblogi.sivustamo.dev\/wp-content\/uploads\/2022\/01\/varpushaukka_12_Korppoo_08_21.jpg 1050w\" sizes=\"auto, (max-width: 600px) 100vw, 600px\" \/><p id=\"caption-attachment-9881\" class=\"wp-caption-text\">VARPUSHAUKKAMUUTTO OLI ERITYISEN RUNSASTA SYKSYLL\u00c4 2021<\/p><\/div>\n<p>&nbsp;<\/p>\n<p><em>Harvinaisuudet<\/em>: (ARK\/RK-hyv\u00e4ksytyt)<\/p>\n<p><strong>Pikkutiira<\/strong> 20.7. 1 ad p<\/p>\n<p><strong>Haarahaukka<\/strong> 6.8. 1 m, 2.9. 1 ad m<\/p>\n<div id=\"attachment_9882\" style=\"width: 610px\" class=\"wp-caption alignnone\"><img loading=\"lazy\" decoding=\"async\" aria-describedby=\"caption-attachment-9882\" class=\"size-large wp-image-9882\" src=\"https:\/\/jteblogi.sivustamo.dev\/wp-content\/uploads\/2022\/01\/haarahaukka_02_Korppoo_09_21-600x343.jpg\" alt=\"HAARAHAUKKOJEN SUHTEEN VUOSI OLI EP\u00c4TAVALLISEN HYV\u00c4 - KAIKKIAAN 7 YKSIL\u00d6\u00c4\" width=\"600\" height=\"343\" srcset=\"https:\/\/jteblogi.sivustamo.dev\/wp-content\/uploads\/2022\/01\/haarahaukka_02_Korppoo_09_21-600x343.jpg 600w, https:\/\/jteblogi.sivustamo.dev\/wp-content\/uploads\/2022\/01\/haarahaukka_02_Korppoo_09_21-300x171.jpg 300w, https:\/\/jteblogi.sivustamo.dev\/wp-content\/uploads\/2022\/01\/haarahaukka_02_Korppoo_09_21.jpg 1050w\" sizes=\"auto, (max-width: 600px) 100vw, 600px\" \/><p id=\"caption-attachment-9882\" class=\"wp-caption-text\">HAARAHAUKKOJEN SUHTEEN VUOSI OLI EP\u00c4TAVALLISEN HYV\u00c4 &#8211; KAIKKIAAN 7 YKSIL\u00d6\u00c4<\/p><\/div>\n<p><strong>Arosuohaukka<\/strong> 25.8. 1kv p, 28.8. 1kv p, 29.8. 1kv m, 30.8. 1kv m, 28-29.9. 1kv p<\/p>\n<p><strong>Hein\u00e4kurppa<\/strong> 6.9. 1 p<\/p>\n<p><strong>Taigauunilintu<\/strong> 22.9. 1 p, 24.9. 3 p, 4.10. 1 p, 5.10 1 p, 7-8.10. 1 p, 10.10. 1 p<\/p>\n<div id=\"attachment_9883\" style=\"width: 610px\" class=\"wp-caption alignnone\"><img loading=\"lazy\" decoding=\"async\" aria-describedby=\"caption-attachment-9883\" class=\"size-large wp-image-9883\" src=\"https:\/\/jteblogi.sivustamo.dev\/wp-content\/uploads\/2022\/01\/taigauunilintu_01_Korppoo_10_21-600x371.jpg\" alt=\"TAIGAUUNILINTUJA OLI TAVANOMAISTA NIUKEMMIN\" width=\"600\" height=\"371\" srcset=\"https:\/\/jteblogi.sivustamo.dev\/wp-content\/uploads\/2022\/01\/taigauunilintu_01_Korppoo_10_21-600x371.jpg 600w, https:\/\/jteblogi.sivustamo.dev\/wp-content\/uploads\/2022\/01\/taigauunilintu_01_Korppoo_10_21-300x186.jpg 300w, https:\/\/jteblogi.sivustamo.dev\/wp-content\/uploads\/2022\/01\/taigauunilintu_01_Korppoo_10_21.jpg 1050w\" sizes=\"auto, (max-width: 600px) 100vw, 600px\" \/><p id=\"caption-attachment-9883\" class=\"wp-caption-text\">TAIGAUUNILINTUJA OLI TAVANOMAISTA NIUKEMMIN<\/p><\/div>\n<p><strong>Sinipyrst\u00f6<\/strong> 22.9. 1 n-puk p, 2.10. 1 n-puk p, 12.10. 1 n-puk p<\/p>\n<p><strong>Jalohaikara<\/strong> 24.9. 1 p, 27.9. 1 m<\/p>\n<p><strong>Pikkusirkku<\/strong> 24.9. 2 p<\/p>\n<p><strong>Isokirvinen<\/strong> 2-12.10. 1 p\/m, 18-19.10. 1 p<\/p>\n<p><strong>Tulip\u00e4\u00e4hippi\u00e4inen<\/strong> 3-11.10. 1 p, 21-23.10. 1 p, 2.11. 1n p, 3.11. 1k p<\/p>\n<div id=\"attachment_9884\" style=\"width: 610px\" class=\"wp-caption alignnone\"><img loading=\"lazy\" decoding=\"async\" aria-describedby=\"caption-attachment-9884\" class=\"size-large wp-image-9884\" src=\"https:\/\/jteblogi.sivustamo.dev\/wp-content\/uploads\/2022\/01\/tulip\u00e4\u00e4hippi\u00e4inen_12_Korppoo_11_21-600x371.jpg\" alt=\"TULIP\u00c4\u00c4HIPPI\u00c4ISI\u00c4 OLI ENN\u00c4TYSM\u00c4\u00c4R\u00c4\" width=\"600\" height=\"371\" srcset=\"https:\/\/jteblogi.sivustamo.dev\/wp-content\/uploads\/2022\/01\/tulip\u00e4\u00e4hippi\u00e4inen_12_Korppoo_11_21-600x371.jpg 600w, https:\/\/jteblogi.sivustamo.dev\/wp-content\/uploads\/2022\/01\/tulip\u00e4\u00e4hippi\u00e4inen_12_Korppoo_11_21-300x186.jpg 300w, https:\/\/jteblogi.sivustamo.dev\/wp-content\/uploads\/2022\/01\/tulip\u00e4\u00e4hippi\u00e4inen_12_Korppoo_11_21.jpg 1050w\" sizes=\"auto, (max-width: 600px) 100vw, 600px\" \/><p id=\"caption-attachment-9884\" class=\"wp-caption-text\">TULIP\u00c4\u00c4HIPPI\u00c4ISI\u00c4 OLI ENN\u00c4TYSM\u00c4\u00c4R\u00c4<\/p><\/div>\n<p><strong>Virtav\u00e4st\u00e4r\u00e4kki<\/strong> 13.10. 1 m, 21.10. 1 kiert<\/p>\n<p><strong>Leve\u00e4pyrst\u00f6kihu<\/strong> 15.10. +1kv m<\/p>\n<p><strong>Mustakurkkurautiainen<\/strong> 19.10. 1 p<\/p>\n<p><strong>Pikkukajava<\/strong> 22.10. 1kv m<\/p>\n<p><strong>Isolokki<\/strong> 9.11. 1kv p<\/p>\n<div id=\"attachment_9885\" style=\"width: 610px\" class=\"wp-caption alignnone\"><img loading=\"lazy\" decoding=\"async\" aria-describedby=\"caption-attachment-9885\" class=\"size-large wp-image-9885\" src=\"https:\/\/jteblogi.sivustamo.dev\/wp-content\/uploads\/2022\/01\/isolokki_leo_lindroos-kopio-600x400.jpg\" alt=\"ISOLOKKI OLI YLL\u00c4TYS, KOVIN HARVINAINEN NYKY\u00c4\u00c4N T\u00c4\u00c4LL\u00c4 ETEL\u00c4SS\u00c4 (Kuva: Leo Lindroos)\" width=\"600\" height=\"400\" srcset=\"https:\/\/jteblogi.sivustamo.dev\/wp-content\/uploads\/2022\/01\/isolokki_leo_lindroos-kopio-600x400.jpg 600w, https:\/\/jteblogi.sivustamo.dev\/wp-content\/uploads\/2022\/01\/isolokki_leo_lindroos-kopio-300x200.jpg 300w, https:\/\/jteblogi.sivustamo.dev\/wp-content\/uploads\/2022\/01\/isolokki_leo_lindroos-kopio.jpg 1050w\" sizes=\"auto, (max-width: 600px) 100vw, 600px\" \/><p id=\"caption-attachment-9885\" class=\"wp-caption-text\">ISOLOKKI OLI YLL\u00c4TYS, KOVIN HARVINAINEN NYKY\u00c4\u00c4N T\u00c4\u00c4LL\u00c4 ETEL\u00c4SS\u00c4 (Kuva: Leo Lindroos)<\/p><\/div>\n<p>Vuoden lajim\u00e4\u00e4r\u00e4ksi saaressa tuli <strong>215<\/strong>, joka on hieman keskiarvon alapuolella. Ut\u00f6lle uutena lajina (no 306) havaittiin <strong>mustakurkkurautiainen<\/strong>. Eniten havaintop\u00e4ivi\u00e4 kes\u00e4ll\u00e4 ja syyskaudella kertyi allekirjoittaneen lis\u00e4ksi Kimmo Kuusistolle, Jussi Jauhiaiselle ja Ismo Hyv\u00e4riselle.<\/p>\n<div id=\"attachment_9886\" style=\"width: 610px\" class=\"wp-caption alignnone\"><img loading=\"lazy\" decoding=\"async\" aria-describedby=\"caption-attachment-9886\" class=\"size-large wp-image-9886\" src=\"https:\/\/jteblogi.sivustamo.dev\/wp-content\/uploads\/2022\/01\/aallot_01_Korppoo_10_21-600x400.jpg\" alt=\"SYKSY TUNTUI TAVANOMAISTA TUULISEMMALTA\" width=\"600\" height=\"400\" srcset=\"https:\/\/jteblogi.sivustamo.dev\/wp-content\/uploads\/2022\/01\/aallot_01_Korppoo_10_21-600x400.jpg 600w, https:\/\/jteblogi.sivustamo.dev\/wp-content\/uploads\/2022\/01\/aallot_01_Korppoo_10_21-300x200.jpg 300w, https:\/\/jteblogi.sivustamo.dev\/wp-content\/uploads\/2022\/01\/aallot_01_Korppoo_10_21.jpg 1050w\" sizes=\"auto, (max-width: 600px) 100vw, 600px\" \/><p id=\"caption-attachment-9886\" class=\"wp-caption-text\">SYKSY TUNTUI TAVANOMAISTA TUULISEMMALTA<\/p><\/div>\n<p>&nbsp;<\/p>\n","protected":false},"excerpt":{"rendered":"<p>Kes\u00e4 ja alkusyksy olivat kauniita ja l\u00e4mpimi\u00e4, mutta varsinainen syysaika oli varsin sateinen ja kovat l\u00e4nnenpuoleiset tuulet vallitsivat pitk\u00e4\u00e4n. Pakkasta tuli harvinaisen varhain\u00a0jo joulukuun alkupuolella vaikuttaen v\u00e4hent\u00e4v\u00e4sti talvehtimaan j\u00e4\u00e4vien lintujen m\u00e4\u00e4riin. Korona-ajan takia kotimaan matkailu oli j\u00e4lleen vilkasta, Ut\u00f6ss\u00e4 k\u00e4vi &hellip; <a href=\"https:\/\/jteblogi.sivustamo.dev\/?p=9875\">Lue loppuun <span class=\"meta-nav\">&rarr;<\/span><\/a><\/p>\n","protected":false},"author":3,"featured_media":0,"comment_status":"closed","ping_status":"open","sticky":false,"template":"","format":"standard","meta":{"footnotes":""},"categories":[1,3],"tags":[],"class_list":["post-9875","post","type-post","status-publish","format-standard","hentry","category-ajankohtaista-linturetkilta","category-digikuvia-luonnosta"],"_links":{"self":[{"href":"https:\/\/jteblogi.sivustamo.dev\/index.php?rest_route=\/wp\/v2\/posts\/9875","targetHints":{"allow":["GET"]}}],"collection":[{"href":"https:\/\/jteblogi.sivustamo.dev\/index.php?rest_route=\/wp\/v2\/posts"}],"about":[{"href":"https:\/\/jteblogi.sivustamo.dev\/index.php?rest_route=\/wp\/v2\/types\/post"}],"author":[{"embeddable":true,"href":"https:\/\/jteblogi.sivustamo.dev\/index.php?rest_route=\/wp\/v2\/users\/3"}],"replies":[{"embeddable":true,"href":"https:\/\/jteblogi.sivustamo.dev\/index.php?rest_route=%2Fwp%2Fv2%2Fcomments&post=9875"}],"version-history":[{"count":2,"href":"https:\/\/jteblogi.sivustamo.dev\/index.php?rest_route=\/wp\/v2\/posts\/9875\/revisions"}],"predecessor-version":[{"id":9888,"href":"https:\/\/jteblogi.sivustamo.dev\/index.php?rest_route=\/wp\/v2\/posts\/9875\/revisions\/9888"}],"wp:attachment":[{"href":"https:\/\/jteblogi.sivustamo.dev\/index.php?rest_route=%2Fwp%2Fv2%2Fmedia&parent=9875"}],"wp:term":[{"taxonomy":"category","embeddable":true,"href":"https:\/\/jteblogi.sivustamo.dev\/index.php?rest_route=%2Fwp%2Fv2%2Fcategories&post=9875"},{"taxonomy":"post_tag","embeddable":true,"href":"https:\/\/jteblogi.sivustamo.dev\/index.php?rest_route=%2Fwp%2Fv2%2Ftags&post=9875"}],"curies":[{"name":"wp","href":"https:\/\/api.w.org\/{rel}","templated":true}]}}